{"id":304674,"date":"2024-07-10T10:12:46","date_gmt":"2024-07-10T07:12:46","guid":{"rendered":"https:\/\/sana.sy\/tr\/?p=304674"},"modified":"2024-07-12T08:48:00","modified_gmt":"2024-07-12T05:48:00","slug":"aksa-tufani-operasyonu-bugunun-en-one-cikan-gelismeleri-190","status":"publish","type":"post","link":"https:\/\/archive.sana.sy\/tr\/?p=304674","title":{"rendered":"Aksa Tufan\u0131 Operasyonu\u2026 Bug\u00fcn\u00fcn En \u00d6ne \u00c7\u0131kan Geli\u015fmeleri"},"content":{"rendered":"<p style=\"text-align: justify;\"><strong>\u0130\u015eGAL ED\u0130LEN KUD\u00dcS (SANA) \u2013<\/strong> Filistinli direni\u015finin i\u015fgalci \u0130srail&#8217;\u0131n sald\u0131rganl\u0131klar\u0131na yan\u0131t olarak 7 Ekim\u2019de ba\u015flatt\u0131\u011f\u0131 Aksa Tufan\u0131 Operasyonu\u2019nda \u00f6ne \u00e7\u0131kan geli\u015fmeler:<\/p>\n<ul>\n<li style=\"text-align: justify;\">Filistin Ulusal Konseyi, uluslararas\u0131 topluma soyk\u0131r\u0131m sava\u015f\u0131n\u0131n durdurulmas\u0131 i\u00e7in ciddi ad\u0131mlar atmas\u0131 \u00e7a\u011fr\u0131s\u0131nda bulundu.<\/li>\n<li style=\"text-align: justify;\">Filistin direni\u015fi, Gazze \u015eehri&#8217;nin Tel El Hava mahallesinde kurdu\u011fu pusuda \u0130srail i\u015fgal g\u00fcc\u00fc \u00fcyelerini \u00f6ld\u00fcrd\u00fc ve yaralad\u0131.<\/li>\n<li style=\"text-align: justify;\">Filistin medyas\u0131: \u0130srail i\u015fgalinin Gazze \u015eeridi&#8217;nin g\u00fcneyindeki Refah \u015fehrinin bat\u0131s\u0131ndaki Tel Al-Sultan mahallesini bombalamas\u0131 sonucu bir \u015fehit ve \u00e7ok say\u0131da yaral\u0131.<\/li>\n<li style=\"text-align: justify;\">Filistin direni\u015fi, Gazze \u015fehrinin do\u011fusundaki El \u015eucaiye semtindeki El Mantar b\u00f6lgesi civar\u0131nda \u0130srail d\u00fc\u015fman askerleri ve ara\u00e7lar\u0131ndan olu\u015fan bir toplant\u0131y\u0131 havan toplar\u0131yla hedef ald\u0131.<\/li>\n<li style=\"text-align: justify;\">Filistin direni\u015f hedefleri, d\u00fc\u015fman \u0130srail&#8217;in Gazze \u015fehrinin bat\u0131s\u0131ndaki Tel El Hava mahallesindeki yo\u011funla\u015fmalar\u0131n\u0131 havan toplar\u0131yla bombalad\u0131.<\/li>\n<li style=\"text-align: justify;\">Filistin direni\u015fi, Gazze \u015eehri&#8217;nin Tel El Hava semtinde \u0130srail i\u015fgaline ait 3 askeri arac\u0131n \u00f6nceden yerle\u015ftirdi\u011fi cihazlarla patlat\u0131lad\u0131.<\/li>\n<li style=\"text-align: justify;\">Filistin medyas\u0131: \u0130srail&#8217;in Gazze \u015eeridi&#8217;nin merkezindeki Bureij kamp\u0131n\u0131 i\u015fgal etmesi sonucu \u015fehitler ve yaral\u0131lar.<\/li>\n<li>\n<p style=\"text-align: justify;\">\u00a0\u0130srail&#8217;in Gazze \u015eeridi&#8217;ne y\u00f6nelik sald\u0131r\u0131s\u0131n\u0131n 278&#8217;inci g\u00fcn\u00fcnde onlarca Filistinli \u00f6ld\u00fcr\u00fcld\u00fc ve yaraland\u0131.<\/p>\n<\/li>\n<\/ul>\n<p style=\"text-align: center;\"><strong><a href=\"https:\/\/t.me\/SuriyeArapHaberAjansI\">Telegram Kanal\u0131m\u0131z\u00a0<\/a>||<a href=\"https:\/\/twitter.com\/arap_ajans\">X Platformumuz\u00a0<\/a>||<a href=\"https:\/\/www.facebook.com\/SANAHaberAjansi\/\">Facebook Sayfam\u0131z<\/a><\/strong><\/p>\n","protected":false},"excerpt":{"rendered":"<p>\u0130\u015eGAL ED\u0130LEN KUD\u00dcS (SANA) \u2013 Filistinli direni\u015finin i\u015fgalci \u0130srail&#8217;\u0131n sald\u0131rganl\u0131klar\u0131na yan\u0131t olarak 7 Ekim\u2019de ba\u015flatt\u0131\u011f\u0131 Aksa Tufan\u0131 Operasyonu\u2019nda \u00f6ne \u00e7\u0131kan geli\u015fmeler: Filistin Ulusal Konseyi, uluslararas\u0131 topluma soyk\u0131r\u0131m sava\u015f\u0131n\u0131n durdurulmas\u0131 i\u00e7in ciddi ad\u0131mlar atmas\u0131 \u00e7a\u011fr\u0131s\u0131nda bulundu. Filistin direni\u015fi, Gazze \u015eehri&#8217;nin Tel El Hava mahallesinde kurdu\u011fu pusuda \u0130srail i\u015fgal g\u00fcc\u00fc \u00fcyelerini \u00f6ld\u00fcrd\u00fc ve yaralad\u0131. Filistin medyas\u0131: \u0130srail &hellip;<\/p>\n","protected":false},"author":36,"featured_media":304675,"comment_status":"closed","ping_status":"closed","sticky":false,"template":"","format":"standard","meta":{"footnotes":""},"categories":[458,459,17988],"tags":[],"class_list":["post-304674","post","type-post","status-publish","format-standard","has-post-thumbnail","","category-dunya1","category-haberler-arap-uluslararasi-politika","category-son-haberler"],"_links":{"self":[{"href":"https:\/\/archive.sana.sy\/tr\/index.php?rest_route=\/wp\/v2\/posts\/304674","targetHints":{"allow":["GET"]}}],"collection":[{"href":"https:\/\/archive.sana.sy\/tr\/index.php?rest_route=\/wp\/v2\/posts"}],"about":[{"href":"https:\/\/archive.sana.sy\/tr\/index.php?rest_route=\/wp\/v2\/types\/post"}],"author":[{"embeddable":true,"href":"https:\/\/archive.sana.sy\/tr\/index.php?rest_route=\/wp\/v2\/users\/36"}],"replies":[{"embeddable":true,"href":"https:\/\/archive.sana.sy\/tr\/index.php?rest_route=%2Fwp%2Fv2%2Fcomments&post=304674"}],"version-history":[{"count":3,"href":"https:\/\/archive.sana.sy\/tr\/index.php?rest_route=\/wp\/v2\/posts\/304674\/revisions"}],"predecessor-version":[{"id":304688,"href":"https:\/\/archive.sana.sy\/tr\/index.php?rest_route=\/wp\/v2\/posts\/304674\/revisions\/304688"}],"wp:featuredmedia":[{"embeddable":true,"href":"https:\/\/archive.sana.sy\/tr\/index.php?rest_route=\/wp\/v2\/media\/304675"}],"wp:attachment":[{"href":"https:\/\/archive.sana.sy\/tr\/index.php?rest_route=%2Fwp%2Fv2%2Fmedia&parent=304674"}],"wp:term":[{"taxonomy":"category","embeddable":true,"href":"https:\/\/archive.sana.sy\/tr\/index.php?rest_route=%2Fwp%2Fv2%2Fcategories&post=304674"},{"taxonomy":"post_tag","embeddable":true,"href":"https:\/\/archive.sana.sy\/tr\/index.php?rest_route=%2Fwp%2Fv2%2Ftags&post=304674"}],"curies":[{"name":"wp","href":"https:\/\/api.w.org\/{rel}","templated":true}]}}