{"id":304678,"date":"2024-07-10T10:22:43","date_gmt":"2024-07-10T07:22:43","guid":{"rendered":"https:\/\/sana.sy\/tr\/?p=304678"},"modified":"2024-07-12T08:48:04","modified_gmt":"2024-07-12T05:48:04","slug":"saglik-bakani-kamisli-ulusal-hastanesinde-yeni-ve-rehabilite-edilmis-ozel-bolumler-acti","status":"publish","type":"post","link":"https:\/\/archive.sana.sy\/tr\/?p=304678","title":{"rendered":"Sa\u011fl\u0131k Bakan\u0131, Kam\u0131\u015fl\u0131 Ulusal Hastanesi&#8217;nde Yeni ve Rehabilite Edilmi\u015f \u00d6zel B\u00f6l\u00fcmler A\u00e7t\u0131"},"content":{"rendered":"<p style=\"text-align: justify;\"><strong>KAMI\u015eLI (SANA) \u2013 <\/strong>Bug\u00fcn, Sa\u011fl\u0131k Bakan\u0131 Dr. Hasan Gabba\u015f, Kam\u0131\u015fl\u0131 Hastanesi Genel M\u00fcd\u00fcrl\u00fc\u011f\u00fc&#8217;nde yan\u0131klar, protez uzuvlar ve rehabilitasyon sonras\u0131 di\u011fer b\u00f6l\u00fcmler de dahil olmak \u00fczere bir dizi yeni uzmanla\u015fm\u0131\u015f b\u00f6l\u00fcm\u00fcn a\u00e7\u0131l\u0131\u015f\u0131n\u0131 yapt\u0131.<\/p>\n<p style=\"text-align: justify;\"><img loading=\"lazy\" decoding=\"async\" class=\"size-full wp-image-304702 alignright\" src=\"http:\/\/sana.sy\/tr\/wp-content\/uploads\/2024\/07\/10-3-300x178-1.jpg\" alt=\"\" width=\"300\" height=\"178\" \/>Sa\u011fl\u0131k Bakan\u0131 bir bas\u0131n a\u00e7\u0131klamas\u0131nda, bu dairelerin a\u00e7\u0131l\u0131\u015f\u0131n\u0131n, Bakanl\u0131\u011f\u0131n \u00e7e\u015fitli valiliklerdeki kurumlar\u0131 arac\u0131l\u0131\u011f\u0131yla sa\u011fl\u0131k hizmetleri sa\u011flamaya ve vatanda\u015flara y\u00f6nelik soru\u015fturma, tedavi ve koruyucu t\u0131bbi hizmetleri geli\u015ftirmeye y\u00f6nelik devam eden \u00e7al\u0131\u015fmalar\u0131 \u00e7er\u00e7evesinde ger\u00e7ekle\u015fti\u011fini do\u011frulad\u0131.<\/p>\n<p style=\"text-align: justify;\">Bakan Gabba\u015f, hastanenin acil servisine t\u00fcm v\u00fccudu g\u00f6r\u00fcnt\u00fcleyebilen, ileri teknoloji ve uygulamalarla donat\u0131lm\u0131\u015f yeni \u00e7ok kesitli bilgisayarl\u0131 tomografi makinesi ve modern kalitede manyetik rezonans cihaz\u0131n\u0131n sa\u011fland\u0131\u011f\u0131n\u0131 belirtti.<\/p>\n<p style=\"text-align: justify;\">Bakan Gabba\u015f ayr\u0131ca, Haseke Valili\u011fi&#8217;ndeki sa\u011fl\u0131k sekt\u00f6r\u00fc \u00e7al\u0131\u015fanlar\u0131n\u0131n \u00e7abalar\u0131na ve t\u00fcm zorluklara ve zorlu ko\u015fullara ra\u011fmen insani g\u00f6revlerini yerine getirmeye y\u00f6nelik s\u00fcrekli ba\u011fl\u0131l\u0131klar\u0131na \u00f6vg\u00fcde bulundu.<\/p>\n<p style=\"text-align: justify;\">Haseke Valisi Lyey Sayyuh ise Kam\u0131\u015fl\u0131 Ulusal Hastanesi&#8217;nin, valilik halk\u0131na ve genel olarak do\u011fu b\u00f6lgesi halk\u0131na hizmet veren, eksiksiz ve \u00fccretsiz hizmet veren \u00f6nemli bir sa\u011fl\u0131k tesisi oldu\u011funa dikkat \u00e7ekerek, valilikte sa\u011fl\u0131k sekt\u00f6r\u00fcn\u00fcn ve bundan sorumlu olanlar\u0131n g\u00f6sterdi\u011fi \u00e7aban\u0131n ve T\u00fcrk ve Amerikan i\u015fgallerinin varl\u0131\u011f\u0131 nedeniyle valili\u011fin kar\u015f\u0131la\u015ft\u0131\u011f\u0131 t\u00fcm zorluklara ra\u011fmen halka t\u0131bbi ve sa\u011fl\u0131k hizmetlerinin sunulmas\u0131n\u0131n \u00f6nemini vurgulad\u0131.<\/p>\n<p style=\"text-align: center;\"><strong><a href=\"https:\/\/t.me\/SuriyeArapHaberAjansI\">Telegram Kanal\u0131m\u0131z\u00a0<\/a>||<a href=\"https:\/\/twitter.com\/arap_ajans\">X Platformumuz\u00a0<\/a>||<a href=\"https:\/\/www.facebook.com\/SANAHaberAjansi\/\">Facebook Sayfam\u0131z<\/a><\/strong><\/p>\n","protected":false},"excerpt":{"rendered":"<p>KAMI\u015eLI (SANA) \u2013 Bug\u00fcn, Sa\u011fl\u0131k Bakan\u0131 Dr. Hasan Gabba\u015f, Kam\u0131\u015fl\u0131 Hastanesi Genel M\u00fcd\u00fcrl\u00fc\u011f\u00fc&#8217;nde yan\u0131klar, protez uzuvlar ve rehabilitasyon sonras\u0131 di\u011fer b\u00f6l\u00fcmler de dahil olmak \u00fczere bir dizi yeni uzmanla\u015fm\u0131\u015f b\u00f6l\u00fcm\u00fcn a\u00e7\u0131l\u0131\u015f\u0131n\u0131 yapt\u0131. Sa\u011fl\u0131k Bakan\u0131 bir bas\u0131n a\u00e7\u0131klamas\u0131nda, bu dairelerin a\u00e7\u0131l\u0131\u015f\u0131n\u0131n, Bakanl\u0131\u011f\u0131n \u00e7e\u015fitli valiliklerdeki kurumlar\u0131 arac\u0131l\u0131\u011f\u0131yla sa\u011fl\u0131k hizmetleri sa\u011flamaya ve vatanda\u015flara y\u00f6nelik soru\u015fturma, tedavi ve koruyucu &hellip;<\/p>\n","protected":false},"author":36,"featured_media":304679,"comment_status":"closed","ping_status":"closed","sticky":false,"template":"","format":"standard","meta":{"footnotes":""},"categories":[479,17988,478],"tags":[41918,4121],"class_list":["post-304678","post","type-post","status-publish","format-standard","has-post-thumbnail","","category-haberler-yerel","category-son-haberler","category-yerel","tag-kamisli-ulusal-hastanesinde-yeni-ve-rehabilite-edilmis-ozel-bolumler-acti","tag-saglik-bakani"],"_links":{"self":[{"href":"https:\/\/archive.sana.sy\/tr\/index.php?rest_route=\/wp\/v2\/posts\/304678","targetHints":{"allow":["GET"]}}],"collection":[{"href":"https:\/\/archive.sana.sy\/tr\/index.php?rest_route=\/wp\/v2\/posts"}],"about":[{"href":"https:\/\/archive.sana.sy\/tr\/index.php?rest_route=\/wp\/v2\/types\/post"}],"author":[{"embeddable":true,"href":"https:\/\/archive.sana.sy\/tr\/index.php?rest_route=\/wp\/v2\/users\/36"}],"replies":[{"embeddable":true,"href":"https:\/\/archive.sana.sy\/tr\/index.php?rest_route=%2Fwp%2Fv2%2Fcomments&post=304678"}],"version-history":[{"count":4,"href":"https:\/\/archive.sana.sy\/tr\/index.php?rest_route=\/wp\/v2\/posts\/304678\/revisions"}],"predecessor-version":[{"id":304703,"href":"https:\/\/archive.sana.sy\/tr\/index.php?rest_route=\/wp\/v2\/posts\/304678\/revisions\/304703"}],"wp:featuredmedia":[{"embeddable":true,"href":"https:\/\/archive.sana.sy\/tr\/index.php?rest_route=\/wp\/v2\/media\/304679"}],"wp:attachment":[{"href":"https:\/\/archive.sana.sy\/tr\/index.php?rest_route=%2Fwp%2Fv2%2Fmedia&parent=304678"}],"wp:term":[{"taxonomy":"category","embeddable":true,"href":"https:\/\/archive.sana.sy\/tr\/index.php?rest_route=%2Fwp%2Fv2%2Fcategories&post=304678"},{"taxonomy":"post_tag","embeddable":true,"href":"https:\/\/archive.sana.sy\/tr\/index.php?rest_route=%2Fwp%2Fv2%2Ftags&post=304678"}],"curies":[{"name":"wp","href":"https:\/\/api.w.org\/{rel}","templated":true}]}}