{"id":304689,"date":"2024-07-10T16:19:21","date_gmt":"2024-07-10T13:19:21","guid":{"rendered":"https:\/\/sana.sy\/tr\/?p=304689"},"modified":"2024-07-12T08:48:12","modified_gmt":"2024-07-12T05:48:12","slug":"gazze-seridinde-son-24-saatte-yasanan-isgal-katliamlari-sonucu-52-sehit","status":"publish","type":"post","link":"https:\/\/archive.sana.sy\/tr\/?p=304689","title":{"rendered":"Gazze \u015eeridi&#8217;nde Son 24 Saatte Ya\u015fanan \u0130\u015fgal Katliamlar\u0131 Sonucu 52 \u015eehit"},"content":{"rendered":"<p style=\"text-align: justify;\"><strong>\u0130\u015eGAL ED\u0130LEN KUD\u00dcS (SANA) &#8211;<\/strong>\u00a0 Filistin Sa\u011fl\u0131k Bakanl\u0131\u011f\u0131, \u0130srail i\u015fgalinin son 24 saat i\u00e7inde Gazze \u015eeridi&#8217;nde 4 katliam ger\u00e7ekle\u015ftirdi\u011fini, bunlar\u0131n 52&#8217;sinin \u015fehit, 208 yaral\u0131n\u0131n hastanelere ula\u015ft\u0131\u011f\u0131n\u0131 duyurdu.<\/p>\n<p style=\"text-align: justify;\">Bakanl\u0131k bug\u00fcn yapt\u0131\u011f\u0131 a\u00e7\u0131klamada, \u2018\u2019Gazze \u015eeridi&#8217;nde 278&#8217;inci g\u00fcn\u00fcnde devam eden i\u015fgal sald\u0131r\u0131s\u0131nda \u00f6lenlerin say\u0131s\u0131 38 bin 295 \u015fehit ve 88 bin 241 yaral\u0131ya y\u00fckseldi. Bu arada \u00e7ok say\u0131da yaral\u0131 h\u00e2l\u00e2 enkaz alt\u0131nda ve yollarda, ambulans ve sivil savunma ekipleri ise onlara ula\u015fam\u0131yor\u2019\u2019 dedi.<\/p>\n<p style=\"text-align: justify;\">\u00d6te yandan Filistin K\u0131z\u0131lay\u0131, Gazze&#8217;de mahsur kalan siviller i\u00e7in onlarca imdat \u00e7a\u011fr\u0131s\u0131 ald\u0131\u011f\u0131n\u0131, yollarda onlarca \u015fehit bulundu\u011funu bildirirken, \u00fcrettebatlar\u0131n\u0131n i\u015fgal taraf\u0131ndan \u015fiddet i\u00e7eren bombalamaya tan\u0131k olan alanlarda yaral\u0131lara ula\u015famad\u0131klar\u0131n\u0131 kaydetti.<\/p>\n<p style=\"text-align: center;\"><strong><a href=\"https:\/\/t.me\/SuriyeArapHaberAjansI\">Telegram Kanal\u0131m\u0131z\u00a0<\/a>||<a href=\"https:\/\/twitter.com\/arap_ajans\">X Platformumuz\u00a0<\/a>||<a href=\"https:\/\/www.facebook.com\/SANAHaberAjansi\/\">Facebook Sayfam\u0131z<\/a><\/strong><\/p>\n","protected":false},"excerpt":{"rendered":"<p>\u0130\u015eGAL ED\u0130LEN KUD\u00dcS (SANA) &#8211;\u00a0 Filistin Sa\u011fl\u0131k Bakanl\u0131\u011f\u0131, \u0130srail i\u015fgalinin son 24 saat i\u00e7inde Gazze \u015eeridi&#8217;nde 4 katliam ger\u00e7ekle\u015ftirdi\u011fini, bunlar\u0131n 52&#8217;sinin \u015fehit, 208 yaral\u0131n\u0131n hastanelere ula\u015ft\u0131\u011f\u0131n\u0131 duyurdu. Bakanl\u0131k bug\u00fcn yapt\u0131\u011f\u0131 a\u00e7\u0131klamada, \u2018\u2019Gazze \u015eeridi&#8217;nde 278&#8217;inci g\u00fcn\u00fcnde devam eden i\u015fgal sald\u0131r\u0131s\u0131nda \u00f6lenlerin say\u0131s\u0131 38 bin 295 \u015fehit ve 88 bin 241 yaral\u0131ya y\u00fckseldi. Bu arada \u00e7ok say\u0131da &hellip;<\/p>\n","protected":false},"author":41,"featured_media":304690,"comment_status":"closed","ping_status":"closed","sticky":false,"template":"","format":"standard","meta":{"footnotes":""},"categories":[458,459,17988],"tags":[41916],"class_list":["post-304689","post","type-post","status-publish","format-standard","has-post-thumbnail","","category-dunya1","category-haberler-arap-uluslararasi-politika","category-son-haberler","tag-gazze-seridinde-son-24-saatte-yasanan-isgal-katliamlari-sonucu-52-sehit"],"_links":{"self":[{"href":"https:\/\/archive.sana.sy\/tr\/index.php?rest_route=\/wp\/v2\/posts\/304689","targetHints":{"allow":["GET"]}}],"collection":[{"href":"https:\/\/archive.sana.sy\/tr\/index.php?rest_route=\/wp\/v2\/posts"}],"about":[{"href":"https:\/\/archive.sana.sy\/tr\/index.php?rest_route=\/wp\/v2\/types\/post"}],"author":[{"embeddable":true,"href":"https:\/\/archive.sana.sy\/tr\/index.php?rest_route=\/wp\/v2\/users\/41"}],"replies":[{"embeddable":true,"href":"https:\/\/archive.sana.sy\/tr\/index.php?rest_route=%2Fwp%2Fv2%2Fcomments&post=304689"}],"version-history":[{"count":1,"href":"https:\/\/archive.sana.sy\/tr\/index.php?rest_route=\/wp\/v2\/posts\/304689\/revisions"}],"predecessor-version":[{"id":304691,"href":"https:\/\/archive.sana.sy\/tr\/index.php?rest_route=\/wp\/v2\/posts\/304689\/revisions\/304691"}],"wp:featuredmedia":[{"embeddable":true,"href":"https:\/\/archive.sana.sy\/tr\/index.php?rest_route=\/wp\/v2\/media\/304690"}],"wp:attachment":[{"href":"https:\/\/archive.sana.sy\/tr\/index.php?rest_route=%2Fwp%2Fv2%2Fmedia&parent=304689"}],"wp:term":[{"taxonomy":"category","embeddable":true,"href":"https:\/\/archive.sana.sy\/tr\/index.php?rest_route=%2Fwp%2Fv2%2Fcategories&post=304689"},{"taxonomy":"post_tag","embeddable":true,"href":"https:\/\/archive.sana.sy\/tr\/index.php?rest_route=%2Fwp%2Fv2%2Ftags&post=304689"}],"curies":[{"name":"wp","href":"https:\/\/api.w.org\/{rel}","templated":true}]}}