{"id":304692,"date":"2024-07-10T16:33:19","date_gmt":"2024-07-10T13:33:19","guid":{"rendered":"https:\/\/sana.sy\/tr\/?p=304692"},"modified":"2024-07-12T08:48:14","modified_gmt":"2024-07-12T05:48:14","slug":"enformasyon-bakani-iranin-sam-buyukelcisi-ile-ortak-medya-isbirligini-ve-bunu-gelistirmenin-yollarini-gorustu","status":"publish","type":"post","link":"https:\/\/archive.sana.sy\/tr\/?p=304692","title":{"rendered":"Enformasyon Bakan\u0131, \u0130ran&#8217;\u0131n \u015eam B\u00fcy\u00fckel\u00e7isi \u0130le Ortak Medya \u0130\u015fbirli\u011fini Ve Bunu Geli\u015ftirmenin Yollar\u0131n\u0131 G\u00f6r\u00fc\u015ft\u00fc"},"content":{"rendered":"<p style=\"text-align: justify;\"><strong>\u015eAM (SANA)<\/strong> &#8211; Enformasyon Bakan\u0131 Butrus Hallak, \u0130ran \u0130slam Cumhuriyeti&#8217;nin Suriye B\u00fcy\u00fckel\u00e7isi H\u00fcseyin Akbari ile iki \u00fclke aras\u0131nda \u00f6zellikle medya alan\u0131nda ikili ili\u015fkiler ve geli\u015ftirme yollar\u0131n\u0131 de\u011ferlendirdi.<\/p>\n<p style=\"text-align: justify;\">G\u00f6r\u00fc\u015fmede iki taraf, iki \u00fclke aras\u0131nda g\u00fc\u00e7l\u00fc temellere ve ilkelere dayanan g\u00fc\u00e7l\u00fc ili\u015fkilere vurgu yapt\u0131.<\/p>\n<p style=\"text-align: justify;\">Bakan Hallak, Suriye ile \u0130ran aras\u0131ndaki ili\u015fkilerin g\u00fc\u00e7l\u00fc oldu\u011funu ve iki halk\u0131 birbirine ba\u011flayan ahlaki ve insani de\u011ferlere dayand\u0131\u011f\u0131n\u0131 anlatarak, medyan\u0131n siyasi ili\u015fkilere ayak uydurmas\u0131 gerekti\u011fini anlatt\u0131.<\/p>\n<p style=\"text-align: justify;\">Enformasyon Bakan\u0131, direni\u015fi hedeflemenin belirli bir \u00fclkeyi hedeflemek de\u011fil, kapsaml\u0131 bir hedefleme oldu\u011funa <img loading=\"lazy\" decoding=\"async\" class=\"size-full wp-image-304694 alignright\" src=\"http:\/\/sana.sy\/tr\/wp-content\/uploads\/2024\/07\/WAS7787-300x180-1.jpg\" alt=\"\" width=\"300\" height=\"180\" \/>dikkat \u00e7ekerken, iki \u00fclkeye y\u00f6nelik d\u00fc\u015fmanca kampanyalara kar\u015f\u0131 koymak i\u00e7in Suriye ve \u0130ran medya kurulu\u015flar\u0131 aras\u0131nda geni\u015f bir koordinasyon bulundu\u011funu do\u011frulad\u0131.<\/p>\n<p style=\"text-align: justify;\">Enformasyon Bakan\u0131 ayr\u0131ca, iki \u00fclke aras\u0131ndaki i\u015fbirli\u011finin y\u00f6nlerini takip etmek i\u00e7in ortak bir \u00e7al\u0131\u015fma ekibi olu\u015fturman\u0131n yan\u0131 s\u0131ra, ortak medya konular\u0131n\u0131n tart\u0131\u015f\u0131ld\u0131\u011f\u0131 ortak medya projeleri, seminerler ve konferanslar olu\u015fturulmas\u0131n\u0131n gereklili\u011fini vurgulad\u0131.<\/p>\n<p style=\"text-align: justify;\">\u0130ran b\u00fcy\u00fckel\u00e7isi ise \u015funlar\u0131 s\u00f6yledi: \u2018\u2019Medya, iki \u00fclke ve halklar aras\u0131ndaki ili\u015fkilerin g\u00fc\u00e7lendirilmesinde \u00f6nemli bir role sahip olup, siyasi, ekonomik ve k\u00fclt\u00fcrel ili\u015fkiler ba\u011flar\u0131n\u0131n g\u00fc\u00e7lendirilmesi her d\u00fczeyde koordinasyonu gerektirmektedir.\u2019\u2019<\/p>\n<p style=\"text-align: justify;\">B\u00fcy\u00fckel\u00e7i Akbari, Filistin meselesinin iki \u00fclke i\u00e7in yeni ufuklar a\u00e7t\u0131\u011f\u0131n\u0131, bug\u00fcn d\u00fcnyada pek \u00e7ok ki\u015finin Suriye ve \u0130ran&#8217;\u0131n tutumunun en do\u011fru oldu\u011funu bildi\u011fini vurgulad\u0131.<\/p>\n<p style=\"text-align: justify;\">\u0130ran b\u00fcy\u00fckel\u00e7isi, direni\u015f ekseninin, \u00e7\u0131karlar\u0131m\u0131z\u0131, haklar\u0131m\u0131z\u0131 ve ger\u00e7e\u011fe dayal\u0131 pozisyonlar\u0131m\u0131z\u0131 savunmak i\u00e7in medya d\u00fczeyinde birle\u015fik bir cephe olu\u015fturmak amac\u0131yla medya yeteneklerini bir araya toplamak i\u00e7in \u00e7al\u0131\u015fmas\u0131 gerekti\u011fini de belirtti.<\/p>\n<div id='gallery-1' class='gallery galleryid-304692 gallery-columns-2 gallery-size-large'><figure class='gallery-item'>\n\t\t\t<div class='gallery-icon landscape'>\n\t\t\t\t<a href='https:\/\/archive.sana.sy\/tr\/?attachment_id=304695'><img loading=\"lazy\" decoding=\"async\" width=\"618\" height=\"399\" src=\"https:\/\/archive.sana.sy\/tr\/wp-content\/uploads\/2024\/07\/WAS7802.jpg\" class=\"attachment-large size-large\" alt=\"\" srcset=\"https:\/\/archive.sana.sy\/tr\/wp-content\/uploads\/2024\/07\/WAS7802.jpg 660w, https:\/\/archive.sana.sy\/tr\/wp-content\/uploads\/2024\/07\/WAS7802-300x194.jpg 300w\" sizes=\"auto, (max-width: 618px) 100vw, 618px\" \/><\/a>\n\t\t\t<\/div><\/figure><figure class='gallery-item'>\n\t\t\t<div class='gallery-icon landscape'>\n\t\t\t\t<a href='https:\/\/archive.sana.sy\/tr\/?attachment_id=304696'><img loading=\"lazy\" decoding=\"async\" width=\"618\" height=\"390\" src=\"https:\/\/archive.sana.sy\/tr\/wp-content\/uploads\/2024\/07\/11.jpg\" class=\"attachment-large size-large\" alt=\"\" srcset=\"https:\/\/archive.sana.sy\/tr\/wp-content\/uploads\/2024\/07\/11.jpg 660w, https:\/\/archive.sana.sy\/tr\/wp-content\/uploads\/2024\/07\/11-300x189.jpg 300w\" sizes=\"auto, (max-width: 618px) 100vw, 618px\" \/><\/a>\n\t\t\t<\/div><\/figure>\n\t\t<\/div>\n\n<p style=\"text-align: center;\"><strong><a href=\"https:\/\/t.me\/SuriyeArapHaberAjansI\">Telegram Kanal\u0131m\u0131z\u00a0<\/a>||<a href=\"https:\/\/twitter.com\/arap_ajans\">X Platformumuz\u00a0<\/a>||<a href=\"https:\/\/www.facebook.com\/SANAHaberAjansi\/\">Facebook Sayfam\u0131z<\/a><\/strong><\/p>\n","protected":false},"excerpt":{"rendered":"<p>\u015eAM (SANA) &#8211; Enformasyon Bakan\u0131 Butrus Hallak, \u0130ran \u0130slam Cumhuriyeti&#8217;nin Suriye B\u00fcy\u00fckel\u00e7isi H\u00fcseyin Akbari ile iki \u00fclke aras\u0131nda \u00f6zellikle medya alan\u0131nda ikili ili\u015fkiler ve geli\u015ftirme yollar\u0131n\u0131 de\u011ferlendirdi. G\u00f6r\u00fc\u015fmede iki taraf, iki \u00fclke aras\u0131nda g\u00fc\u00e7l\u00fc temellere ve ilkelere dayanan g\u00fc\u00e7l\u00fc ili\u015fkilere vurgu yapt\u0131. Bakan Hallak, Suriye ile \u0130ran aras\u0131ndaki ili\u015fkilerin g\u00fc\u00e7l\u00fc oldu\u011funu ve iki halk\u0131 birbirine &hellip;<\/p>\n","protected":false},"author":41,"featured_media":304693,"comment_status":"closed","ping_status":"closed","sticky":false,"template":"","format":"standard","meta":{"footnotes":""},"categories":[479,17988,478],"tags":[10241,41917],"class_list":["post-304692","post","type-post","status-publish","format-standard","has-post-thumbnail","","category-haberler-yerel","category-son-haberler","category-yerel","tag-enformasyon-bakani","tag-iranin-sam-buyukelcisi-ile-ortak-medya-isbirligini-ve-bunu-gelistirmenin-yollarini-gorustu"],"_links":{"self":[{"href":"https:\/\/archive.sana.sy\/tr\/index.php?rest_route=\/wp\/v2\/posts\/304692","targetHints":{"allow":["GET"]}}],"collection":[{"href":"https:\/\/archive.sana.sy\/tr\/index.php?rest_route=\/wp\/v2\/posts"}],"about":[{"href":"https:\/\/archive.sana.sy\/tr\/index.php?rest_route=\/wp\/v2\/types\/post"}],"author":[{"embeddable":true,"href":"https:\/\/archive.sana.sy\/tr\/index.php?rest_route=\/wp\/v2\/users\/41"}],"replies":[{"embeddable":true,"href":"https:\/\/archive.sana.sy\/tr\/index.php?rest_route=%2Fwp%2Fv2%2Fcomments&post=304692"}],"version-history":[{"count":3,"href":"https:\/\/archive.sana.sy\/tr\/index.php?rest_route=\/wp\/v2\/posts\/304692\/revisions"}],"predecessor-version":[{"id":304699,"href":"https:\/\/archive.sana.sy\/tr\/index.php?rest_route=\/wp\/v2\/posts\/304692\/revisions\/304699"}],"wp:featuredmedia":[{"embeddable":true,"href":"https:\/\/archive.sana.sy\/tr\/index.php?rest_route=\/wp\/v2\/media\/304693"}],"wp:attachment":[{"href":"https:\/\/archive.sana.sy\/tr\/index.php?rest_route=%2Fwp%2Fv2%2Fmedia&parent=304692"}],"wp:term":[{"taxonomy":"category","embeddable":true,"href":"https:\/\/archive.sana.sy\/tr\/index.php?rest_route=%2Fwp%2Fv2%2Fcategories&post=304692"},{"taxonomy":"post_tag","embeddable":true,"href":"https:\/\/archive.sana.sy\/tr\/index.php?rest_route=%2Fwp%2Fv2%2Ftags&post=304692"}],"curies":[{"name":"wp","href":"https:\/\/api.w.org\/{rel}","templated":true}]}}