{"id":304704,"date":"2024-07-10T14:32:59","date_gmt":"2024-07-10T11:32:59","guid":{"rendered":"https:\/\/sana.sy\/tr\/?p=304704"},"modified":"2024-07-12T08:48:09","modified_gmt":"2024-07-12T05:48:09","slug":"rus-ordusu-mevzilerini-iyilestirerek-ukraynali-bir-savasciyi-ve-55-ihasini-dusurdu","status":"publish","type":"post","link":"https:\/\/archive.sana.sy\/tr\/?p=304704","title":{"rendered":"Rus Ordusu Mevzilerini \u0130yile\u015ftirerek Ukraynal\u0131 Bir Sava\u015f\u00e7\u0131y\u0131 Ve 55 \u0130HA\u2019s\u0131n\u0131 D\u00fc\u015f\u00fcrd\u00fc"},"content":{"rendered":"<p style=\"text-align: justify;\"><strong>MOSKOVA (SANA)<\/strong> &#8211; Rus ordusu mevzilerini iyile\u015ftirerek Ukraynal\u0131 bir sava\u015f\u00e7\u0131y\u0131 ve 55 insans\u0131z hava arac\u0131n\u0131 d\u00fc\u015f\u00fcrd\u00fc.<\/p>\n<p style=\"text-align: justify;\">Rusya Savunma Bakanl\u0131\u011f\u0131, son 24 saat i\u00e7inde g\u00fc\u00e7lerinin mevzilerini iyile\u015ftirebildi\u011fini, Kiev rejim g\u00fc\u00e7lerinin sald\u0131r\u0131lar\u0131n\u0131 engelleyebildi\u011fini ve Ukraynal\u0131 bir sava\u015f u\u00e7a\u011f\u0131n\u0131, d\u00fczinelerce insans\u0131z hava arac\u0131n\u0131 ve f\u00fczeyi \u00e7e\u015fitli y\u00f6nlerden vurabildi\u011fini duyurdu.<\/p>\n<p style=\"text-align: justify;\">Bakanl\u0131k ayr\u0131ca, askeri operasyonun ilerleyi\u015fiyle ilgili g\u00fcnl\u00fck raporunda, kuzeydeki Rus kuvvetlerinin mevzilerini g\u00fc\u00e7lendirdi\u011fini ve Kiev rejimi g\u00fc\u00e7lerinin ger\u00e7ekle\u015ftirdi\u011fi iki sald\u0131r\u0131y\u0131 p\u00fcsk\u00fcrtt\u00fc\u011f\u00fcn\u00fc, bunun sonucunda 275 askerin, \u00e7ok say\u0131da Bat\u0131l\u0131 silah\u0131n, arac\u0131n ve bir elektronik harp istasyonunun kaybedildi\u011fini bildirdi. .<\/p>\n<p style=\"text-align: justify;\"><strong>Rapora g\u00f6re:<\/strong><\/p>\n<ul>\n<li style=\"text-align: justify;\">Bat\u0131l\u0131 Rus kuvvetleri mevzilerini g\u00fc\u00e7lendirdi ve Ukrayna kuvvetlerine, tanklar\u0131na, Bat\u0131 silahlar\u0131na, silahlar\u0131na ve iki elektronik istasyonuna 495 ki\u015finin \u00f6l\u00fcm\u00fcne neden oldu.<\/li>\n<li style=\"text-align: justify;\">G\u00fcney g\u00fc\u00e7leri mevzilerini iyile\u015ftirdi ve Kiev rejiminin kay\u0131plar\u0131 600 askere, bat\u0131 silahlar\u0131na, bir elektronik istasyona ve bir m\u00fchimmat deposuna ula\u015ft\u0131.<\/li>\n<li style=\"text-align: justify;\">Rus Merkezi Kuvvetleri Donetsk Cumhuriyeti&#8217;ndeki mevzilerini iyile\u015ftirdi ve sald\u0131ran kuvvetler 510 ki\u015finin \u00f6l\u00fcm\u00fcne, bir Alman &#8220;Marder&#8221; z\u0131rhl\u0131 arac\u0131na ve Bat\u0131 top\u00e7ular\u0131na ve silahlar\u0131na zarar verdi.<\/li>\n<li style=\"text-align: justify;\">Do\u011fu g\u00fc\u00e7leri mevzilerini g\u00fc\u00e7lendirdi ve Kiev rejiminin kay\u0131plar\u0131 135 asker, Bat\u0131 top\u00e7usu ve bir m\u00fchimmat deposuna ula\u015ft\u0131.<\/li>\n<li style=\"text-align: justify;\">Dinyeper g\u00fc\u00e7leri Herson vilayetinde Ukrayna ordusuna a\u011f\u0131r kay\u0131plar vererek 85 askeri \u00f6ld\u00fcrd\u00fc, bir tank\u0131, ara\u00e7lar\u0131, bat\u0131 silahlar\u0131n\u0131 ve bir m\u00fchimmat deposunu imha etti.<\/li>\n<li style=\"text-align: justify;\">Rus savunma sistemleri Amerikan radar\u0131n\u0131 ve Hawk f\u00fcze platformlar\u0131n\u0131 yok etmeyi ba\u015fard\u0131, bir MiG-29 sava\u015f u\u00e7a\u011f\u0131n\u0131, 4 Atakmas f\u00fczesini, 3 Amerikan Himar&#8217;\u0131n\u0131 ve 55 Ukrayna insans\u0131z hava arac\u0131n\u0131 d\u00fc\u015f\u00fcrd\u00fc.<\/li>\n<\/ul>\n<p style=\"text-align: center;\"><strong><a href=\"https:\/\/t.me\/SuriyeArapHaberAjansI\">Telegram Kanal\u0131m\u0131z\u00a0<\/a>||<a href=\"https:\/\/twitter.com\/arap_ajans\">X Platformumuz\u00a0<\/a>||<a href=\"https:\/\/www.facebook.com\/SANAHaberAjansi\/\">Facebook Sayfam\u0131z<\/a><\/strong><\/p>\n","protected":false},"excerpt":{"rendered":"<p>MOSKOVA (SANA) &#8211; Rus ordusu mevzilerini iyile\u015ftirerek Ukraynal\u0131 bir sava\u015f\u00e7\u0131y\u0131 ve 55 insans\u0131z hava arac\u0131n\u0131 d\u00fc\u015f\u00fcrd\u00fc. Rusya Savunma Bakanl\u0131\u011f\u0131, son 24 saat i\u00e7inde g\u00fc\u00e7lerinin mevzilerini iyile\u015ftirebildi\u011fini, Kiev rejim g\u00fc\u00e7lerinin sald\u0131r\u0131lar\u0131n\u0131 engelleyebildi\u011fini ve Ukraynal\u0131 bir sava\u015f u\u00e7a\u011f\u0131n\u0131, d\u00fczinelerce insans\u0131z hava arac\u0131n\u0131 ve f\u00fczeyi \u00e7e\u015fitli y\u00f6nlerden vurabildi\u011fini duyurdu. Bakanl\u0131k ayr\u0131ca, askeri operasyonun ilerleyi\u015fiyle ilgili g\u00fcnl\u00fck raporunda, kuzeydeki &hellip;<\/p>\n","protected":false},"author":41,"featured_media":304706,"comment_status":"closed","ping_status":"closed","sticky":false,"template":"","format":"standard","meta":{"footnotes":""},"categories":[458,459,17988],"tags":[39379],"class_list":["post-304704","post","type-post","status-publish","format-standard","has-post-thumbnail","","category-dunya1","category-haberler-arap-uluslararasi-politika","category-son-haberler","tag-ukraynada-son-gelimeler"],"_links":{"self":[{"href":"https:\/\/archive.sana.sy\/tr\/index.php?rest_route=\/wp\/v2\/posts\/304704","targetHints":{"allow":["GET"]}}],"collection":[{"href":"https:\/\/archive.sana.sy\/tr\/index.php?rest_route=\/wp\/v2\/posts"}],"about":[{"href":"https:\/\/archive.sana.sy\/tr\/index.php?rest_route=\/wp\/v2\/types\/post"}],"author":[{"embeddable":true,"href":"https:\/\/archive.sana.sy\/tr\/index.php?rest_route=\/wp\/v2\/users\/41"}],"replies":[{"embeddable":true,"href":"https:\/\/archive.sana.sy\/tr\/index.php?rest_route=%2Fwp%2Fv2%2Fcomments&post=304704"}],"version-history":[{"count":1,"href":"https:\/\/archive.sana.sy\/tr\/index.php?rest_route=\/wp\/v2\/posts\/304704\/revisions"}],"predecessor-version":[{"id":304705,"href":"https:\/\/archive.sana.sy\/tr\/index.php?rest_route=\/wp\/v2\/posts\/304704\/revisions\/304705"}],"wp:featuredmedia":[{"embeddable":true,"href":"https:\/\/archive.sana.sy\/tr\/index.php?rest_route=\/wp\/v2\/media\/304706"}],"wp:attachment":[{"href":"https:\/\/archive.sana.sy\/tr\/index.php?rest_route=%2Fwp%2Fv2%2Fmedia&parent=304704"}],"wp:term":[{"taxonomy":"category","embeddable":true,"href":"https:\/\/archive.sana.sy\/tr\/index.php?rest_route=%2Fwp%2Fv2%2Fcategories&post=304704"},{"taxonomy":"post_tag","embeddable":true,"href":"https:\/\/archive.sana.sy\/tr\/index.php?rest_route=%2Fwp%2Fv2%2Ftags&post=304704"}],"curies":[{"name":"wp","href":"https:\/\/api.w.org\/{rel}","templated":true}]}}