{"id":304707,"date":"2024-07-10T18:48:14","date_gmt":"2024-07-10T15:48:14","guid":{"rendered":"https:\/\/sana.sy\/tr\/?p=304707"},"modified":"2024-07-12T08:48:20","modified_gmt":"2024-07-12T05:48:20","slug":"mikdad-misir-disisleri-bakani-ile-telefonda-goruserek-onu-yeni-gorevinden-dolayi-tebrik-etti","status":"publish","type":"post","link":"https:\/\/archive.sana.sy\/tr\/?p=304707","title":{"rendered":"Mikdad, M\u0131s\u0131r D\u0131\u015fi\u015fleri Bakan\u0131 \u0130le Telefonda G\u00f6r\u00fc\u015ferek, Onu Yeni G\u00f6revinden Dolay\u0131 Tebrik Etti"},"content":{"rendered":"<p style=\"text-align: justify;\"><strong>\u015eAM (SANA) \u2013 <\/strong><strong>\u00a0<\/strong>Bu \u00f6\u011fleden sonra D\u0131\u015fi\u015fleri ve Gurbet\u00e7iler Bakan\u0131 Faysal Mikdad, M\u0131s\u0131r Arap Cumhuriyeti D\u0131\u015fi\u015fleri, G\u00f6\u00e7menlik ve M\u0131s\u0131rl\u0131 Gurbet\u00e7iler \u0130\u015fleri Bakan\u0131 Bedir Abdulati ile bir telefon g\u00f6r\u00fc\u015fmesi yaparak onu yeni g\u00f6revinden dolay\u0131 tebrik etti.<\/p>\n<p style=\"text-align: justify;\">\u0130ki bakan, iki karde\u015f \u00fclke olan Suriye Arap Cumhuriyeti ve M\u0131s\u0131r Arap Cumhuriyeti halklar\u0131 aras\u0131ndaki tarihi ili\u015fkileri vurgularken, \u00a0iki \u00fclkenin liderleri Cumhurba\u015fkan\u0131 Be\u015far Esad ve Say\u0131n Abd\u00fclfettah el Sisi&#8217;nin son telefon g\u00f6r\u00fc\u015fmesinde vard\u0131klar\u0131 hususun uygulanmas\u0131n\u0131n \u00f6neminin alt\u0131n\u0131 \u00e7izdiler.<\/p>\n<p style=\"text-align: justify;\">Di\u011fer taraftan iki bakan b\u00f6lgedeki durumla ilgili geli\u015fmeleri ele alarak, \u00f6zellikle Arap b\u00f6lgemizde meydana gelen son tehlikeli geli\u015fmeler \u0131\u015f\u0131\u011f\u0131nda, ortak Arap eylemini g\u00fc\u00e7lendirmeye katk\u0131da bulunacak \u015fekilde, iki taraf aras\u0131nda ortak \u00e7\u0131karlar\u0131 ilgilendiren \u00e7e\u015fitli konularda s\u00fcrekli koordinasyon ve s\u00fcrekli isti\u015farenin \u00f6nemini vurgulad\u0131lar.<\/p>\n<p style=\"text-align: center;\"><strong><a href=\"https:\/\/t.me\/SuriyeArapHaberAjansI\">Telegram Kanal\u0131m\u0131z\u00a0<\/a>||<a href=\"https:\/\/twitter.com\/arap_ajans\">X Platformumuz\u00a0<\/a>||<a href=\"https:\/\/www.facebook.com\/SANAHaberAjansi\/\">Facebook Sayfam\u0131z<\/a><\/strong><\/p>\n","protected":false},"excerpt":{"rendered":"<p>\u015eAM (SANA) \u2013 \u00a0Bu \u00f6\u011fleden sonra D\u0131\u015fi\u015fleri ve Gurbet\u00e7iler Bakan\u0131 Faysal Mikdad, M\u0131s\u0131r Arap Cumhuriyeti D\u0131\u015fi\u015fleri, G\u00f6\u00e7menlik ve M\u0131s\u0131rl\u0131 Gurbet\u00e7iler \u0130\u015fleri Bakan\u0131 Bedir Abdulati ile bir telefon g\u00f6r\u00fc\u015fmesi yaparak onu yeni g\u00f6revinden dolay\u0131 tebrik etti. \u0130ki bakan, iki karde\u015f \u00fclke olan Suriye Arap Cumhuriyeti ve M\u0131s\u0131r Arap Cumhuriyeti halklar\u0131 aras\u0131ndaki tarihi ili\u015fkileri vurgularken, \u00a0iki \u00fclkenin &hellip;<\/p>\n","protected":false},"author":41,"featured_media":304708,"comment_status":"closed","ping_status":"closed","sticky":false,"template":"","format":"standard","meta":{"footnotes":""},"categories":[479,17988,478],"tags":[38328,41919,41920,41921],"class_list":["post-304707","post","type-post","status-publish","format-standard","has-post-thumbnail","","category-haberler-yerel","category-son-haberler","category-yerel","tag-mikdad","tag-misir-disisleri-bakani-ile-telefonda-goruserek","tag-onu-yeni-gorevinden-dolayi-tebrik-etti","tag-suriye-ve-misir-arasindaki-iliskiler"],"_links":{"self":[{"href":"https:\/\/archive.sana.sy\/tr\/index.php?rest_route=\/wp\/v2\/posts\/304707","targetHints":{"allow":["GET"]}}],"collection":[{"href":"https:\/\/archive.sana.sy\/tr\/index.php?rest_route=\/wp\/v2\/posts"}],"about":[{"href":"https:\/\/archive.sana.sy\/tr\/index.php?rest_route=\/wp\/v2\/types\/post"}],"author":[{"embeddable":true,"href":"https:\/\/archive.sana.sy\/tr\/index.php?rest_route=\/wp\/v2\/users\/41"}],"replies":[{"embeddable":true,"href":"https:\/\/archive.sana.sy\/tr\/index.php?rest_route=%2Fwp%2Fv2%2Fcomments&post=304707"}],"version-history":[{"count":1,"href":"https:\/\/archive.sana.sy\/tr\/index.php?rest_route=\/wp\/v2\/posts\/304707\/revisions"}],"predecessor-version":[{"id":304709,"href":"https:\/\/archive.sana.sy\/tr\/index.php?rest_route=\/wp\/v2\/posts\/304707\/revisions\/304709"}],"wp:featuredmedia":[{"embeddable":true,"href":"https:\/\/archive.sana.sy\/tr\/index.php?rest_route=\/wp\/v2\/media\/304708"}],"wp:attachment":[{"href":"https:\/\/archive.sana.sy\/tr\/index.php?rest_route=%2Fwp%2Fv2%2Fmedia&parent=304707"}],"wp:term":[{"taxonomy":"category","embeddable":true,"href":"https:\/\/archive.sana.sy\/tr\/index.php?rest_route=%2Fwp%2Fv2%2Fcategories&post=304707"},{"taxonomy":"post_tag","embeddable":true,"href":"https:\/\/archive.sana.sy\/tr\/index.php?rest_route=%2Fwp%2Fv2%2Ftags&post=304707"}],"curies":[{"name":"wp","href":"https:\/\/api.w.org\/{rel}","templated":true}]}}