{"id":304712,"date":"2024-07-11T10:49:47","date_gmt":"2024-07-11T07:49:47","guid":{"rendered":"https:\/\/sana.sy\/tr\/?p=304712"},"modified":"2024-07-12T08:48:29","modified_gmt":"2024-07-12T05:48:29","slug":"aksa-tufani-operasyonu-bugunun-en-one-cikan-gelismeleri-191","status":"publish","type":"post","link":"https:\/\/archive.sana.sy\/tr\/?p=304712","title":{"rendered":"Aksa Tufan\u0131 Operasyonu\u2026 Bug\u00fcn\u00fcn En \u00d6ne \u00c7\u0131kan Geli\u015fmeleri"},"content":{"rendered":"<p style=\"text-align: justify;\"><strong>\u0130\u015eGAL ED\u0130LEN KUD\u00dcS (SANA) \u2013<\/strong> Filistinli direni\u015finin i\u015fgalci \u0130srail&#8217;\u0131n sald\u0131rganl\u0131klar\u0131na yan\u0131t olarak 7 Ekim\u2019de ba\u015flatt\u0131\u011f\u0131 Aksa Tufan\u0131 Operasyonu\u2019nda \u00f6ne \u00e7\u0131kan geli\u015fmeler:<\/p>\n<ul style=\"text-align: justify;\">\n<li>Filistin medyas\u0131: \u0130srail i\u015fgalinin Gazze \u015eeridi&#8217;nin g\u00fcneyindeki Refah \u015fehrinin merkezinde bir grup Filistinliyi bombalamas\u0131 sonucu iki gen\u00e7 \u00f6ld\u00fcr\u00fcld\u00fc.<\/li>\n<li>Filistin direni\u015fi, Gazze \u015fehrinin g\u00fcneyinde \u201cNetzarim\u201d ekseninde \u0130srail i\u015fgal g\u00fc\u00e7lerini havan toplar\u0131yla hedef ald\u0131.<\/li>\n<li>Filistin direni\u015fi, Gazze \u015fehrinin g\u00fcneyindeki Tel Al-Hawa mahallesindeki\u00a0 El Zahar Kav\u015fa\u011f\u0131 yak\u0131nlar\u0131nda \u0130srail i\u015fgaline ait iki &#8220;Tandum&#8221; top mermisi ile iki &#8220;Merkava&#8221; tank\u0131n\u0131 hedef ald\u0131.<\/li>\n<li>Gazze \u015eeridi&#8217;nin g\u00fcneyindeki Refah \u015fehrinin bat\u0131s\u0131nda, RPG ve &#8220;Yasin 105&#8221; top mermileri, iki asker ta\u015f\u0131y\u0131c\u0131 ve \u0130srail i\u015fgaline ait bir askeri buldozerle Filistin direni\u015f hedefleri.<\/li>\n<li>Filistin medyas\u0131: \u0130srail i\u015fgalinin Gazze \u015eeridi&#8217;nin merkezindeki El Mu\u011fraka b\u00f6lgesinde bir grup Filistinliye top\u00e7u ate\u015fi a\u00e7mas\u0131 sonucu \u015fehitler ve yaral\u0131lar.<\/li>\n<li>Filistin medyas\u0131: \u0130srail i\u015fgal u\u00e7aklar\u0131n\u0131n Gazze \u015eeridi&#8217;nin merkezindeki Nuseyrat kamp\u0131ndaki bir evi bombalamas\u0131 sonucu 3 \u015fehit ve \u00e7ok say\u0131da yaral\u0131.<\/li>\n<li>Filistin direni\u015fi, \u0130srail d\u00fc\u015fman\u0131n\u0131n felakete u\u011fram\u0131\u015f \u015eerid&#8217;deki katliamlar\u0131na yan\u0131t olarak A\u015fdod, A\u015fkelon, Sderot ve Gazze \u015eeridi civar\u0131ndaki di\u011fer yerle\u015fimleri f\u00fcze salvosuyla hedef ald\u0131.<\/li>\n<li>Filistin Sa\u011fl\u0131k Bakanl\u0131\u011f\u0131: \u0130srail i\u015fgali son 24 saatte Gazze \u015eeridi&#8217;nde iki katliam ger\u00e7ekle\u015ftirdi; 50 \u015fehit ve 54 ki\u015fi yaraland\u0131.<\/li>\n<li>Filistin Sa\u011fl\u0131k Bakanl\u0131\u011f\u0131: Gazze \u015eeridi&#8217;nde 279&#8217;uncu g\u00fcn\u00fcnde devam eden i\u015fgal sald\u0131r\u0131s\u0131nda hayat\u0131n\u0131 kaybedenlerin say\u0131s\u0131 38 bin 345 \u015fehit ve 88 bin 295 yaral\u0131ya y\u00fckseldi.Filistin direni\u015fi, \u0130srail d\u00fc\u015fman\u0131n\u0131n Gazze \u015eeridi&#8217;ndeki katliamlar\u0131na tepki olarak &#8220;Holeit&#8221;, &#8220;Yatid&#8221; ve &#8220;Avishalom&#8221; yerle\u015fimlerini f\u00fcze bombard\u0131man\u0131yla hedef ald\u0131.<\/li>\n<li>Filistin medyas\u0131: \u0130srail i\u015fgal u\u00e7aklar\u0131n\u0131n Gazze \u015eeridi&#8217;nin g\u00fcneyindeki Refah \u015fehrinin bat\u0131s\u0131ndaki Tel Al-Sultan mahallesini bombalamas\u0131 sonucu biri \u00e7ocuk 4 \u015fehit.<\/li>\n<li>\u0130srail sald\u0131rganl\u0131\u011f\u0131n\u0131n 279&#8217;uncu g\u00fcn\u00fcnde Gazze \u015eeridi&#8217;nde bir\u00e7ok b\u00f6lgeyi hava ve top\u00e7u bombard\u0131man\u0131 hedef ald\u0131<\/li>\n<\/ul>\n<p style=\"text-align: center;\"><strong><a href=\"https:\/\/t.me\/SuriyeArapHaberAjansI\">Telegram Kanal\u0131m\u0131z\u00a0<\/a>||<a href=\"https:\/\/twitter.com\/arap_ajans\">X Platformumuz\u00a0<\/a>||<a href=\"https:\/\/www.facebook.com\/SANAHaberAjansi\/\">Facebook Sayfam\u0131z<\/a><\/strong><\/p>\n<p style=\"text-align: justify;\">\n","protected":false},"excerpt":{"rendered":"<p>\u0130\u015eGAL ED\u0130LEN KUD\u00dcS (SANA) \u2013 Filistinli direni\u015finin i\u015fgalci \u0130srail&#8217;\u0131n sald\u0131rganl\u0131klar\u0131na yan\u0131t olarak 7 Ekim\u2019de ba\u015flatt\u0131\u011f\u0131 Aksa Tufan\u0131 Operasyonu\u2019nda \u00f6ne \u00e7\u0131kan geli\u015fmeler: Filistin medyas\u0131: \u0130srail i\u015fgalinin Gazze \u015eeridi&#8217;nin g\u00fcneyindeki Refah \u015fehrinin merkezinde bir grup Filistinliyi bombalamas\u0131 sonucu iki gen\u00e7 \u00f6ld\u00fcr\u00fcld\u00fc. Filistin direni\u015fi, Gazze \u015fehrinin g\u00fcneyinde \u201cNetzarim\u201d ekseninde \u0130srail i\u015fgal g\u00fc\u00e7lerini havan toplar\u0131yla hedef ald\u0131. Filistin direni\u015fi, &hellip;<\/p>\n","protected":false},"author":36,"featured_media":304713,"comment_status":"closed","ping_status":"closed","sticky":false,"template":"","format":"standard","meta":{"footnotes":""},"categories":[458,459,17988],"tags":[],"class_list":["post-304712","post","type-post","status-publish","format-standard","has-post-thumbnail","","category-dunya1","category-haberler-arap-uluslararasi-politika","category-son-haberler"],"_links":{"self":[{"href":"https:\/\/archive.sana.sy\/tr\/index.php?rest_route=\/wp\/v2\/posts\/304712","targetHints":{"allow":["GET"]}}],"collection":[{"href":"https:\/\/archive.sana.sy\/tr\/index.php?rest_route=\/wp\/v2\/posts"}],"about":[{"href":"https:\/\/archive.sana.sy\/tr\/index.php?rest_route=\/wp\/v2\/types\/post"}],"author":[{"embeddable":true,"href":"https:\/\/archive.sana.sy\/tr\/index.php?rest_route=\/wp\/v2\/users\/36"}],"replies":[{"embeddable":true,"href":"https:\/\/archive.sana.sy\/tr\/index.php?rest_route=%2Fwp%2Fv2%2Fcomments&post=304712"}],"version-history":[{"count":4,"href":"https:\/\/archive.sana.sy\/tr\/index.php?rest_route=\/wp\/v2\/posts\/304712\/revisions"}],"predecessor-version":[{"id":304776,"href":"https:\/\/archive.sana.sy\/tr\/index.php?rest_route=\/wp\/v2\/posts\/304712\/revisions\/304776"}],"wp:featuredmedia":[{"embeddable":true,"href":"https:\/\/archive.sana.sy\/tr\/index.php?rest_route=\/wp\/v2\/media\/304713"}],"wp:attachment":[{"href":"https:\/\/archive.sana.sy\/tr\/index.php?rest_route=%2Fwp%2Fv2%2Fmedia&parent=304712"}],"wp:term":[{"taxonomy":"category","embeddable":true,"href":"https:\/\/archive.sana.sy\/tr\/index.php?rest_route=%2Fwp%2Fv2%2Fcategories&post=304712"},{"taxonomy":"post_tag","embeddable":true,"href":"https:\/\/archive.sana.sy\/tr\/index.php?rest_route=%2Fwp%2Fv2%2Ftags&post=304712"}],"curies":[{"name":"wp","href":"https:\/\/api.w.org\/{rel}","templated":true}]}}