{"id":304716,"date":"2024-07-11T12:08:07","date_gmt":"2024-07-11T09:08:07","guid":{"rendered":"https:\/\/sana.sy\/tr\/?p=304716"},"modified":"2024-07-12T08:48:33","modified_gmt":"2024-07-12T05:48:33","slug":"tunustaki-suriye-buyukelcilik-binasinin-rehabilite-edildi-ve-konsolosluk-hizmetlerinin-verilmeye-basladi","status":"publish","type":"post","link":"https:\/\/archive.sana.sy\/tr\/?p=304716","title":{"rendered":"Tunus&#8217;taki Suriye B\u00fcy\u00fckel\u00e7ilik Binas\u0131n\u0131n Rehabilite edildi ve Konsolosluk Hizmetlerinin Verilmeye Ba\u015flad\u0131"},"content":{"rendered":"<p style=\"text-align: justify;\"><strong>TUNUS (SANA) \u2013 <\/strong>Tunus&#8217;taki Suriye B\u00fcy\u00fckel\u00e7ili\u011fi, konsolosluk b\u00f6l\u00fcm\u00fcn\u00fcn a\u00e7\u0131lmas\u0131, lojistik unsurlar\u0131n tamamlanmas\u0131 ve gerekli insan kayna\u011f\u0131n\u0131n temin edilmesinin ard\u0131ndan konsolosluk hizmetleri vermeye ba\u015flad\u0131.<\/p>\n<p style=\"text-align: justify;\">Suriye b\u00fcy\u00fckel\u00e7ili\u011fi, misyon binas\u0131n\u0131n restorasyon, rehabilitasyon ve modernizasyon \u00e7al\u0131\u015fmalar\u0131n\u0131n tamamlanmas\u0131 m\u00fcnasebetiyle, Tunus&#8217;ta ikamet eden \u00e7ok say\u0131da Suriyeli gurbet\u00e7i ve \u00e7ok say\u0131da Tunuslu karde\u015fimizin kat\u0131l\u0131m\u0131yla bir kutlama d\u00fczenledi.<\/p>\n<p style=\"text-align: justify;\">Suriye&#8217;nin Tunus B\u00fcy\u00fckel\u00e7isi Muhammed Muhammed, b\u00fcy\u00fckel\u00e7ilik ekibinin t\u00fcm Suriyelilere en iyi hizmeti sunmak i\u00e7in t\u00fcm imkanlar\u0131yla \u00e7al\u0131\u015faca\u011f\u0131n\u0131 belirtirken, B\u00fcy\u00fckel\u00e7ili\u011fin, iki karde\u015f halk\u0131n yarar\u0131na Suriye ve Tunus aras\u0131ndaki karde\u015flik ili\u015fkilerini geli\u015ftirmek i\u00e7in g\u00f6sterdi\u011fi \u00e7abalar\u0131n devam etti\u011fine dikkat \u00e7ekti.<\/p>\n<p style=\"text-align: justify;\">B\u00fcy\u00fckel\u00e7i, el\u00e7ili\u011fin bir medeniyet ve tarih \u00fclkesi olan Suriye&#8217;yi temsil etmeye lay\u0131k olmas\u0131 i\u00e7in b\u00fcy\u00fckel\u00e7ilikteki \u00e7al\u0131\u015fmalar\u0131n tamamlanmas\u0131na ve yeniden \u0131\u015f\u0131lt\u0131ya kavu\u015fturulmas\u0131na katk\u0131da bulunan t\u00fcm samimi \u00e7abalara te\u015fekk\u00fcr etti.<\/p>\n<p style=\"text-align: center;\"><strong><a href=\"https:\/\/t.me\/SuriyeArapHaberAjansI\">Telegram Kanal\u0131m\u0131z\u00a0<\/a>||<a href=\"https:\/\/twitter.com\/arap_ajans\">X Platformumuz\u00a0<\/a>||<a href=\"https:\/\/www.facebook.com\/SANAHaberAjansi\/\">Facebook Sayfam\u0131z<\/a><\/strong><\/p>\n","protected":false},"excerpt":{"rendered":"<p>TUNUS (SANA) \u2013 Tunus&#8217;taki Suriye B\u00fcy\u00fckel\u00e7ili\u011fi, konsolosluk b\u00f6l\u00fcm\u00fcn\u00fcn a\u00e7\u0131lmas\u0131, lojistik unsurlar\u0131n tamamlanmas\u0131 ve gerekli insan kayna\u011f\u0131n\u0131n temin edilmesinin ard\u0131ndan konsolosluk hizmetleri vermeye ba\u015flad\u0131. Suriye b\u00fcy\u00fckel\u00e7ili\u011fi, misyon binas\u0131n\u0131n restorasyon, rehabilitasyon ve modernizasyon \u00e7al\u0131\u015fmalar\u0131n\u0131n tamamlanmas\u0131 m\u00fcnasebetiyle, Tunus&#8217;ta ikamet eden \u00e7ok say\u0131da Suriyeli gurbet\u00e7i ve \u00e7ok say\u0131da Tunuslu karde\u015fimizin kat\u0131l\u0131m\u0131yla bir kutlama d\u00fczenledi. Suriye&#8217;nin Tunus B\u00fcy\u00fckel\u00e7isi Muhammed Muhammed, &hellip;<\/p>\n","protected":false},"author":36,"featured_media":304717,"comment_status":"closed","ping_status":"closed","sticky":false,"template":"","format":"standard","meta":{"footnotes":""},"categories":[458,459,17988],"tags":[],"class_list":["post-304716","post","type-post","status-publish","format-standard","has-post-thumbnail","","category-dunya1","category-haberler-arap-uluslararasi-politika","category-son-haberler"],"_links":{"self":[{"href":"https:\/\/archive.sana.sy\/tr\/index.php?rest_route=\/wp\/v2\/posts\/304716","targetHints":{"allow":["GET"]}}],"collection":[{"href":"https:\/\/archive.sana.sy\/tr\/index.php?rest_route=\/wp\/v2\/posts"}],"about":[{"href":"https:\/\/archive.sana.sy\/tr\/index.php?rest_route=\/wp\/v2\/types\/post"}],"author":[{"embeddable":true,"href":"https:\/\/archive.sana.sy\/tr\/index.php?rest_route=\/wp\/v2\/users\/36"}],"replies":[{"embeddable":true,"href":"https:\/\/archive.sana.sy\/tr\/index.php?rest_route=%2Fwp%2Fv2%2Fcomments&post=304716"}],"version-history":[{"count":2,"href":"https:\/\/archive.sana.sy\/tr\/index.php?rest_route=\/wp\/v2\/posts\/304716\/revisions"}],"predecessor-version":[{"id":304725,"href":"https:\/\/archive.sana.sy\/tr\/index.php?rest_route=\/wp\/v2\/posts\/304716\/revisions\/304725"}],"wp:featuredmedia":[{"embeddable":true,"href":"https:\/\/archive.sana.sy\/tr\/index.php?rest_route=\/wp\/v2\/media\/304717"}],"wp:attachment":[{"href":"https:\/\/archive.sana.sy\/tr\/index.php?rest_route=%2Fwp%2Fv2%2Fmedia&parent=304716"}],"wp:term":[{"taxonomy":"category","embeddable":true,"href":"https:\/\/archive.sana.sy\/tr\/index.php?rest_route=%2Fwp%2Fv2%2Fcategories&post=304716"},{"taxonomy":"post_tag","embeddable":true,"href":"https:\/\/archive.sana.sy\/tr\/index.php?rest_route=%2Fwp%2Fv2%2Ftags&post=304716"}],"curies":[{"name":"wp","href":"https:\/\/api.w.org\/{rel}","templated":true}]}}