{"id":304719,"date":"2024-07-11T12:13:16","date_gmt":"2024-07-11T09:13:16","guid":{"rendered":"https:\/\/sana.sy\/tr\/?p=304719"},"modified":"2024-07-12T08:48:35","modified_gmt":"2024-07-12T05:48:35","slug":"lubnandan-donen-yerinden-edilmis-suriyeliler-zamrani-sinir-kapisi-uzerinden-geldi-2","status":"publish","type":"post","link":"https:\/\/archive.sana.sy\/tr\/?p=304719","title":{"rendered":"L\u00fcbnan\u2019dan D\u00f6nen Yerinden Edilmi\u015f Suriyeliler Zamrani S\u0131n\u0131r Kap\u0131s\u0131 \u00dczerinden Geldi"},"content":{"rendered":"<p style=\"text-align: justify;\"><strong>\u015eAM KIRSALI (SANA) \u2013 <\/strong>L\u00fcbnan&#8217;dan d\u00f6nen yeni bir grup yerinden edilmi\u015f Suriyeli, \u015eam k\u0131rsal\u0131ndaki El Zamrani s\u0131n\u0131r kap\u0131s\u0131ndan Suriye&#8217;ye ula\u015ft\u0131.<\/p>\n<p style=\"text-align: justify;\"><img loading=\"lazy\" decoding=\"async\" class=\"size-medium wp-image-304763 alignright\" src=\"http:\/\/sana.sy\/tr\/wp-content\/uploads\/2024\/07\/DSC_0316-300x200.jpg\" alt=\"\" width=\"300\" height=\"200\" srcset=\"https:\/\/archive.sana.sy\/tr\/wp-content\/uploads\/2024\/07\/DSC_0316-300x200.jpg 300w, https:\/\/archive.sana.sy\/tr\/wp-content\/uploads\/2024\/07\/DSC_0316.jpg 660w\" sizes=\"auto, (max-width: 300px) 100vw, 300px\" \/>SANA&#8217;n\u0131n Kalamun b\u00f6lgesindeki El-Zemrani ge\u00e7i\u015f noktas\u0131ndaki el\u00e7isi \u015funlar\u0131 s\u00f6yledi: &#8221;L\u00fcbnan&#8217;dan 311 Suriyeli m\u00fclteci geldi. \u0130lgili makamlar, onlar\u0131n ki\u015fisel verilerini ve k\u00f6y ve kasabalar\u0131ndaki daimi ikamet adreslerini, i\u015flerini ve durumlar\u0131n\u0131 takip etmek ve kendi temin etti\u011fi otob\u00fcslerle b\u00f6lgelerine ula\u015ft\u0131rmak \u00fczere olu\u015fturulan bir heyet taraf\u0131ndan kolay bir \u015fekilde kay\u0131t alt\u0131na ald\u0131lar.&#8221;<\/p>\n<p style=\"text-align: justify;\">\u015eam K\u0131rsal Sa\u011fl\u0131k M\u00fcd\u00fcrl\u00fc\u011f\u00fc ve K\u0131z\u0131lay \u015eubesi&#8217;ne ba\u011fl\u0131 sa\u011fl\u0131k ekipleri, toplanma merkezinde sabah\u0131n erken saatlerinden itibaren haz\u0131rlanan gezici klinik arac\u0131l\u0131\u011f\u0131yla geri d\u00f6nenlerin sa\u011fl\u0131k durumlar\u0131n\u0131 an\u0131nda izlemeye ve gerekli hizmetleri vermeye ba\u015flad\u0131.<\/p>\n<p style=\"text-align: justify;\">Buna kar\u015f\u0131l\u0131k bir saha kayna\u011f\u0131, SANA muhabirine, yerinden edilmi\u015f Suriyelilerin geri d\u00f6n\u00fc\u015f\u00fcn\u00fcn devam etti\u011fini, ancak \u015fu anda d\u00fczensiz bir h\u0131zda oldu\u011funu ve \u00f6n\u00fcm\u00fczdeki d\u00f6nemde daha b\u00fcy\u00fck say\u0131larda yeni gruplar\u0131n geri d\u00f6n\u00fc\u015f\u00fcne tan\u0131k olunaca\u011f\u0131n\u0131 belirtti.<\/p>\n<p style=\"text-align: center;\"><strong><a href=\"https:\/\/t.me\/SuriyeArapHaberAjansI\">Telegram Kanal\u0131m\u0131z\u00a0<\/a>||<a href=\"https:\/\/twitter.com\/arap_ajans\">X Platformumuz\u00a0<\/a>||<a href=\"https:\/\/www.facebook.com\/SANAHaberAjansi\/\">Facebook Sayfam\u0131z<\/a><\/strong><\/p>\n<div id='gallery-1' class='gallery galleryid-304719 gallery-columns-1 gallery-size-full'><figure class='gallery-item'>\n\t\t\t<div class='gallery-icon landscape'>\n\t\t\t\t<a href='https:\/\/archive.sana.sy\/tr\/wp-content\/uploads\/2024\/07\/92.jpg'><img loading=\"lazy\" decoding=\"async\" width=\"660\" height=\"495\" src=\"https:\/\/archive.sana.sy\/tr\/wp-content\/uploads\/2024\/07\/92.jpg\" class=\"attachment-full size-full\" alt=\"\" srcset=\"https:\/\/archive.sana.sy\/tr\/wp-content\/uploads\/2024\/07\/92.jpg 660w, https:\/\/archive.sana.sy\/tr\/wp-content\/uploads\/2024\/07\/92-300x225.jpg 300w\" sizes=\"auto, (max-width: 660px) 100vw, 660px\" \/><\/a>\n\t\t\t<\/div><\/figure><figure class='gallery-item'>\n\t\t\t<div class='gallery-icon landscape'>\n\t\t\t\t<a href='https:\/\/archive.sana.sy\/tr\/wp-content\/uploads\/2024\/07\/90.jpg'><img loading=\"lazy\" decoding=\"async\" width=\"660\" height=\"435\" src=\"https:\/\/archive.sana.sy\/tr\/wp-content\/uploads\/2024\/07\/90.jpg\" class=\"attachment-full size-full\" alt=\"\" srcset=\"https:\/\/archive.sana.sy\/tr\/wp-content\/uploads\/2024\/07\/90.jpg 660w, https:\/\/archive.sana.sy\/tr\/wp-content\/uploads\/2024\/07\/90-300x198.jpg 300w, https:\/\/archive.sana.sy\/tr\/wp-content\/uploads\/2024\/07\/90-310x205.jpg 310w\" sizes=\"auto, (max-width: 660px) 100vw, 660px\" \/><\/a>\n\t\t\t<\/div><\/figure><figure class='gallery-item'>\n\t\t\t<div class='gallery-icon landscape'>\n\t\t\t\t<a href='https:\/\/archive.sana.sy\/tr\/wp-content\/uploads\/2024\/07\/91-1.jpg'><img loading=\"lazy\" decoding=\"async\" width=\"660\" height=\"447\" src=\"https:\/\/archive.sana.sy\/tr\/wp-content\/uploads\/2024\/07\/91-1.jpg\" class=\"attachment-full size-full\" alt=\"\" srcset=\"https:\/\/archive.sana.sy\/tr\/wp-content\/uploads\/2024\/07\/91-1.jpg 660w, https:\/\/archive.sana.sy\/tr\/wp-content\/uploads\/2024\/07\/91-1-300x203.jpg 300w, https:\/\/archive.sana.sy\/tr\/wp-content\/uploads\/2024\/07\/91-1-110x75.jpg 110w\" sizes=\"auto, (max-width: 660px) 100vw, 660px\" \/><\/a>\n\t\t\t<\/div><\/figure>\n\t\t<\/div>\n\n","protected":false},"excerpt":{"rendered":"<p>\u015eAM KIRSALI (SANA) \u2013 L\u00fcbnan&#8217;dan d\u00f6nen yeni bir grup yerinden edilmi\u015f Suriyeli, \u015eam k\u0131rsal\u0131ndaki El Zamrani s\u0131n\u0131r kap\u0131s\u0131ndan Suriye&#8217;ye ula\u015ft\u0131. SANA&#8217;n\u0131n Kalamun b\u00f6lgesindeki El-Zemrani ge\u00e7i\u015f noktas\u0131ndaki el\u00e7isi \u015funlar\u0131 s\u00f6yledi: &#8221;L\u00fcbnan&#8217;dan 311 Suriyeli m\u00fclteci geldi. \u0130lgili makamlar, onlar\u0131n ki\u015fisel verilerini ve k\u00f6y ve kasabalar\u0131ndaki daimi ikamet adreslerini, i\u015flerini ve durumlar\u0131n\u0131 takip etmek ve kendi temin etti\u011fi &hellip;<\/p>\n","protected":false},"author":36,"featured_media":304723,"comment_status":"closed","ping_status":"closed","sticky":false,"template":"","format":"standard","meta":{"footnotes":""},"categories":[596,479,17988,478],"tags":[],"class_list":["post-304719","post","type-post","status-publish","format-standard","has-post-thumbnail","","category-fotografli-raporlar","category-haberler-yerel","category-son-haberler","category-yerel"],"_links":{"self":[{"href":"https:\/\/archive.sana.sy\/tr\/index.php?rest_route=\/wp\/v2\/posts\/304719","targetHints":{"allow":["GET"]}}],"collection":[{"href":"https:\/\/archive.sana.sy\/tr\/index.php?rest_route=\/wp\/v2\/posts"}],"about":[{"href":"https:\/\/archive.sana.sy\/tr\/index.php?rest_route=\/wp\/v2\/types\/post"}],"author":[{"embeddable":true,"href":"https:\/\/archive.sana.sy\/tr\/index.php?rest_route=\/wp\/v2\/users\/36"}],"replies":[{"embeddable":true,"href":"https:\/\/archive.sana.sy\/tr\/index.php?rest_route=%2Fwp%2Fv2%2Fcomments&post=304719"}],"version-history":[{"count":4,"href":"https:\/\/archive.sana.sy\/tr\/index.php?rest_route=\/wp\/v2\/posts\/304719\/revisions"}],"predecessor-version":[{"id":304764,"href":"https:\/\/archive.sana.sy\/tr\/index.php?rest_route=\/wp\/v2\/posts\/304719\/revisions\/304764"}],"wp:featuredmedia":[{"embeddable":true,"href":"https:\/\/archive.sana.sy\/tr\/index.php?rest_route=\/wp\/v2\/media\/304723"}],"wp:attachment":[{"href":"https:\/\/archive.sana.sy\/tr\/index.php?rest_route=%2Fwp%2Fv2%2Fmedia&parent=304719"}],"wp:term":[{"taxonomy":"category","embeddable":true,"href":"https:\/\/archive.sana.sy\/tr\/index.php?rest_route=%2Fwp%2Fv2%2Fcategories&post=304719"},{"taxonomy":"post_tag","embeddable":true,"href":"https:\/\/archive.sana.sy\/tr\/index.php?rest_route=%2Fwp%2Fv2%2Ftags&post=304719"}],"curies":[{"name":"wp","href":"https:\/\/api.w.org\/{rel}","templated":true}]}}