{"id":304726,"date":"2024-07-11T17:25:04","date_gmt":"2024-07-11T14:25:04","guid":{"rendered":"https:\/\/sana.sy\/tr\/?p=304726"},"modified":"2024-07-15T12:02:10","modified_gmt":"2024-07-15T09:02:10","slug":"silahli-kuvvetlerimiz-idlib-ve-lazkiyede-teror-yataklari-ve-karargahlarina-yonelik-operasyonlarini-surduruyor","status":"publish","type":"post","link":"https:\/\/archive.sana.sy\/tr\/?p=304726","title":{"rendered":"Silahl\u0131 Kuvvetlerimiz \u0130dlib Ve Lazkiye&#8217;de Ter\u00f6r Yataklar\u0131 Ve Karargahlar\u0131na Y\u00f6nelik Operasyonlar\u0131n\u0131 S\u00fcrd\u00fcr\u00fcyor"},"content":{"rendered":"<p style=\"text-align: justify;\"><strong>\u015eAM (SANA) &#8211;<\/strong>\u00a0 Silahl\u0131 kuvvetlerimize ba\u011fl\u0131 birimlerimiz, \u0130dlib k\u0131rsal\u0131nda ger\u00e7ekle\u015ftirilen ter\u00f6r sald\u0131r\u0131s\u0131na kar\u015f\u0131l\u0131k vererek intihar drone&#8217;lar\u0131n\u0131 d\u00fc\u015f\u00fcr\u00fcrken, Lazkiye k\u0131rsal\u0131ndaki ter\u00f6r karargahlar\u0131n\u0131 da hedef ald\u0131.<\/p>\n<p style=\"text-align: justify;\">Savunma Bakanl\u0131\u011f\u0131 bug\u00fcn yapt\u0131\u011f\u0131 a\u00e7\u0131klamada \u015funlar\u0131 s\u00f6yledi: \u2018\u2019\u0130dlib&#8217;in g\u00fcney k\u0131rsal\u0131 istikametinde faaliyet g\u00f6steren g\u00fc\u00e7lerimize ait birlikler, ter\u00f6r \u00f6rg\u00fctlerinin d\u00fczenledi\u011fi sald\u0131r\u0131ya kar\u015f\u0131l\u0131k verdi. A\u011f\u0131r te\u00e7hizat ve silah kay\u0131plar\u0131na yol a\u00e7arak onlarca ter\u00f6ristin \u00f6lmesine ve yaralanmas\u0131na neden oldu.\u2019\u2019<\/p>\n<p style=\"text-align: justify;\">Bakanl\u0131k a\u00e7\u0131klamas\u0131nda ayr\u0131ca, \u2018\u2019Ayn\u0131 do\u011frultuda g\u00f6rev yapan birimlerimiz, askeri noktalar\u0131m\u0131za ve \u00e7evredeki g\u00fcvenli k\u00f6y ve kasabalara sald\u0131r\u0131 giri\u015fiminde bulunan ter\u00f6rist intihar drone&#8217;lar\u0131n\u0131 vurarak imha etti\u2019\u2019\u00a0 ifadelerini kulland\u0131.<\/p>\n<p style=\"text-align: justify;\">Bakanl\u0131k, Lazkiye&#8217;nin kuzey k\u0131rsal\u0131na do\u011fru hareket eden g\u00fc\u00e7lerimize ba\u011fl\u0131 birliklerimizin, dost Rus havac\u0131l\u0131\u011f\u0131yla i\u015fbirli\u011fi i\u00e7inde ter\u00f6ristlerin kararg\u00e2h ve mevzilerini hedef ald\u0131\u011f\u0131n\u0131 belirtirken de, \u2018\u2019Bu da tamamen yok olmas\u0131na ve s\u00f6zde ter\u00f6rist &#8220;T\u00fcrkistan \u0130slam Partisi&#8221;nin liderlerinin de aralar\u0131nda bulundu\u011fu d\u00fczinelerce ki\u015finin \u00f6ld\u00fcr\u00fclmesine ve yaralanmas\u0131na yol a\u00e7t\u0131\u2019\u2019 ifadelerini s\u00f6zlerine ekledi.<\/p>\n<div id='gallery-1' class='gallery galleryid-304726 gallery-columns-1 gallery-size-full'><figure class='gallery-item'>\n\t\t\t<div class='gallery-icon portrait'>\n\t\t\t\t<a href='https:\/\/archive.sana.sy\/tr\/?attachment_id=304728'><img loading=\"lazy\" decoding=\"async\" width=\"660\" height=\"877\" src=\"https:\/\/archive.sana.sy\/tr\/wp-content\/uploads\/2024\/07\/photo_2024-07-11_13-47-08-copy.jpg\" class=\"attachment-full size-full\" alt=\"\" srcset=\"https:\/\/archive.sana.sy\/tr\/wp-content\/uploads\/2024\/07\/photo_2024-07-11_13-47-08-copy.jpg 660w, https:\/\/archive.sana.sy\/tr\/wp-content\/uploads\/2024\/07\/photo_2024-07-11_13-47-08-copy-226x300.jpg 226w\" sizes=\"auto, (max-width: 660px) 100vw, 660px\" \/><\/a>\n\t\t\t<\/div><\/figure><figure class='gallery-item'>\n\t\t\t<div class='gallery-icon portrait'>\n\t\t\t\t<a href='https:\/\/archive.sana.sy\/tr\/?attachment_id=304729'><img loading=\"lazy\" decoding=\"async\" width=\"660\" height=\"880\" src=\"https:\/\/archive.sana.sy\/tr\/wp-content\/uploads\/2024\/07\/photo_2024-07-11_13-47-03-copy.jpg\" class=\"attachment-full size-full\" alt=\"\" srcset=\"https:\/\/archive.sana.sy\/tr\/wp-content\/uploads\/2024\/07\/photo_2024-07-11_13-47-03-copy.jpg 660w, https:\/\/archive.sana.sy\/tr\/wp-content\/uploads\/2024\/07\/photo_2024-07-11_13-47-03-copy-225x300.jpg 225w\" sizes=\"auto, (max-width: 660px) 100vw, 660px\" \/><\/a>\n\t\t\t<\/div><\/figure><figure class='gallery-item'>\n\t\t\t<div class='gallery-icon landscape'>\n\t\t\t\t<a href='https:\/\/archive.sana.sy\/tr\/?attachment_id=304730'><img loading=\"lazy\" decoding=\"async\" width=\"660\" height=\"497\" src=\"https:\/\/archive.sana.sy\/tr\/wp-content\/uploads\/2024\/07\/photo_2024-07-11_13-47-11-copy.jpg\" class=\"attachment-full size-full\" alt=\"\" srcset=\"https:\/\/archive.sana.sy\/tr\/wp-content\/uploads\/2024\/07\/photo_2024-07-11_13-47-11-copy.jpg 660w, https:\/\/archive.sana.sy\/tr\/wp-content\/uploads\/2024\/07\/photo_2024-07-11_13-47-11-copy-300x226.jpg 300w\" sizes=\"auto, (max-width: 660px) 100vw, 660px\" \/><\/a>\n\t\t\t<\/div><\/figure><figure class='gallery-item'>\n\t\t\t<div class='gallery-icon portrait'>\n\t\t\t\t<a href='https:\/\/archive.sana.sy\/tr\/?attachment_id=304731'><img loading=\"lazy\" decoding=\"async\" width=\"660\" height=\"877\" src=\"https:\/\/archive.sana.sy\/tr\/wp-content\/uploads\/2024\/07\/photo_2024-07-11_13-47-05-copy.jpg\" class=\"attachment-full size-full\" alt=\"\" srcset=\"https:\/\/archive.sana.sy\/tr\/wp-content\/uploads\/2024\/07\/photo_2024-07-11_13-47-05-copy.jpg 660w, https:\/\/archive.sana.sy\/tr\/wp-content\/uploads\/2024\/07\/photo_2024-07-11_13-47-05-copy-226x300.jpg 226w\" sizes=\"auto, (max-width: 660px) 100vw, 660px\" \/><\/a>\n\t\t\t<\/div><\/figure><figure class='gallery-item'>\n\t\t\t<div class='gallery-icon portrait'>\n\t\t\t\t<a href='https:\/\/archive.sana.sy\/tr\/?attachment_id=304732'><img loading=\"lazy\" decoding=\"async\" width=\"660\" height=\"1173\" src=\"https:\/\/archive.sana.sy\/tr\/wp-content\/uploads\/2024\/07\/photo_2024-07-11_13-47-17-copy.jpg\" class=\"attachment-full size-full\" alt=\"\" srcset=\"https:\/\/archive.sana.sy\/tr\/wp-content\/uploads\/2024\/07\/photo_2024-07-11_13-47-17-copy.jpg 660w, https:\/\/archive.sana.sy\/tr\/wp-content\/uploads\/2024\/07\/photo_2024-07-11_13-47-17-copy-169x300.jpg 169w, https:\/\/archive.sana.sy\/tr\/wp-content\/uploads\/2024\/07\/photo_2024-07-11_13-47-17-copy-576x1024.jpg 576w\" sizes=\"auto, (max-width: 660px) 100vw, 660px\" \/><\/a>\n\t\t\t<\/div><\/figure><figure class='gallery-item'>\n\t\t\t<div class='gallery-icon portrait'>\n\t\t\t\t<a href='https:\/\/archive.sana.sy\/tr\/?attachment_id=304733'><img loading=\"lazy\" decoding=\"async\" width=\"660\" height=\"880\" src=\"https:\/\/archive.sana.sy\/tr\/wp-content\/uploads\/2024\/07\/photo_2024-07-11_13-47-13-copy.jpg\" class=\"attachment-full size-full\" alt=\"\" srcset=\"https:\/\/archive.sana.sy\/tr\/wp-content\/uploads\/2024\/07\/photo_2024-07-11_13-47-13-copy.jpg 660w, https:\/\/archive.sana.sy\/tr\/wp-content\/uploads\/2024\/07\/photo_2024-07-11_13-47-13-copy-225x300.jpg 225w\" sizes=\"auto, (max-width: 660px) 100vw, 660px\" \/><\/a>\n\t\t\t<\/div><\/figure><figure class='gallery-item'>\n\t\t\t<div class='gallery-icon portrait'>\n\t\t\t\t<a href='https:\/\/archive.sana.sy\/tr\/?attachment_id=304734'><img loading=\"lazy\" decoding=\"async\" width=\"660\" height=\"877\" src=\"https:\/\/archive.sana.sy\/tr\/wp-content\/uploads\/2024\/07\/photo_2024-07-11_13-47-02-copy.jpg\" class=\"attachment-full size-full\" alt=\"\" srcset=\"https:\/\/archive.sana.sy\/tr\/wp-content\/uploads\/2024\/07\/photo_2024-07-11_13-47-02-copy.jpg 660w, https:\/\/archive.sana.sy\/tr\/wp-content\/uploads\/2024\/07\/photo_2024-07-11_13-47-02-copy-226x300.jpg 226w\" sizes=\"auto, (max-width: 660px) 100vw, 660px\" \/><\/a>\n\t\t\t<\/div><\/figure><figure class='gallery-item'>\n\t\t\t<div class='gallery-icon portrait'>\n\t\t\t\t<a href='https:\/\/archive.sana.sy\/tr\/?attachment_id=304735'><img loading=\"lazy\" decoding=\"async\" width=\"660\" height=\"877\" src=\"https:\/\/archive.sana.sy\/tr\/wp-content\/uploads\/2024\/07\/photo_2024-07-11_13-47-09-copy.jpg\" class=\"attachment-full size-full\" alt=\"\" srcset=\"https:\/\/archive.sana.sy\/tr\/wp-content\/uploads\/2024\/07\/photo_2024-07-11_13-47-09-copy.jpg 660w, https:\/\/archive.sana.sy\/tr\/wp-content\/uploads\/2024\/07\/photo_2024-07-11_13-47-09-copy-226x300.jpg 226w\" sizes=\"auto, (max-width: 660px) 100vw, 660px\" \/><\/a>\n\t\t\t<\/div><\/figure><figure class='gallery-item'>\n\t\t\t<div class='gallery-icon portrait'>\n\t\t\t\t<a href='https:\/\/archive.sana.sy\/tr\/?attachment_id=304736'><img loading=\"lazy\" decoding=\"async\" width=\"660\" height=\"1173\" src=\"https:\/\/archive.sana.sy\/tr\/wp-content\/uploads\/2024\/07\/photo_2024-07-11_13-47-15-copy.jpg\" class=\"attachment-full size-full\" alt=\"\" srcset=\"https:\/\/archive.sana.sy\/tr\/wp-content\/uploads\/2024\/07\/photo_2024-07-11_13-47-15-copy.jpg 660w, https:\/\/archive.sana.sy\/tr\/wp-content\/uploads\/2024\/07\/photo_2024-07-11_13-47-15-copy-169x300.jpg 169w, https:\/\/archive.sana.sy\/tr\/wp-content\/uploads\/2024\/07\/photo_2024-07-11_13-47-15-copy-576x1024.jpg 576w\" sizes=\"auto, (max-width: 660px) 100vw, 660px\" \/><\/a>\n\t\t\t<\/div><\/figure>\n\t\t<\/div>\n\n","protected":false},"excerpt":{"rendered":"<p>\u015eAM (SANA) &#8211;\u00a0 Silahl\u0131 kuvvetlerimize ba\u011fl\u0131 birimlerimiz, \u0130dlib k\u0131rsal\u0131nda ger\u00e7ekle\u015ftirilen ter\u00f6r sald\u0131r\u0131s\u0131na kar\u015f\u0131l\u0131k vererek intihar drone&#8217;lar\u0131n\u0131 d\u00fc\u015f\u00fcr\u00fcrken, Lazkiye k\u0131rsal\u0131ndaki ter\u00f6r karargahlar\u0131n\u0131 da hedef ald\u0131. Savunma Bakanl\u0131\u011f\u0131 bug\u00fcn yapt\u0131\u011f\u0131 a\u00e7\u0131klamada \u015funlar\u0131 s\u00f6yledi: \u2018\u2019\u0130dlib&#8217;in g\u00fcney k\u0131rsal\u0131 istikametinde faaliyet g\u00f6steren g\u00fc\u00e7lerimize ait birlikler, ter\u00f6r \u00f6rg\u00fctlerinin d\u00fczenledi\u011fi sald\u0131r\u0131ya kar\u015f\u0131l\u0131k verdi. A\u011f\u0131r te\u00e7hizat ve silah kay\u0131plar\u0131na yol a\u00e7arak onlarca ter\u00f6ristin &hellip;<\/p>\n","protected":false},"author":41,"featured_media":304727,"comment_status":"closed","ping_status":"closed","sticky":false,"template":"","format":"standard","meta":{"footnotes":""},"categories":[596,479,575,17988,478],"tags":[41922],"class_list":["post-304726","post","type-post","status-publish","format-standard","has-post-thumbnail","","category-fotografli-raporlar","category-haberler-yerel","category-olaylar-ve-gercekler","category-son-haberler","category-yerel","tag-suriye-ordusu-ve-teror-orgutleri"],"_links":{"self":[{"href":"https:\/\/archive.sana.sy\/tr\/index.php?rest_route=\/wp\/v2\/posts\/304726","targetHints":{"allow":["GET"]}}],"collection":[{"href":"https:\/\/archive.sana.sy\/tr\/index.php?rest_route=\/wp\/v2\/posts"}],"about":[{"href":"https:\/\/archive.sana.sy\/tr\/index.php?rest_route=\/wp\/v2\/types\/post"}],"author":[{"embeddable":true,"href":"https:\/\/archive.sana.sy\/tr\/index.php?rest_route=\/wp\/v2\/users\/41"}],"replies":[{"embeddable":true,"href":"https:\/\/archive.sana.sy\/tr\/index.php?rest_route=%2Fwp%2Fv2%2Fcomments&post=304726"}],"version-history":[{"count":1,"href":"https:\/\/archive.sana.sy\/tr\/index.php?rest_route=\/wp\/v2\/posts\/304726\/revisions"}],"predecessor-version":[{"id":304737,"href":"https:\/\/archive.sana.sy\/tr\/index.php?rest_route=\/wp\/v2\/posts\/304726\/revisions\/304737"}],"wp:featuredmedia":[{"embeddable":true,"href":"https:\/\/archive.sana.sy\/tr\/index.php?rest_route=\/wp\/v2\/media\/304727"}],"wp:attachment":[{"href":"https:\/\/archive.sana.sy\/tr\/index.php?rest_route=%2Fwp%2Fv2%2Fmedia&parent=304726"}],"wp:term":[{"taxonomy":"category","embeddable":true,"href":"https:\/\/archive.sana.sy\/tr\/index.php?rest_route=%2Fwp%2Fv2%2Fcategories&post=304726"},{"taxonomy":"post_tag","embeddable":true,"href":"https:\/\/archive.sana.sy\/tr\/index.php?rest_route=%2Fwp%2Fv2%2Ftags&post=304726"}],"curies":[{"name":"wp","href":"https:\/\/api.w.org\/{rel}","templated":true}]}}