{"id":304738,"date":"2024-07-11T14:35:36","date_gmt":"2024-07-11T11:35:36","guid":{"rendered":"https:\/\/sana.sy\/tr\/?p=304738"},"modified":"2024-07-15T12:02:05","modified_gmt":"2024-07-15T09:02:05","slug":"suriye-cin-devlet-baskaninin-beyaninin-70-yildonumunde-yeniledigi-baris-icinde-bir-arada-yasama-ilkelerine-iliskin-uzun-vadeli-vizyonunu-ovdu","status":"publish","type":"post","link":"https:\/\/archive.sana.sy\/tr\/?p=304738","title":{"rendered":"Suriye, \u00c7in Devlet Ba\u015fkan\u0131&#8217;n\u0131n Beyan\u0131n\u0131n 70. Y\u0131ld\u00f6n\u00fcm\u00fcnde Yeniledi\u011fi Bar\u0131\u015f \u0130\u00e7inde Bir Arada Ya\u015fama \u0130lkelerine \u0130li\u015fkin Uzun Vadeli Vizyonunu \u00d6vd\u00fc"},"content":{"rendered":"<p style=\"text-align: justify;\"><strong>PEK\u0130N (SANA)<\/strong> &#8211; Suriye, \u00c7in Devlet Ba\u015fkan\u0131 Xi Jinping&#8217;in, \u00c7in, Hindistan ve Myanmar taraf\u0131ndan 1954&#8217;te ba\u015flat\u0131lan bu y\u00fcce ilkelerin beyan\u0131n\u0131n 70. y\u0131ld\u00f6n\u00fcm\u00fc vesilesiyle yapt\u0131\u011f\u0131 konu\u015fmada, Bar\u0131\u015f \u0130\u00e7inde Bir Arada Ya\u015faman\u0131n Be\u015f \u0130lkesi&#8217;ne ili\u015fkin ileri g\u00f6r\u00fc\u015fl\u00fc vizyonunu \u00f6vd\u00fc.<\/p>\n<p style=\"text-align: justify;\">D\u0131\u015fi\u015fleri ve Gurbet\u00e7iler Bakanl\u0131\u011f\u0131 bug\u00fcn bir kopyas\u0131 SANA&#8217;ya ula\u015fan a\u00e7\u0131klamada \u015funlar\u0131 s\u00f6yledi: &#8221; Egemenli\u011fe ve toprak b\u00fct\u00fcnl\u00fc\u011f\u00fcne kar\u015f\u0131l\u0131kl\u0131 sayg\u0131, sald\u0131rmazl\u0131k, i\u00e7 i\u015flere kar\u0131\u015fmama, e\u015fitlik ve bar\u0131\u015f i\u00e7inde bir arada ya\u015fama ilkeleri, Suriye Arap Cumhuriyeti ile \u00c7in Halk Cumhuriyeti aras\u0131ndaki tarihi dostluk ili\u015fkilerinin ba\u015flad\u0131\u011f\u0131 temel belirleyicileri olu\u015fturdu. \u00a0Bu, iki \u00fclkenin halklar\u0131n\u0131 y\u0131llar boyunca birbirine ba\u011flayan dostane ve i\u015fbirlik\u00e7i ili\u015fkilerin v\u00fccut bulmu\u015f haliydi. Bug\u00fcn bu, Cumhurba\u015fkan\u0131 Be\u015f\u015far Esad ve Say\u0131n Cumhurba\u015fkan\u0131 Xi Jinping&#8217;in iki \u00fclke aras\u0131ndaki dostluk ve karde\u015flik ili\u015fkilerini geli\u015ftirme y\u00f6n\u00fcndeki bilge ve ilkeli vizyonuyla ta\u00e7land\u0131r\u0131lm\u0131\u015ft\u0131r.&#8221;<\/p>\n<p style=\"text-align: justify;\">Bakanl\u0131k ayr\u0131ca, bu ilkelerin ge\u00e7erlili\u011fini her zaman ve her yerde kan\u0131tlayarak bar\u0131\u015f\u0131, istikrar\u0131 ve i\u015fbirli\u011fini seven \u00fclkeler i\u00e7in bir eylem platformu olu\u015fturdu\u011funu kaydetti.<\/p>\n<p style=\"text-align: justify;\">D\u0131\u015fi\u015fleri Bakanl\u0131\u011f\u0131 a\u00e7\u0131klamas\u0131nda ayr\u0131ca, Suriye&#8217;nin bu ilkelerin d\u00fcnyan\u0131n bar\u0131\u015fa, kalk\u0131nmaya, i\u015fbirli\u011fine ve ortak faydaya do\u011fru ilerlemesine katk\u0131da bulunaca\u011f\u0131na dair inanc\u0131n\u0131 dile getirirken, bu ilkelerin insanl\u0131k i\u00e7in ortak bir gelecek in\u015fa etme hedeflerine deste\u011fini yineledi.<\/p>\n<p style=\"text-align: center;\"><strong><a href=\"https:\/\/t.me\/SuriyeArapHaberAjansI\">Telegram Kanal\u0131m\u0131z\u00a0<\/a>||<a href=\"https:\/\/twitter.com\/arap_ajans\">X Platformumuz\u00a0<\/a>||<a href=\"https:\/\/www.facebook.com\/SANAHaberAjansi\/\">Facebook Sayfam\u0131z<\/a><\/strong><\/p>\n","protected":false},"excerpt":{"rendered":"<p>PEK\u0130N (SANA) &#8211; Suriye, \u00c7in Devlet Ba\u015fkan\u0131 Xi Jinping&#8217;in, \u00c7in, Hindistan ve Myanmar taraf\u0131ndan 1954&#8217;te ba\u015flat\u0131lan bu y\u00fcce ilkelerin beyan\u0131n\u0131n 70. y\u0131ld\u00f6n\u00fcm\u00fc vesilesiyle yapt\u0131\u011f\u0131 konu\u015fmada, Bar\u0131\u015f \u0130\u00e7inde Bir Arada Ya\u015faman\u0131n Be\u015f \u0130lkesi&#8217;ne ili\u015fkin ileri g\u00f6r\u00fc\u015fl\u00fc vizyonunu \u00f6vd\u00fc. D\u0131\u015fi\u015fleri ve Gurbet\u00e7iler Bakanl\u0131\u011f\u0131 bug\u00fcn bir kopyas\u0131 SANA&#8217;ya ula\u015fan a\u00e7\u0131klamada \u015funlar\u0131 s\u00f6yledi: &#8221; Egemenli\u011fe ve toprak b\u00fct\u00fcnl\u00fc\u011f\u00fcne kar\u015f\u0131l\u0131kl\u0131 &hellip;<\/p>\n","protected":false},"author":41,"featured_media":304739,"comment_status":"closed","ping_status":"closed","sticky":false,"template":"","format":"standard","meta":{"footnotes":""},"categories":[458,459,17988],"tags":[41923,16591],"class_list":["post-304738","post","type-post","status-publish","format-standard","has-post-thumbnail","","category-dunya1","category-haberler-arap-uluslararasi-politika","category-son-haberler","tag-cin-devlet-baskaninin-beyaninin-70-yildonumunde-yeniledigi-baris-icinde-bir-arada-yasama-ilkelerine-iliskin-uzun-vadeli-vizyonunu-ovdu","tag-suriye"],"_links":{"self":[{"href":"https:\/\/archive.sana.sy\/tr\/index.php?rest_route=\/wp\/v2\/posts\/304738","targetHints":{"allow":["GET"]}}],"collection":[{"href":"https:\/\/archive.sana.sy\/tr\/index.php?rest_route=\/wp\/v2\/posts"}],"about":[{"href":"https:\/\/archive.sana.sy\/tr\/index.php?rest_route=\/wp\/v2\/types\/post"}],"author":[{"embeddable":true,"href":"https:\/\/archive.sana.sy\/tr\/index.php?rest_route=\/wp\/v2\/users\/41"}],"replies":[{"embeddable":true,"href":"https:\/\/archive.sana.sy\/tr\/index.php?rest_route=%2Fwp%2Fv2%2Fcomments&post=304738"}],"version-history":[{"count":2,"href":"https:\/\/archive.sana.sy\/tr\/index.php?rest_route=\/wp\/v2\/posts\/304738\/revisions"}],"predecessor-version":[{"id":304774,"href":"https:\/\/archive.sana.sy\/tr\/index.php?rest_route=\/wp\/v2\/posts\/304738\/revisions\/304774"}],"wp:featuredmedia":[{"embeddable":true,"href":"https:\/\/archive.sana.sy\/tr\/index.php?rest_route=\/wp\/v2\/media\/304739"}],"wp:attachment":[{"href":"https:\/\/archive.sana.sy\/tr\/index.php?rest_route=%2Fwp%2Fv2%2Fmedia&parent=304738"}],"wp:term":[{"taxonomy":"category","embeddable":true,"href":"https:\/\/archive.sana.sy\/tr\/index.php?rest_route=%2Fwp%2Fv2%2Fcategories&post=304738"},{"taxonomy":"post_tag","embeddable":true,"href":"https:\/\/archive.sana.sy\/tr\/index.php?rest_route=%2Fwp%2Fv2%2Ftags&post=304738"}],"curies":[{"name":"wp","href":"https:\/\/api.w.org\/{rel}","templated":true}]}}