{"id":304747,"date":"2024-07-11T08:54:26","date_gmt":"2024-07-11T05:54:26","guid":{"rendered":"https:\/\/sana.sy\/tr\/?p=304747"},"modified":"2024-07-12T08:48:25","modified_gmt":"2024-07-12T05:48:25","slug":"gazze-seridinde-son-24-saatte-yasanan-isgal-katliamlari-sonucu-50-sehit","status":"publish","type":"post","link":"https:\/\/archive.sana.sy\/tr\/?p=304747","title":{"rendered":"Gazze \u015eeridi&#8217;nde Son 24 Saatte Ya\u015fanan \u0130\u015fgal Katliamlar\u0131 Sonucu 50 \u015eehit"},"content":{"rendered":"<p style=\"text-align: justify;\"><strong>\u0130\u015eGAL ED\u0130LEN KUD\u00dcS (SANA)<\/strong> &#8211; Filistin Sa\u011fl\u0131k Bakanl\u0131\u011f\u0131, \u0130srail i\u015fgalinin Gazze \u015eeridi&#8217;nde son 24 saatte iki katliam ger\u00e7ekle\u015ftirdi\u011fini, 50 \u015fehit ve 54 yaral\u0131n\u0131n hastanelere ula\u015ft\u0131\u011f\u0131n\u0131 duyurdu.<\/p>\n<p style=\"text-align: justify;\">Bakanl\u0131k bug\u00fcn yapt\u0131\u011f\u0131 a\u00e7\u0131klamada \u015funlar\u0131 s\u00f6yledi: \u00a0\u2018\u2019Gazze \u015eeridi&#8217;nde 279&#8217;uncu g\u00fcn\u00fcnde devam eden i\u015fgal sald\u0131rgaml\u0131\u011f\u0131n kurbanlar\u0131n\u0131n say\u0131s\u0131 38 bin 345 \u015fehit ve 88 bin 295 yaral\u0131ya y\u00fckseldi. Bu arada \u00e7ok say\u0131da ma\u011fdur enkaz alt\u0131nda ve yollarda kal\u0131rken, ambulans ve sivil savunma ekipleri onlara ula\u015fam\u0131yor.\u2019\u2019<\/p>\n<p style=\"text-align: justify;\">Filistin medyas\u0131, Gazze ve Refah kentlerinin mahallelerine i\u015fgalci hava ve top\u00e7u bombard\u0131man\u0131 sonucu en az 34 Filistinlinin \u015fehit oldu\u011funu bildirdi.<\/p>\n<p style=\"text-align: justify;\">Bu arada Sivil Savunma, Gazze&#8217;nin eL Rimal mahallesi ile El Sina&#8217;a ve El Katiba b\u00f6lgelerinde 30&#8217;dan fazla \u015fehidin cenazesinin sokaklara at\u0131ld\u0131\u011f\u0131n\u0131 duyurdu.<\/p>\n<p style=\"text-align: justify;\">Bunun yan\u0131nda da, Refah \u015fehrinin bat\u0131s\u0131ndaki Tel El Sultan mahallesine d\u00fczenlenen i\u015fgal sald\u0131r\u0131s\u0131nda da biri \u00e7ocuk 4 Filistinli \u015fehit oldu.<\/p>\n<p style=\"text-align: center;\"><strong><a href=\"https:\/\/t.me\/SuriyeArapHaberAjansI\">Telegram Kanal\u0131m\u0131z\u00a0<\/a>||<a href=\"https:\/\/twitter.com\/arap_ajans\">X Platformumuz\u00a0<\/a>||<a href=\"https:\/\/www.facebook.com\/SANAHaberAjansi\/\">Facebook Sayfam\u0131z<\/a><\/strong><\/p>\n","protected":false},"excerpt":{"rendered":"<p>\u0130\u015eGAL ED\u0130LEN KUD\u00dcS (SANA) &#8211; Filistin Sa\u011fl\u0131k Bakanl\u0131\u011f\u0131, \u0130srail i\u015fgalinin Gazze \u015eeridi&#8217;nde son 24 saatte iki katliam ger\u00e7ekle\u015ftirdi\u011fini, 50 \u015fehit ve 54 yaral\u0131n\u0131n hastanelere ula\u015ft\u0131\u011f\u0131n\u0131 duyurdu. Bakanl\u0131k bug\u00fcn yapt\u0131\u011f\u0131 a\u00e7\u0131klamada \u015funlar\u0131 s\u00f6yledi: \u00a0\u2018\u2019Gazze \u015eeridi&#8217;nde 279&#8217;uncu g\u00fcn\u00fcnde devam eden i\u015fgal sald\u0131rgaml\u0131\u011f\u0131n kurbanlar\u0131n\u0131n say\u0131s\u0131 38 bin 345 \u015fehit ve 88 bin 295 yaral\u0131ya y\u00fckseldi. Bu arada \u00e7ok &hellip;<\/p>\n","protected":false},"author":41,"featured_media":304748,"comment_status":"closed","ping_status":"closed","sticky":false,"template":"","format":"standard","meta":{"footnotes":""},"categories":[458,459,17988],"tags":[41924],"class_list":["post-304747","post","type-post","status-publish","format-standard","has-post-thumbnail","","category-dunya1","category-haberler-arap-uluslararasi-politika","category-son-haberler","tag-gazze-seridinde-son-24-saatte-yasanan-isgal-katliamlari-sonucu-50-sehit"],"_links":{"self":[{"href":"https:\/\/archive.sana.sy\/tr\/index.php?rest_route=\/wp\/v2\/posts\/304747","targetHints":{"allow":["GET"]}}],"collection":[{"href":"https:\/\/archive.sana.sy\/tr\/index.php?rest_route=\/wp\/v2\/posts"}],"about":[{"href":"https:\/\/archive.sana.sy\/tr\/index.php?rest_route=\/wp\/v2\/types\/post"}],"author":[{"embeddable":true,"href":"https:\/\/archive.sana.sy\/tr\/index.php?rest_route=\/wp\/v2\/users\/41"}],"replies":[{"embeddable":true,"href":"https:\/\/archive.sana.sy\/tr\/index.php?rest_route=%2Fwp%2Fv2%2Fcomments&post=304747"}],"version-history":[{"count":2,"href":"https:\/\/archive.sana.sy\/tr\/index.php?rest_route=\/wp\/v2\/posts\/304747\/revisions"}],"predecessor-version":[{"id":304760,"href":"https:\/\/archive.sana.sy\/tr\/index.php?rest_route=\/wp\/v2\/posts\/304747\/revisions\/304760"}],"wp:featuredmedia":[{"embeddable":true,"href":"https:\/\/archive.sana.sy\/tr\/index.php?rest_route=\/wp\/v2\/media\/304748"}],"wp:attachment":[{"href":"https:\/\/archive.sana.sy\/tr\/index.php?rest_route=%2Fwp%2Fv2%2Fmedia&parent=304747"}],"wp:term":[{"taxonomy":"category","embeddable":true,"href":"https:\/\/archive.sana.sy\/tr\/index.php?rest_route=%2Fwp%2Fv2%2Fcategories&post=304747"},{"taxonomy":"post_tag","embeddable":true,"href":"https:\/\/archive.sana.sy\/tr\/index.php?rest_route=%2Fwp%2Fv2%2Ftags&post=304747"}],"curies":[{"name":"wp","href":"https:\/\/api.w.org\/{rel}","templated":true}]}}