{"id":304750,"date":"2024-07-11T18:04:56","date_gmt":"2024-07-11T15:04:56","guid":{"rendered":"https:\/\/sana.sy\/tr\/?p=304750"},"modified":"2024-07-15T12:03:04","modified_gmt":"2024-07-15T09:03:04","slug":"saglik-bakani-malezya-ve-sri-lanka-fahri-konsoloslariyla-saglik-alaninda-isbirligini-gorustu","status":"publish","type":"post","link":"https:\/\/archive.sana.sy\/tr\/?p=304750","title":{"rendered":"Sa\u011fl\u0131k Bakan\u0131, Malezya Ve Sri Lanka Fahri Konsoloslar\u0131yla Sa\u011fl\u0131k Alan\u0131nda \u0130\u015fbirli\u011fini G\u00f6r\u00fc\u015ft\u00fc"},"content":{"rendered":"<p style=\"text-align: justify;\"><strong>\u015eAM (SANA)<\/strong> &#8211;\u00a0 Sa\u011fl\u0131k Bakan\u0131 Dr. Hasan Gabba\u015f, Sri Lanka Demokratik Sosyalist Cumhuriyeti Fahri Konsolosu\u00a0 Muhammed Muslim El Durub \u00a0ile iki \u00fclke aras\u0131nda sa\u011fl\u0131k alan\u0131nda i\u015fbirli\u011fini geli\u015ftirmenin yollar\u0131n\u0131 g\u00f6r\u00fc\u015ft\u00fc.<\/p>\n<p style=\"text-align: justify;\">Bakanl\u0131k binas\u0131nda ger\u00e7ekle\u015fen g\u00f6r\u00fc\u015fmede Gabba\u015f, iki \u00fclke aras\u0131ndaki ili\u015fkilerin derinli\u011fini ve g\u00fcc\u00fcn\u00fc vurgulayarak, <img loading=\"lazy\" decoding=\"async\" class=\"size-medium wp-image-304752 alignright\" src=\"http:\/\/sana.sy\/tr\/wp-content\/uploads\/2024\/07\/photo_2024-07-11_11-22-46-copy-660x330-2-300x150.jpg\" alt=\"\" width=\"300\" height=\"150\" srcset=\"https:\/\/archive.sana.sy\/tr\/wp-content\/uploads\/2024\/07\/photo_2024-07-11_11-22-46-copy-660x330-2-300x150.jpg 300w, https:\/\/archive.sana.sy\/tr\/wp-content\/uploads\/2024\/07\/photo_2024-07-11_11-22-46-copy-660x330-2.jpg 660w\" sizes=\"auto, (max-width: 300px) 100vw, 300px\" \/>iki \u00fclkede sa\u011fl\u0131k sekt\u00f6r\u00fcn\u00fcn geli\u015fmesine katk\u0131 sa\u011flayan sa\u011fl\u0131k alan\u0131nda i\u015f birli\u011fi ve koordinasyonun \u00f6nemine dikkat \u00e7ekti.<\/p>\n<p style=\"text-align: justify;\">El Durubi ise Suriye ile Sri Lanka aras\u0131ndaki her d\u00fczeydeki se\u00e7kin ili\u015fkilere ve kar\u015f\u0131l\u0131kl\u0131 sayg\u0131 ve deste\u011fe de\u011finirken, iki \u00fclke aras\u0131nda \u00f6zellikle sa\u011fl\u0131k alan\u0131nda ve t\u0131bbi uzmanl\u0131k al\u0131\u015fveri\u015finde daha fazla i\u015fbirli\u011fi yap\u0131lmas\u0131 y\u00f6n\u00fcndeki umudunu dile getirdi.<\/p>\n<p style=\"text-align: justify;\">\u0130lgili bir ba\u011flamda, Malezya&#8217;n\u0131n Suriye Fahri Konsolosu Samir El Kur ile yap\u0131lan bir ba\u015fka g\u00f6r\u00fc\u015fmede Bakan Gabba\u015f, iki \u00fclke aras\u0131nda sa\u011fl\u0131k alan\u0131nda, \u00f6zellikle t\u0131bbi ekipman konusunda koordinasyon ve i\u015f birli\u011finin geli\u015ftirilmesinin \u00f6nemini ele alarak, \u00a0Malezya&#8217;n\u0131n deprem felaketi s\u0131ras\u0131nda insani ve t\u0131bbi yard\u0131m g\u00f6ndererek Suriye halk\u0131na verdi\u011fi deste\u011fi \u00f6vd\u00fc.<\/p>\n<p style=\"text-align: justify;\">El Kur ise Suriye ile Malezya aras\u0131ndaki ili\u015fkileri ba\u015fta sa\u011fl\u0131k alan\u0131 olmak \u00fczere t\u00fcm alanlarda g\u00fc\u00e7lendirme ve sa\u011fl\u0131k sekt\u00f6r\u00fcyle ilgili bilimsel alanda ve ara\u015ft\u0131rmalarda i\u015fbirli\u011fi \u00e7emberini geni\u015fletme konusundaki kararl\u0131l\u0131\u011f\u0131n\u0131 vurgulad\u0131.<\/p>\n<p style=\"text-align: center;\"><strong><a href=\"https:\/\/t.me\/SuriyeArapHaberAjansI\">Telegram Kanal\u0131m\u0131z\u00a0<\/a>||<a href=\"https:\/\/twitter.com\/arap_ajans\">X Platformumuz\u00a0<\/a>||<a href=\"https:\/\/www.facebook.com\/SANAHaberAjansi\/\">Facebook Sayfam\u0131z<\/a><\/strong><\/p>\n<p style=\"text-align: justify;\">\n","protected":false},"excerpt":{"rendered":"<p>\u015eAM (SANA) &#8211;\u00a0 Sa\u011fl\u0131k Bakan\u0131 Dr. Hasan Gabba\u015f, Sri Lanka Demokratik Sosyalist Cumhuriyeti Fahri Konsolosu\u00a0 Muhammed Muslim El Durub \u00a0ile iki \u00fclke aras\u0131nda sa\u011fl\u0131k alan\u0131nda i\u015fbirli\u011fini geli\u015ftirmenin yollar\u0131n\u0131 g\u00f6r\u00fc\u015ft\u00fc. Bakanl\u0131k binas\u0131nda ger\u00e7ekle\u015fen g\u00f6r\u00fc\u015fmede Gabba\u015f, iki \u00fclke aras\u0131ndaki ili\u015fkilerin derinli\u011fini ve g\u00fcc\u00fcn\u00fc vurgulayarak, iki \u00fclkede sa\u011fl\u0131k sekt\u00f6r\u00fcn\u00fcn geli\u015fmesine katk\u0131 sa\u011flayan sa\u011fl\u0131k alan\u0131nda i\u015f birli\u011fi ve koordinasyonun &hellip;<\/p>\n","protected":false},"author":41,"featured_media":304751,"comment_status":"closed","ping_status":"closed","sticky":false,"template":"","format":"standard","meta":{"footnotes":""},"categories":[479,17988,478],"tags":[41925,4121],"class_list":["post-304750","post","type-post","status-publish","format-standard","has-post-thumbnail","","category-haberler-yerel","category-son-haberler","category-yerel","tag-malezya-ve-sri-lanka-fahri-konsoloslariyla-saglik-alaninda-isbirligini-gorustu","tag-saglik-bakani"],"_links":{"self":[{"href":"https:\/\/archive.sana.sy\/tr\/index.php?rest_route=\/wp\/v2\/posts\/304750","targetHints":{"allow":["GET"]}}],"collection":[{"href":"https:\/\/archive.sana.sy\/tr\/index.php?rest_route=\/wp\/v2\/posts"}],"about":[{"href":"https:\/\/archive.sana.sy\/tr\/index.php?rest_route=\/wp\/v2\/types\/post"}],"author":[{"embeddable":true,"href":"https:\/\/archive.sana.sy\/tr\/index.php?rest_route=\/wp\/v2\/users\/41"}],"replies":[{"embeddable":true,"href":"https:\/\/archive.sana.sy\/tr\/index.php?rest_route=%2Fwp%2Fv2%2Fcomments&post=304750"}],"version-history":[{"count":3,"href":"https:\/\/archive.sana.sy\/tr\/index.php?rest_route=\/wp\/v2\/posts\/304750\/revisions"}],"predecessor-version":[{"id":305020,"href":"https:\/\/archive.sana.sy\/tr\/index.php?rest_route=\/wp\/v2\/posts\/304750\/revisions\/305020"}],"wp:featuredmedia":[{"embeddable":true,"href":"https:\/\/archive.sana.sy\/tr\/index.php?rest_route=\/wp\/v2\/media\/304751"}],"wp:attachment":[{"href":"https:\/\/archive.sana.sy\/tr\/index.php?rest_route=%2Fwp%2Fv2%2Fmedia&parent=304750"}],"wp:term":[{"taxonomy":"category","embeddable":true,"href":"https:\/\/archive.sana.sy\/tr\/index.php?rest_route=%2Fwp%2Fv2%2Fcategories&post=304750"},{"taxonomy":"post_tag","embeddable":true,"href":"https:\/\/archive.sana.sy\/tr\/index.php?rest_route=%2Fwp%2Fv2%2Ftags&post=304750"}],"curies":[{"name":"wp","href":"https:\/\/api.w.org\/{rel}","templated":true}]}}