{"id":304754,"date":"2024-07-11T06:10:22","date_gmt":"2024-07-11T03:10:22","guid":{"rendered":"https:\/\/sana.sy\/tr\/?p=304754"},"modified":"2024-07-12T08:48:24","modified_gmt":"2024-07-12T05:48:24","slug":"putin-brics-grubu-adil-bir-dunya-duzeni-kurmaya-calisiyor","status":"publish","type":"post","link":"https:\/\/archive.sana.sy\/tr\/?p=304754","title":{"rendered":"Putin: BRICS Grubu Adil Bir D\u00fcnya D\u00fczeni Kurmaya \u00c7al\u0131\u015f\u0131yor"},"content":{"rendered":"<p style=\"text-align: justify;\"><strong>MOSKOVA (SANA)<\/strong> &#8211; Rusya Devlet Ba\u015fkan\u0131 Vladimir Putin, BRICS grubunun etkinli\u011finin a\u00e7\u0131kl\u0131k, adalet ve e\u015fitlik gibi \u00fczerine in\u015fa edildi\u011fi ilkelerle belirlendi\u011fini vurgulayarak, grubun t\u00fcm \u00e7abas\u0131yla adil bir k\u00fcresel d\u00fczen kurmaya \u00e7al\u0131\u015ft\u0131\u011f\u0131n\u0131 vurgulad\u0131.<\/p>\n<p style=\"text-align: justify;\">Ba\u015fkan Putin, bug\u00fcn Petersburg&#8217;da d\u00fczenlenen 10. BRICS Parlamento Forumu&#8217;nda kat\u0131l\u0131mc\u0131lara yapt\u0131\u011f\u0131 konu\u015fmada \u015funlar\u0131 s\u00f6yledi: \u00a0&#8220;Parlamento forumlar\u0131 ve konferanslar\u0131n\u0131n k\u00fcresel politikadaki rol\u00fc \u00e7ok \u00f6nemli hale geldi ve bu t\u00fcr toplant\u0131lar \u015fimdiden g\u00fcven, kar\u015f\u0131l\u0131kl\u0131 destek ve \u00f6zg\u00fcr diyalog \u00f6rne\u011fi olarak kendilerini kan\u0131tlad\u0131.&#8221;<\/p>\n<p style=\"text-align: justify;\">Rusya Devlet Ba\u015fkan\u0131, &#8220;\u00c7al\u0131\u015fma tempomuzu art\u0131rmaya devam edece\u011fiz ve \u00f6n\u00fcm\u00fczdeki Ekim ay\u0131nda yap\u0131lacak BRICS zirvesi \u00f6ncesinde planlad\u0131\u011f\u0131m\u0131z bir\u00e7ok farkl\u0131 etkinlik var\u2019\u2019 ifadelerini kullan\u0131rken, \u00a0\u00a0BRICS grubunun ba\u015far\u0131lar\u0131 aras\u0131nda, ba\u015far\u0131yla ger\u00e7ekle\u015ftirilen BRICS Oyunlar\u0131&#8217;n\u0131n yan\u0131 s\u0131ra ula\u015ft\u0131rma ve n\u00fckleer t\u0131p sekt\u00f6rlerinde ba\u015flat\u0131lan d\u00fczenli i\u015f birli\u011fi mekanizmas\u0131n\u0131n da yer ald\u0131\u011f\u0131na dikkat \u00e7ekti.<\/p>\n<p style=\"text-align: center;\"><strong><a href=\"https:\/\/t.me\/SuriyeArapHaberAjansI\">Telegram Kanal\u0131m\u0131z\u00a0<\/a>||<a href=\"https:\/\/twitter.com\/arap_ajans\">X Platformumuz\u00a0<\/a>||<a href=\"https:\/\/www.facebook.com\/SANAHaberAjansi\/\">Facebook Sayfam\u0131z<\/a><\/strong><\/p>\n","protected":false},"excerpt":{"rendered":"<p>MOSKOVA (SANA) &#8211; Rusya Devlet Ba\u015fkan\u0131 Vladimir Putin, BRICS grubunun etkinli\u011finin a\u00e7\u0131kl\u0131k, adalet ve e\u015fitlik gibi \u00fczerine in\u015fa edildi\u011fi ilkelerle belirlendi\u011fini vurgulayarak, grubun t\u00fcm \u00e7abas\u0131yla adil bir k\u00fcresel d\u00fczen kurmaya \u00e7al\u0131\u015ft\u0131\u011f\u0131n\u0131 vurgulad\u0131. Ba\u015fkan Putin, bug\u00fcn Petersburg&#8217;da d\u00fczenlenen 10. BRICS Parlamento Forumu&#8217;nda kat\u0131l\u0131mc\u0131lara yapt\u0131\u011f\u0131 konu\u015fmada \u015funlar\u0131 s\u00f6yledi: \u00a0&#8220;Parlamento forumlar\u0131 ve konferanslar\u0131n\u0131n k\u00fcresel politikadaki rol\u00fc \u00e7ok \u00f6nemli &hellip;<\/p>\n","protected":false},"author":41,"featured_media":304755,"comment_status":"closed","ping_status":"closed","sticky":false,"template":"","format":"standard","meta":{"footnotes":""},"categories":[458,459,17988],"tags":[41926],"class_list":["post-304754","post","type-post","status-publish","format-standard","has-post-thumbnail","","category-dunya1","category-haberler-arap-uluslararasi-politika","category-son-haberler","tag-putin-brics-grubu-adil-bir-dunya-duzeni-kurmaya-calisiyor"],"_links":{"self":[{"href":"https:\/\/archive.sana.sy\/tr\/index.php?rest_route=\/wp\/v2\/posts\/304754","targetHints":{"allow":["GET"]}}],"collection":[{"href":"https:\/\/archive.sana.sy\/tr\/index.php?rest_route=\/wp\/v2\/posts"}],"about":[{"href":"https:\/\/archive.sana.sy\/tr\/index.php?rest_route=\/wp\/v2\/types\/post"}],"author":[{"embeddable":true,"href":"https:\/\/archive.sana.sy\/tr\/index.php?rest_route=\/wp\/v2\/users\/41"}],"replies":[{"embeddable":true,"href":"https:\/\/archive.sana.sy\/tr\/index.php?rest_route=%2Fwp%2Fv2%2Fcomments&post=304754"}],"version-history":[{"count":1,"href":"https:\/\/archive.sana.sy\/tr\/index.php?rest_route=\/wp\/v2\/posts\/304754\/revisions"}],"predecessor-version":[{"id":304756,"href":"https:\/\/archive.sana.sy\/tr\/index.php?rest_route=\/wp\/v2\/posts\/304754\/revisions\/304756"}],"wp:featuredmedia":[{"embeddable":true,"href":"https:\/\/archive.sana.sy\/tr\/index.php?rest_route=\/wp\/v2\/media\/304755"}],"wp:attachment":[{"href":"https:\/\/archive.sana.sy\/tr\/index.php?rest_route=%2Fwp%2Fv2%2Fmedia&parent=304754"}],"wp:term":[{"taxonomy":"category","embeddable":true,"href":"https:\/\/archive.sana.sy\/tr\/index.php?rest_route=%2Fwp%2Fv2%2Fcategories&post=304754"},{"taxonomy":"post_tag","embeddable":true,"href":"https:\/\/archive.sana.sy\/tr\/index.php?rest_route=%2Fwp%2Fv2%2Ftags&post=304754"}],"curies":[{"name":"wp","href":"https:\/\/api.w.org\/{rel}","templated":true}]}}