{"id":304765,"date":"2024-07-11T19:11:05","date_gmt":"2024-07-11T16:11:05","guid":{"rendered":"https:\/\/sana.sy\/tr\/?p=304765"},"modified":"2024-07-14T14:48:32","modified_gmt":"2024-07-14T11:48:32","slug":"bakan-mahluf-halepteki-bir-dizi-su-projesini-denetledi","status":"publish","type":"post","link":"https:\/\/archive.sana.sy\/tr\/?p=304765","title":{"rendered":"Bakan Mahluf Halep&#8217;teki Bir Dizi Su Projesini Denetledi"},"content":{"rendered":"<p style=\"text-align: justify;\"><strong>HALEP (SANA)<\/strong> &#8211;\u00a0 Bug\u00fcn, Su Kaynaklar\u0131 Bakan\u0131 H\u00fcseyin Mahluf, Halep Valili\u011fi&#8217;nin k\u0131rsal ve \u015fehirdeki su, sanitasyon ve arazi \u0131slah kurumlar\u0131 taraf\u0131ndan uygulanan bir dizi hayati su projesindeki \u00e7al\u0131\u015fman\u0131n ger\u00e7ekli\u011fini inceledi.<\/p>\n<p style=\"text-align: justify;\"><img loading=\"lazy\" decoding=\"async\" class=\"size-full wp-image-304766 alignright\" src=\"http:\/\/sana.sy\/tr\/wp-content\/uploads\/2024\/07\/photo_2024-07-11_16-14-13-2-300x169-1.jpg\" alt=\"\" width=\"300\" height=\"169\" \/>Tur, Kerm El Dada ve \u00a0El Salihiye \u00a0b\u00f6lgelerini, do\u011fu k\u0131rsal\u0131ndaki Cib Gab\u015fa El Sin \u00a0projesini, g\u00fcney Halep ovalar\u0131 sulama projesini ve Bab El Neyrab&#8217;daki ilk sterilizasyon istasyonunu i\u00e7erdi.<\/p>\n<p style=\"text-align: justify;\">Valilik binas\u0131nda ilgili yetkililerle yap\u0131lan toplant\u0131da, Halep&#8217;in do\u011fu ve g\u00fcney k\u0131rsal\u0131ndaki sulama projeleriyle ilgili mevcut projelerin tamamlanmas\u0131, teknik ve s\u00f6zle\u015fme \u015fartlar\u0131na uyulmas\u0131 ve sorunlar\u0131n ger\u00e7ekli\u011fi ile ilgili zorluklar ve gerekliliklerin ele al\u0131nmas\u0131n\u0131n yollar\u0131 ele al\u0131nd\u0131.<\/p>\n<p style=\"text-align: justify;\">Bakan Mahluf, sulama suyunun da\u011f\u0131t\u0131m\u0131n\u0131 adil bir \u015fekilde y\u00f6netmek ve hedeflenen t\u00fcm tar\u0131m arazilerine su da\u011f\u0131tmak amac\u0131yla sulama kanallar\u0131ndaki ihlalleri gidermek i\u00e7in ortak komiteler olu\u015fturman\u0131n \u00f6nemine dikkat \u00e7ekti.<\/p>\n<div id='gallery-1' class='gallery galleryid-304765 gallery-columns-5 gallery-size-medium'><figure class='gallery-item'>\n\t\t\t<div class='gallery-icon landscape'>\n\t\t\t\t<a href='https:\/\/archive.sana.sy\/tr\/?attachment_id=304767'><img loading=\"lazy\" decoding=\"async\" width=\"300\" height=\"199\" src=\"https:\/\/archive.sana.sy\/tr\/wp-content\/uploads\/2024\/07\/2-5-300x199.jpg\" class=\"attachment-medium size-medium\" alt=\"\" srcset=\"https:\/\/archive.sana.sy\/tr\/wp-content\/uploads\/2024\/07\/2-5-300x199.jpg 300w, https:\/\/archive.sana.sy\/tr\/wp-content\/uploads\/2024\/07\/2-5-310x205.jpg 310w, https:\/\/archive.sana.sy\/tr\/wp-content\/uploads\/2024\/07\/2-5.jpg 660w\" sizes=\"auto, (max-width: 300px) 100vw, 300px\" \/><\/a>\n\t\t\t<\/div><\/figure><figure class='gallery-item'>\n\t\t\t<div class='gallery-icon landscape'>\n\t\t\t\t<a href='https:\/\/archive.sana.sy\/tr\/?attachment_id=304768'><img loading=\"lazy\" decoding=\"async\" width=\"300\" height=\"177\" src=\"https:\/\/archive.sana.sy\/tr\/wp-content\/uploads\/2024\/07\/5-1-300x177.jpg\" class=\"attachment-medium size-medium\" alt=\"\" srcset=\"https:\/\/archive.sana.sy\/tr\/wp-content\/uploads\/2024\/07\/5-1-300x177.jpg 300w, https:\/\/archive.sana.sy\/tr\/wp-content\/uploads\/2024\/07\/5-1.jpg 660w\" sizes=\"auto, (max-width: 300px) 100vw, 300px\" \/><\/a>\n\t\t\t<\/div><\/figure><figure class='gallery-item'>\n\t\t\t<div class='gallery-icon landscape'>\n\t\t\t\t<a href='https:\/\/archive.sana.sy\/tr\/?attachment_id=304769'><img loading=\"lazy\" decoding=\"async\" width=\"300\" height=\"183\" src=\"https:\/\/archive.sana.sy\/tr\/wp-content\/uploads\/2024\/07\/4-2-300x183.jpg\" class=\"attachment-medium size-medium\" alt=\"\" srcset=\"https:\/\/archive.sana.sy\/tr\/wp-content\/uploads\/2024\/07\/4-2-300x183.jpg 300w, https:\/\/archive.sana.sy\/tr\/wp-content\/uploads\/2024\/07\/4-2.jpg 660w\" sizes=\"auto, (max-width: 300px) 100vw, 300px\" \/><\/a>\n\t\t\t<\/div><\/figure><figure class='gallery-item'>\n\t\t\t<div class='gallery-icon landscape'>\n\t\t\t\t<a href='https:\/\/archive.sana.sy\/tr\/?attachment_id=304770'><img loading=\"lazy\" decoding=\"async\" width=\"300\" height=\"169\" src=\"https:\/\/archive.sana.sy\/tr\/wp-content\/uploads\/2024\/07\/1-9-300x169.jpg\" class=\"attachment-medium size-medium\" alt=\"\" srcset=\"https:\/\/archive.sana.sy\/tr\/wp-content\/uploads\/2024\/07\/1-9-300x169.jpg 300w, https:\/\/archive.sana.sy\/tr\/wp-content\/uploads\/2024\/07\/1-9.jpg 660w\" sizes=\"auto, (max-width: 300px) 100vw, 300px\" \/><\/a>\n\t\t\t<\/div><\/figure><figure class='gallery-item'>\n\t\t\t<div class='gallery-icon landscape'>\n\t\t\t\t<a href='https:\/\/archive.sana.sy\/tr\/?attachment_id=304771'><img loading=\"lazy\" decoding=\"async\" width=\"300\" height=\"169\" src=\"https:\/\/archive.sana.sy\/tr\/wp-content\/uploads\/2024\/07\/3-3-300x169.jpg\" class=\"attachment-medium size-medium\" alt=\"\" srcset=\"https:\/\/archive.sana.sy\/tr\/wp-content\/uploads\/2024\/07\/3-3-300x169.jpg 300w, https:\/\/archive.sana.sy\/tr\/wp-content\/uploads\/2024\/07\/3-3.jpg 660w\" sizes=\"auto, (max-width: 300px) 100vw, 300px\" \/><\/a>\n\t\t\t<\/div><\/figure>\n\t\t<\/div>\n\n<p style=\"text-align: center;\"><strong><a href=\"https:\/\/t.me\/SuriyeArapHaberAjansI\">Telegram Kanal\u0131m\u0131z\u00a0<\/a>||<a href=\"https:\/\/twitter.com\/arap_ajans\">X Platformumuz\u00a0<\/a>||<a href=\"https:\/\/www.facebook.com\/SANAHaberAjansi\/\">Facebook Sayfam\u0131z<\/a><\/strong><\/p>\n","protected":false},"excerpt":{"rendered":"<p>HALEP (SANA) &#8211;\u00a0 Bug\u00fcn, Su Kaynaklar\u0131 Bakan\u0131 H\u00fcseyin Mahluf, Halep Valili\u011fi&#8217;nin k\u0131rsal ve \u015fehirdeki su, sanitasyon ve arazi \u0131slah kurumlar\u0131 taraf\u0131ndan uygulanan bir dizi hayati su projesindeki \u00e7al\u0131\u015fman\u0131n ger\u00e7ekli\u011fini inceledi. Tur, Kerm El Dada ve \u00a0El Salihiye \u00a0b\u00f6lgelerini, do\u011fu k\u0131rsal\u0131ndaki Cib Gab\u015fa El Sin \u00a0projesini, g\u00fcney Halep ovalar\u0131 sulama projesini ve Bab El Neyrab&#8217;daki ilk &hellip;<\/p>\n","protected":false},"author":41,"featured_media":304772,"comment_status":"closed","ping_status":"closed","sticky":false,"template":"","format":"standard","meta":{"footnotes":""},"categories":[479,17988,478],"tags":[],"class_list":["post-304765","post","type-post","status-publish","format-standard","has-post-thumbnail","","category-haberler-yerel","category-son-haberler","category-yerel"],"_links":{"self":[{"href":"https:\/\/archive.sana.sy\/tr\/index.php?rest_route=\/wp\/v2\/posts\/304765","targetHints":{"allow":["GET"]}}],"collection":[{"href":"https:\/\/archive.sana.sy\/tr\/index.php?rest_route=\/wp\/v2\/posts"}],"about":[{"href":"https:\/\/archive.sana.sy\/tr\/index.php?rest_route=\/wp\/v2\/types\/post"}],"author":[{"embeddable":true,"href":"https:\/\/archive.sana.sy\/tr\/index.php?rest_route=\/wp\/v2\/users\/41"}],"replies":[{"embeddable":true,"href":"https:\/\/archive.sana.sy\/tr\/index.php?rest_route=%2Fwp%2Fv2%2Fcomments&post=304765"}],"version-history":[{"count":1,"href":"https:\/\/archive.sana.sy\/tr\/index.php?rest_route=\/wp\/v2\/posts\/304765\/revisions"}],"predecessor-version":[{"id":304773,"href":"https:\/\/archive.sana.sy\/tr\/index.php?rest_route=\/wp\/v2\/posts\/304765\/revisions\/304773"}],"wp:featuredmedia":[{"embeddable":true,"href":"https:\/\/archive.sana.sy\/tr\/index.php?rest_route=\/wp\/v2\/media\/304772"}],"wp:attachment":[{"href":"https:\/\/archive.sana.sy\/tr\/index.php?rest_route=%2Fwp%2Fv2%2Fmedia&parent=304765"}],"wp:term":[{"taxonomy":"category","embeddable":true,"href":"https:\/\/archive.sana.sy\/tr\/index.php?rest_route=%2Fwp%2Fv2%2Fcategories&post=304765"},{"taxonomy":"post_tag","embeddable":true,"href":"https:\/\/archive.sana.sy\/tr\/index.php?rest_route=%2Fwp%2Fv2%2Ftags&post=304765"}],"curies":[{"name":"wp","href":"https:\/\/api.w.org\/{rel}","templated":true}]}}