{"id":304777,"date":"2024-07-12T10:28:37","date_gmt":"2024-07-12T07:28:37","guid":{"rendered":"https:\/\/sana.sy\/tr\/?p=304777"},"modified":"2024-07-13T11:36:17","modified_gmt":"2024-07-13T08:36:17","slug":"aksa-tufani-operasyonu-bugunun-en-one-cikan-gelismeleri-192","status":"publish","type":"post","link":"https:\/\/archive.sana.sy\/tr\/?p=304777","title":{"rendered":"Aksa Tufan\u0131 Operasyonu\u2026 Bug\u00fcn\u00fcn En \u00d6ne \u00c7\u0131kan Geli\u015fmeleri"},"content":{"rendered":"<p style=\"text-align: justify;\"><strong>\u0130\u015eGAL ED\u0130LEN KUD\u00dcS (SANA) \u2013<\/strong> Filistinli direni\u015finin i\u015fgalci \u0130srail&#8217;\u0131n sald\u0131rganl\u0131klar\u0131na yan\u0131t olarak 7 Ekim\u2019de ba\u015flatt\u0131\u011f\u0131 Aksa Tufan\u0131 Operasyonu\u2019nda \u00f6ne \u00e7\u0131kan geli\u015fmeler:<\/p>\n<ul>\n<li style=\"text-align: justify;\">Filistin direni\u015fi, \u0130srailli d\u00fc\u015fman\u0131n Refah \u015fehrinin do\u011fusundaki Karam \u015ealom askeri b\u00f6lgesi civar\u0131ndaki yo\u011funla\u015fmalar\u0131n\u0131 hedef ald\u0131.<\/li>\n<li style=\"text-align: justify;\">Filistin medyas\u0131: \u0130srail i\u015fgal u\u00e7aklar\u0131n\u0131n Gazze \u015eeridi&#8217;nin g\u00fcneyindeki Han Yunus&#8217;ta yard\u0131m malzemelerinin bulundu\u011fu bir depoyu bombalamas\u0131 sonucu uluslararas\u0131 yard\u0131m kurulu\u015flar\u0131nda \u00e7al\u0131\u015fan 4 i\u015f\u00e7i \u015fehit oldu.<\/li>\n<li style=\"text-align: justify;\">Filistin direni\u015f hedefleri, Gazze \u015fehrinin g\u00fcneyindeki \u201cNetzarim\u201d ekseninde \u0130srail d\u00fc\u015fman\u0131n\u0131n yo\u011funla\u015fmalar\u0131n\u0131 havan toplar\u0131yla vurdu.<\/li>\n<li style=\"text-align: justify;\">Filistin medyas\u0131: \u0130srail i\u015fgal u\u00e7aklar\u0131n\u0131n Gazze \u015eeridi&#8217;nin g\u00fcneyindeki Han Yunus&#8217;taki El Mawasi b\u00f6lgesini bombalamas\u0131 sonucu \u015fehitler ve yaral\u0131lar.<\/li>\n<li style=\"text-align: justify;\">Filistin medyas\u0131: \u0130srail i\u015fgal u\u00e7aklar\u0131n\u0131n Gazze \u015eeridi&#8217;nin g\u00fcneyindeki Refah \u015fehrinin bat\u0131s\u0131ndaki Tel el-Sultan mahallesini bombalamas\u0131 sonucu iki \u015fehit ve \u00e7ok say\u0131da yaral\u0131.<\/li>\n<li>\n<p style=\"text-align: justify;\">\u0130\u015fgalin Gazze \u015eeridi&#8217;nin \u00e7e\u015fitli b\u00f6lgelerini bombalamas\u0131 sonucu en az 10 Filistinli \u00f6ld\u00fcr\u00fcld\u00fc.<\/p>\n<\/li>\n<\/ul>\n<p style=\"text-align: center;\"><strong><a href=\"https:\/\/t.me\/SuriyeArapHaberAjansI\">Telegram Kanal\u0131m\u0131z\u00a0<\/a>||<a href=\"https:\/\/twitter.com\/arap_ajans\">X Platformumuz\u00a0<\/a>||<a href=\"https:\/\/www.facebook.com\/SANAHaberAjansi\/\">Facebook Sayfam\u0131z<\/a><\/strong><\/p>\n","protected":false},"excerpt":{"rendered":"<p>\u0130\u015eGAL ED\u0130LEN KUD\u00dcS (SANA) \u2013 Filistinli direni\u015finin i\u015fgalci \u0130srail&#8217;\u0131n sald\u0131rganl\u0131klar\u0131na yan\u0131t olarak 7 Ekim\u2019de ba\u015flatt\u0131\u011f\u0131 Aksa Tufan\u0131 Operasyonu\u2019nda \u00f6ne \u00e7\u0131kan geli\u015fmeler: Filistin direni\u015fi, \u0130srailli d\u00fc\u015fman\u0131n Refah \u015fehrinin do\u011fusundaki Karam \u015ealom askeri b\u00f6lgesi civar\u0131ndaki yo\u011funla\u015fmalar\u0131n\u0131 hedef ald\u0131. Filistin medyas\u0131: \u0130srail i\u015fgal u\u00e7aklar\u0131n\u0131n Gazze \u015eeridi&#8217;nin g\u00fcneyindeki Han Yunus&#8217;ta yard\u0131m malzemelerinin bulundu\u011fu bir depoyu bombalamas\u0131 sonucu uluslararas\u0131 yard\u0131m &hellip;<\/p>\n","protected":false},"author":36,"featured_media":304778,"comment_status":"closed","ping_status":"closed","sticky":false,"template":"","format":"standard","meta":{"footnotes":""},"categories":[458,459,17988],"tags":[],"class_list":["post-304777","post","type-post","status-publish","format-standard","has-post-thumbnail","","category-dunya1","category-haberler-arap-uluslararasi-politika","category-son-haberler"],"_links":{"self":[{"href":"https:\/\/archive.sana.sy\/tr\/index.php?rest_route=\/wp\/v2\/posts\/304777","targetHints":{"allow":["GET"]}}],"collection":[{"href":"https:\/\/archive.sana.sy\/tr\/index.php?rest_route=\/wp\/v2\/posts"}],"about":[{"href":"https:\/\/archive.sana.sy\/tr\/index.php?rest_route=\/wp\/v2\/types\/post"}],"author":[{"embeddable":true,"href":"https:\/\/archive.sana.sy\/tr\/index.php?rest_route=\/wp\/v2\/users\/36"}],"replies":[{"embeddable":true,"href":"https:\/\/archive.sana.sy\/tr\/index.php?rest_route=%2Fwp%2Fv2%2Fcomments&post=304777"}],"version-history":[{"count":3,"href":"https:\/\/archive.sana.sy\/tr\/index.php?rest_route=\/wp\/v2\/posts\/304777\/revisions"}],"predecessor-version":[{"id":304782,"href":"https:\/\/archive.sana.sy\/tr\/index.php?rest_route=\/wp\/v2\/posts\/304777\/revisions\/304782"}],"wp:featuredmedia":[{"embeddable":true,"href":"https:\/\/archive.sana.sy\/tr\/index.php?rest_route=\/wp\/v2\/media\/304778"}],"wp:attachment":[{"href":"https:\/\/archive.sana.sy\/tr\/index.php?rest_route=%2Fwp%2Fv2%2Fmedia&parent=304777"}],"wp:term":[{"taxonomy":"category","embeddable":true,"href":"https:\/\/archive.sana.sy\/tr\/index.php?rest_route=%2Fwp%2Fv2%2Fcategories&post=304777"},{"taxonomy":"post_tag","embeddable":true,"href":"https:\/\/archive.sana.sy\/tr\/index.php?rest_route=%2Fwp%2Fv2%2Ftags&post=304777"}],"curies":[{"name":"wp","href":"https:\/\/api.w.org\/{rel}","templated":true}]}}