{"id":304783,"date":"2024-07-12T12:55:48","date_gmt":"2024-07-12T09:55:48","guid":{"rendered":"https:\/\/sana.sy\/tr\/?p=304783"},"modified":"2024-07-14T14:48:57","modified_gmt":"2024-07-14T11:48:57","slug":"gazze-seridinin-cesitli-bolgelerine-duzenlenen-isgal-bombardimani-sonucu-en-az-10-filistinli-sehit-dustu","status":"publish","type":"post","link":"https:\/\/archive.sana.sy\/tr\/?p=304783","title":{"rendered":"Gazze \u015eeridi&#8217;nin \u00c7e\u015fitli B\u00f6lgelerine D\u00fczenlenen \u0130\u015fgal Bombard\u0131man\u0131 Sonucu En Az 10 Filistinli \u015eehit D\u00fc\u015ft\u00fc"},"content":{"rendered":"<p style=\"text-align: justify;\"><strong>\u0130\u015eGAL ED\u0130LEN KUD\u00dcS (SANA)<\/strong> &#8211;\u00a0 Sald\u0131rganl\u0131k 280&#8217;inci g\u00fcn\u00fcne girerken, bug\u00fcn sabah saatlerinde i\u015fgal u\u00e7aklar\u0131n\u0131n Gazze \u015eeridi&#8217;nin \u00e7e\u015fitli b\u00f6lgelerini bombalamas\u0131 sonucu en az 10 Filistinli \u015fehit oldu, \u00e7ok say\u0131da ki\u015fi de yaraland\u0131.<\/p>\n<p style=\"text-align: justify;\">Filistin medyas\u0131, i\u015fgal u\u00e7aklar\u0131n\u0131n Gazze \u015eeridi&#8217;nin g\u00fcneyindeki Han Yunus kentindeki evleri ve merkezdeki Nuseyrat kamp\u0131n\u0131 bombalayarak aralar\u0131nda \u00e7ocuklar\u0131n da bulundu\u011fu en az 10 Filistinlinin \u00f6l\u00fcm\u00fcne, baz\u0131lar\u0131n\u0131n da yaralanmas\u0131na yol a\u00e7t\u0131\u011f\u0131n\u0131 bildirdi.<\/p>\n<p style=\"text-align: justify;\">Nihai olmayan bir sonu\u00e7 olarak, Filistin Sa\u011fl\u0131k Bakanl\u0131\u011f\u0131 d\u00fcn, Gazze \u015eeridi&#8217;ne kar\u015f\u0131 ge\u00e7en Ekim ay\u0131n\u0131n yedisinden bu yana devam eden i\u015fgal sald\u0131r\u0131s\u0131n\u0131n kurbanlar\u0131n\u0131n say\u0131s\u0131n\u0131n 38.345 \u015fehit ve 88.295 yaral\u0131ya y\u00fckseldi\u011fini duyurdu.<\/p>\n<p style=\"text-align: center;\"><strong><a href=\"https:\/\/t.me\/SuriyeArapHaberAjansI\">Telegram Kanal\u0131m\u0131z\u00a0<\/a>||<a href=\"https:\/\/twitter.com\/arap_ajans\">X Platformumuz\u00a0<\/a>||<a href=\"https:\/\/www.facebook.com\/SANAHaberAjansi\/\">Facebook Sayfam\u0131z<\/a><\/strong><\/p>\n","protected":false},"excerpt":{"rendered":"<p>\u0130\u015eGAL ED\u0130LEN KUD\u00dcS (SANA) &#8211;\u00a0 Sald\u0131rganl\u0131k 280&#8217;inci g\u00fcn\u00fcne girerken, bug\u00fcn sabah saatlerinde i\u015fgal u\u00e7aklar\u0131n\u0131n Gazze \u015eeridi&#8217;nin \u00e7e\u015fitli b\u00f6lgelerini bombalamas\u0131 sonucu en az 10 Filistinli \u015fehit oldu, \u00e7ok say\u0131da ki\u015fi de yaraland\u0131. Filistin medyas\u0131, i\u015fgal u\u00e7aklar\u0131n\u0131n Gazze \u015eeridi&#8217;nin g\u00fcneyindeki Han Yunus kentindeki evleri ve merkezdeki Nuseyrat kamp\u0131n\u0131 bombalayarak aralar\u0131nda \u00e7ocuklar\u0131n da bulundu\u011fu en az 10 Filistinlinin &hellip;<\/p>\n","protected":false},"author":41,"featured_media":304784,"comment_status":"closed","ping_status":"closed","sticky":false,"template":"","format":"standard","meta":{"footnotes":""},"categories":[458,459,17988],"tags":[41927,40319],"class_list":["post-304783","post","type-post","status-publish","format-standard","has-post-thumbnail","","category-dunya1","category-haberler-arap-uluslararasi-politika","category-son-haberler","tag-gazze-seridinin-cesitli-bolgelerine-duzenlenen-isgal-bombardimani-sonucu-en-az-10-filistinli-sehit-dustu","tag-gazzede-son-gelimeler"],"_links":{"self":[{"href":"https:\/\/archive.sana.sy\/tr\/index.php?rest_route=\/wp\/v2\/posts\/304783","targetHints":{"allow":["GET"]}}],"collection":[{"href":"https:\/\/archive.sana.sy\/tr\/index.php?rest_route=\/wp\/v2\/posts"}],"about":[{"href":"https:\/\/archive.sana.sy\/tr\/index.php?rest_route=\/wp\/v2\/types\/post"}],"author":[{"embeddable":true,"href":"https:\/\/archive.sana.sy\/tr\/index.php?rest_route=\/wp\/v2\/users\/41"}],"replies":[{"embeddable":true,"href":"https:\/\/archive.sana.sy\/tr\/index.php?rest_route=%2Fwp%2Fv2%2Fcomments&post=304783"}],"version-history":[{"count":1,"href":"https:\/\/archive.sana.sy\/tr\/index.php?rest_route=\/wp\/v2\/posts\/304783\/revisions"}],"predecessor-version":[{"id":304785,"href":"https:\/\/archive.sana.sy\/tr\/index.php?rest_route=\/wp\/v2\/posts\/304783\/revisions\/304785"}],"wp:featuredmedia":[{"embeddable":true,"href":"https:\/\/archive.sana.sy\/tr\/index.php?rest_route=\/wp\/v2\/media\/304784"}],"wp:attachment":[{"href":"https:\/\/archive.sana.sy\/tr\/index.php?rest_route=%2Fwp%2Fv2%2Fmedia&parent=304783"}],"wp:term":[{"taxonomy":"category","embeddable":true,"href":"https:\/\/archive.sana.sy\/tr\/index.php?rest_route=%2Fwp%2Fv2%2Fcategories&post=304783"},{"taxonomy":"post_tag","embeddable":true,"href":"https:\/\/archive.sana.sy\/tr\/index.php?rest_route=%2Fwp%2Fv2%2Ftags&post=304783"}],"curies":[{"name":"wp","href":"https:\/\/api.w.org\/{rel}","templated":true}]}}