{"id":304786,"date":"2024-07-12T12:15:26","date_gmt":"2024-07-12T09:15:26","guid":{"rendered":"https:\/\/sana.sy\/tr\/?p=304786"},"modified":"2024-07-14T14:48:43","modified_gmt":"2024-07-14T11:48:43","slug":"antonov-nato-ulkeleri-kendilerini-dunyanin-her-yerinde-guc-kullanmaya-yetkili-goruyor","status":"publish","type":"post","link":"https:\/\/archive.sana.sy\/tr\/?p=304786","title":{"rendered":"Antonov: NATO \u00dclkeleri Kendilerini D\u00fcnyan\u0131n Her Yerinde G\u00fc\u00e7 Kullanmaya Yetkili G\u00f6r\u00fcyor"},"content":{"rendered":"<p style=\"text-align: justify;\"><strong>MOSKOVA (SANA)<\/strong> &#8211;\u00a0 Rusya&#8217;n\u0131n ABD B\u00fcy\u00fckel\u00e7isi Anatoly Antonov, NATO&#8217;nun demokrasiyi yaymak veya ter\u00f6rle m\u00fccadele gibi sahte bahanelerle d\u00fcnyan\u0131n herhangi bir yerinde g\u00fc\u00e7 kullanma hakk\u0131na sahip oldu\u011funu d\u00fc\u015f\u00fcnd\u00fc\u011f\u00fcn\u00fc do\u011frulad\u0131.<\/p>\n<p style=\"text-align: justify;\">Sputnik haber ajans\u0131n\u0131n aktard\u0131\u011f\u0131na g\u00f6re Antonov, son \u00fc\u00e7 g\u00fcn i\u00e7inde Washington&#8217;da ger\u00e7ekle\u015fen NATO zirvesi hakk\u0131nda gazetecilere \u015funlar\u0131 s\u00f6yledi: \u201cAlt\u0131n Milyar\u201d \u00fclkeler, yeni s\u00f6m\u00fcrge d\u00fczenlerini empoze etmek i\u00e7in d\u00fcnyay\u0131 s\u0131k\u0131\u015ft\u0131r\u0131lm\u0131\u015f bir durumda tutmak ve t\u00fcm b\u00f6lgelerden zenginli\u011fi emip almak istiyor \u2026Ve burada NATO, ister demokrasiyi ihra\u00e7 etme, ister insan haklar\u0131n\u0131 koruma veya ter\u00f6rle m\u00fccadele bahanesi alt\u0131nda olsun, gezegenin herhangi bir yerinde g\u00fc\u00e7 kullanma hakk\u0131n\u0131 etkili bir \u015fekilde ilan ediyor.\u201d<\/p>\n<p style=\"text-align: justify;\">Rus diplomat, son NATO zirvesinin \u00fclkelerinin &#8220;geri d\u00f6n\u00fclmez bir \u015fekilde \u00e7at\u0131\u015fma ve sava\u015f i\u00e7in maddi haz\u0131rl\u0131k yoluna girdi\u011fini&#8221; g\u00f6sterdi\u011fine dikkat \u00e7eken Antonov,\u00a0 \u201cABD ve m\u00fcttefikleri, zay\u0131flayan hegemonyalar\u0131n\u0131 s\u00fcrd\u00fcrmek i\u00e7in maksimum kaynaklar\u0131 harekete ge\u00e7irmek i\u00e7in \u00e7al\u0131\u015f\u0131yor\u201d ifadelerini kulland\u0131.<\/p>\n<p style=\"text-align: center;\"><strong><a href=\"https:\/\/t.me\/SuriyeArapHaberAjansI\">Telegram Kanal\u0131m\u0131z\u00a0<\/a>||<a href=\"https:\/\/twitter.com\/arap_ajans\">X Platformumuz\u00a0<\/a>||<a href=\"https:\/\/www.facebook.com\/SANAHaberAjansi\/\">Facebook Sayfam\u0131z<\/a><\/strong><\/p>\n","protected":false},"excerpt":{"rendered":"<p>MOSKOVA (SANA) &#8211;\u00a0 Rusya&#8217;n\u0131n ABD B\u00fcy\u00fckel\u00e7isi Anatoly Antonov, NATO&#8217;nun demokrasiyi yaymak veya ter\u00f6rle m\u00fccadele gibi sahte bahanelerle d\u00fcnyan\u0131n herhangi bir yerinde g\u00fc\u00e7 kullanma hakk\u0131na sahip oldu\u011funu d\u00fc\u015f\u00fcnd\u00fc\u011f\u00fcn\u00fc do\u011frulad\u0131. Sputnik haber ajans\u0131n\u0131n aktard\u0131\u011f\u0131na g\u00f6re Antonov, son \u00fc\u00e7 g\u00fcn i\u00e7inde Washington&#8217;da ger\u00e7ekle\u015fen NATO zirvesi hakk\u0131nda gazetecilere \u015funlar\u0131 s\u00f6yledi: \u201cAlt\u0131n Milyar\u201d \u00fclkeler, yeni s\u00f6m\u00fcrge d\u00fczenlerini empoze etmek i\u00e7in &hellip;<\/p>\n","protected":false},"author":41,"featured_media":304787,"comment_status":"closed","ping_status":"closed","sticky":false,"template":"","format":"standard","meta":{"footnotes":""},"categories":[458,459,17988],"tags":[],"class_list":["post-304786","post","type-post","status-publish","format-standard","has-post-thumbnail","","category-dunya1","category-haberler-arap-uluslararasi-politika","category-son-haberler"],"_links":{"self":[{"href":"https:\/\/archive.sana.sy\/tr\/index.php?rest_route=\/wp\/v2\/posts\/304786","targetHints":{"allow":["GET"]}}],"collection":[{"href":"https:\/\/archive.sana.sy\/tr\/index.php?rest_route=\/wp\/v2\/posts"}],"about":[{"href":"https:\/\/archive.sana.sy\/tr\/index.php?rest_route=\/wp\/v2\/types\/post"}],"author":[{"embeddable":true,"href":"https:\/\/archive.sana.sy\/tr\/index.php?rest_route=\/wp\/v2\/users\/41"}],"replies":[{"embeddable":true,"href":"https:\/\/archive.sana.sy\/tr\/index.php?rest_route=%2Fwp%2Fv2%2Fcomments&post=304786"}],"version-history":[{"count":2,"href":"https:\/\/archive.sana.sy\/tr\/index.php?rest_route=\/wp\/v2\/posts\/304786\/revisions"}],"predecessor-version":[{"id":304789,"href":"https:\/\/archive.sana.sy\/tr\/index.php?rest_route=\/wp\/v2\/posts\/304786\/revisions\/304789"}],"wp:featuredmedia":[{"embeddable":true,"href":"https:\/\/archive.sana.sy\/tr\/index.php?rest_route=\/wp\/v2\/media\/304787"}],"wp:attachment":[{"href":"https:\/\/archive.sana.sy\/tr\/index.php?rest_route=%2Fwp%2Fv2%2Fmedia&parent=304786"}],"wp:term":[{"taxonomy":"category","embeddable":true,"href":"https:\/\/archive.sana.sy\/tr\/index.php?rest_route=%2Fwp%2Fv2%2Fcategories&post=304786"},{"taxonomy":"post_tag","embeddable":true,"href":"https:\/\/archive.sana.sy\/tr\/index.php?rest_route=%2Fwp%2Fv2%2Ftags&post=304786"}],"curies":[{"name":"wp","href":"https:\/\/api.w.org\/{rel}","templated":true}]}}