{"id":304790,"date":"2024-07-12T06:22:59","date_gmt":"2024-07-12T03:22:59","guid":{"rendered":"https:\/\/sana.sy\/tr\/?p=304790"},"modified":"2024-07-14T14:48:35","modified_gmt":"2024-07-14T11:48:35","slug":"dusman-israil-lubnan-ordusuna-ait-bir-araci-hedef-aldi","status":"publish","type":"post","link":"https:\/\/archive.sana.sy\/tr\/?p=304790","title":{"rendered":"D\u00fc\u015fman \u0130srail L\u00fcbnan Ordusuna Ait Bir Arac\u0131 Hedef Ald\u0131"},"content":{"rendered":"<p style=\"text-align: justify;\"><strong>BEYRUT (SANA)<\/strong> &#8211;\u00a0 Bu sabah, L\u00fcbnan ordusuna ait bir ara\u00e7 olan \u201cHafi\u201d, G\u00fcney L\u00fcbnan&#8217;\u0131n do\u011fu kesimindeki Wazzani yak\u0131nlar\u0131ndaki Ghajar k\u00f6y\u00fcnden \u0130srail&#8217;in makineli t\u00fcfek ate\u015fine maruz kald\u0131.<\/p>\n<p style=\"text-align: justify;\">Ulusal Haber Ajans\u0131, araca do\u011frudan 4 kur\u015funun isabet etti\u011fini bildirirken, polis memurlar\u0131 bu sald\u0131r\u0131dan mucizevi bir \u015fekilde kurtuldu.<\/p>\n<p style=\"text-align: justify;\">Ayr\u0131ca \u0130srail d\u00fc\u015fman sava\u015f u\u00e7aklar\u0131 Keserwan semalar\u0131nda iki grup halinde ses bariyerini a\u015ft\u0131.<\/p>\n<p style=\"text-align: justify;\">Ayn\u0131 zamanda Jubail k\u0131y\u0131s\u0131 \u00fczerindeki g\u00f6klerdeki ses duvar\u0131n\u0131 da a\u015farak Koura ve Matn&#8217;\u0131n yan\u0131 s\u0131ra Trablus&#8217;a kadar kuzey g\u00f6klerine de ula\u015ft\u0131.<\/p>\n<p style=\"text-align: justify;\">D\u00fc\u015fman \u0130srail gece ve sabah\u0131n erken saatlerine kadar Mavi Hat&#8217;a kom\u015fu s\u0131n\u0131r k\u00f6ylerine i\u015faret fi\u015fekleri att\u0131.<\/p>\n<p style=\"text-align: justify;\">Bunun yan\u0131nda da, \u00a0orta kesimdeki Ramiya ve Aita al-Shaab kasabalar\u0131na kom\u015fu ormanlara da a\u011f\u0131r makineli t\u00fcfeklerle ate\u015f a\u00e7t\u0131.<\/p>\n<p style=\"text-align: justify;\">D\u00fc\u015fman ke\u015fif u\u00e7aklar\u0131 Tire ve Bint Cubeyil il\u00e7elerinin k\u00f6yleri \u00fczerinde u\u00e7maya devam etti.<\/p>\n<p style=\"text-align: justify;\">Buna ek olarak, \u00a0d\u00fcn ak\u015fam d\u00fc\u015fman sava\u015f u\u00e7aklar\u0131 El Tayeb kasabas\u0131na iki f\u00fcze sald\u0131r\u0131s\u0131 d\u00fczenledi.<\/p>\n<p style=\"text-align: center;\"><strong><a href=\"https:\/\/t.me\/SuriyeArapHaberAjansI\">Telegram Kanal\u0131m\u0131z\u00a0<\/a>||<a href=\"https:\/\/twitter.com\/arap_ajans\">X Platformumuz\u00a0<\/a>||<a href=\"https:\/\/www.facebook.com\/SANAHaberAjansi\/\">Facebook Sayfam\u0131z<\/a><\/strong><\/p>\n","protected":false},"excerpt":{"rendered":"<p>BEYRUT (SANA) &#8211;\u00a0 Bu sabah, L\u00fcbnan ordusuna ait bir ara\u00e7 olan \u201cHafi\u201d, G\u00fcney L\u00fcbnan&#8217;\u0131n do\u011fu kesimindeki Wazzani yak\u0131nlar\u0131ndaki Ghajar k\u00f6y\u00fcnden \u0130srail&#8217;in makineli t\u00fcfek ate\u015fine maruz kald\u0131. Ulusal Haber Ajans\u0131, araca do\u011frudan 4 kur\u015funun isabet etti\u011fini bildirirken, polis memurlar\u0131 bu sald\u0131r\u0131dan mucizevi bir \u015fekilde kurtuldu. Ayr\u0131ca \u0130srail d\u00fc\u015fman sava\u015f u\u00e7aklar\u0131 Keserwan semalar\u0131nda iki grup halinde ses &hellip;<\/p>\n","protected":false},"author":41,"featured_media":304791,"comment_status":"closed","ping_status":"closed","sticky":false,"template":"","format":"standard","meta":{"footnotes":""},"categories":[458,459,17988],"tags":[41930,41928,41929],"class_list":["post-304790","post","type-post","status-publish","format-standard","has-post-thumbnail","","category-dunya1","category-haberler-arap-uluslararasi-politika","category-son-haberler","tag-filistin-ve-israiln-arasindaki-sinir","tag-lubnan-sinirindaki-israilin-varligi","tag-luvnan"],"_links":{"self":[{"href":"https:\/\/archive.sana.sy\/tr\/index.php?rest_route=\/wp\/v2\/posts\/304790","targetHints":{"allow":["GET"]}}],"collection":[{"href":"https:\/\/archive.sana.sy\/tr\/index.php?rest_route=\/wp\/v2\/posts"}],"about":[{"href":"https:\/\/archive.sana.sy\/tr\/index.php?rest_route=\/wp\/v2\/types\/post"}],"author":[{"embeddable":true,"href":"https:\/\/archive.sana.sy\/tr\/index.php?rest_route=\/wp\/v2\/users\/41"}],"replies":[{"embeddable":true,"href":"https:\/\/archive.sana.sy\/tr\/index.php?rest_route=%2Fwp%2Fv2%2Fcomments&post=304790"}],"version-history":[{"count":1,"href":"https:\/\/archive.sana.sy\/tr\/index.php?rest_route=\/wp\/v2\/posts\/304790\/revisions"}],"predecessor-version":[{"id":304792,"href":"https:\/\/archive.sana.sy\/tr\/index.php?rest_route=\/wp\/v2\/posts\/304790\/revisions\/304792"}],"wp:featuredmedia":[{"embeddable":true,"href":"https:\/\/archive.sana.sy\/tr\/index.php?rest_route=\/wp\/v2\/media\/304791"}],"wp:attachment":[{"href":"https:\/\/archive.sana.sy\/tr\/index.php?rest_route=%2Fwp%2Fv2%2Fmedia&parent=304790"}],"wp:term":[{"taxonomy":"category","embeddable":true,"href":"https:\/\/archive.sana.sy\/tr\/index.php?rest_route=%2Fwp%2Fv2%2Fcategories&post=304790"},{"taxonomy":"post_tag","embeddable":true,"href":"https:\/\/archive.sana.sy\/tr\/index.php?rest_route=%2Fwp%2Fv2%2Ftags&post=304790"}],"curies":[{"name":"wp","href":"https:\/\/api.w.org\/{rel}","templated":true}]}}