{"id":304793,"date":"2024-07-12T13:00:46","date_gmt":"2024-07-12T10:00:46","guid":{"rendered":"https:\/\/sana.sy\/tr\/?p=304793"},"modified":"2024-07-14T14:49:01","modified_gmt":"2024-07-14T11:49:01","slug":"lubnan-direnisi-bircok-noktada-dusman-israili-hedef-aldi","status":"publish","type":"post","link":"https:\/\/archive.sana.sy\/tr\/?p=304793","title":{"rendered":"L\u00fcbnan Direni\u015fi Bir\u00e7ok Noktada D\u00fc\u015fman \u0130srail\u2019i Hedef Ald\u0131"},"content":{"rendered":"<p style=\"text-align: justify;\"><strong>BEYRUT (SANA)<\/strong> &#8211;\u00a0 L\u00fcbnan Ulusal Direni\u015fi g\u00fcd\u00fcml\u00fc f\u00fczelerle i\u015fgal alt\u0131ndaki Filistin topraklar\u0131ndaki Metulla yerle\u015fimini hedef alarak do\u011frudan isabet elde etti.<\/p>\n<p style=\"text-align: justify;\">Direni\u015f yapt\u0131\u011f\u0131 a\u00e7\u0131klamada \u015funlar\u0131 s\u00f6yledi: \u2018\u2019Gazze \u015eeridi&#8217;ndeki kararl\u0131 Filistin halk\u0131m\u0131za ve onlar\u0131n yi\u011fit ve onurlu direni\u015fine destek olarak, bu sabah direni\u015f sava\u015f\u00e7\u0131lar\u0131, Metulla kolonisindeki yeni askeri toplama ve ke\u015fif ekipleri merkezindeki casus ekipmanlar\u0131n\u0131 g\u00fcd\u00fcml\u00fc f\u00fczelerle hedef ald\u0131. D\u00fc\u015fman ekipmanlar\u0131 do\u011frudan vurdular, bu da y\u0131k\u0131ma yol a\u00e7t\u0131.\u2019\u2019<\/p>\n<p style=\"text-align: justify;\">L\u00fcbnan Direni\u015fi de benzer bir a\u00e7\u0131klamada, Hanita sahas\u0131 \u00e7evresinde f\u00fcze silahlar\u0131yla tahkimat ve y\u0131k\u0131m \u00e7al\u0131\u015fmalar\u0131 y\u00fcr\u00fcten bir grup d\u00fc\u015fman askerinin hedef al\u0131nd\u0131\u011f\u0131n\u0131 duyurdu.<\/p>\n<p style=\"text-align: center;\"><strong><a href=\"https:\/\/t.me\/SuriyeArapHaberAjansI\">Telegram Kanal\u0131m\u0131z\u00a0<\/a>||<a href=\"https:\/\/twitter.com\/arap_ajans\">X Platformumuz\u00a0<\/a>||<a href=\"https:\/\/www.facebook.com\/SANAHaberAjansi\/\">Facebook Sayfam\u0131z<\/a><\/strong><\/p>\n","protected":false},"excerpt":{"rendered":"<p>BEYRUT (SANA) &#8211;\u00a0 L\u00fcbnan Ulusal Direni\u015fi g\u00fcd\u00fcml\u00fc f\u00fczelerle i\u015fgal alt\u0131ndaki Filistin topraklar\u0131ndaki Metulla yerle\u015fimini hedef alarak do\u011frudan isabet elde etti. Direni\u015f yapt\u0131\u011f\u0131 a\u00e7\u0131klamada \u015funlar\u0131 s\u00f6yledi: \u2018\u2019Gazze \u015eeridi&#8217;ndeki kararl\u0131 Filistin halk\u0131m\u0131za ve onlar\u0131n yi\u011fit ve onurlu direni\u015fine destek olarak, bu sabah direni\u015f sava\u015f\u00e7\u0131lar\u0131, Metulla kolonisindeki yeni askeri toplama ve ke\u015fif ekipleri merkezindeki casus ekipmanlar\u0131n\u0131 g\u00fcd\u00fcml\u00fc f\u00fczelerle &hellip;<\/p>\n","protected":false},"author":41,"featured_media":304794,"comment_status":"closed","ping_status":"closed","sticky":false,"template":"","format":"standard","meta":{"footnotes":""},"categories":[458,459,17988],"tags":[41931],"class_list":["post-304793","post","type-post","status-publish","format-standard","has-post-thumbnail","","category-dunya1","category-haberler-arap-uluslararasi-politika","category-son-haberler","tag-lubnan-direnisi-bircok-noktada-dusman-israili-hedef-aldi"],"_links":{"self":[{"href":"https:\/\/archive.sana.sy\/tr\/index.php?rest_route=\/wp\/v2\/posts\/304793","targetHints":{"allow":["GET"]}}],"collection":[{"href":"https:\/\/archive.sana.sy\/tr\/index.php?rest_route=\/wp\/v2\/posts"}],"about":[{"href":"https:\/\/archive.sana.sy\/tr\/index.php?rest_route=\/wp\/v2\/types\/post"}],"author":[{"embeddable":true,"href":"https:\/\/archive.sana.sy\/tr\/index.php?rest_route=\/wp\/v2\/users\/41"}],"replies":[{"embeddable":true,"href":"https:\/\/archive.sana.sy\/tr\/index.php?rest_route=%2Fwp%2Fv2%2Fcomments&post=304793"}],"version-history":[{"count":1,"href":"https:\/\/archive.sana.sy\/tr\/index.php?rest_route=\/wp\/v2\/posts\/304793\/revisions"}],"predecessor-version":[{"id":304795,"href":"https:\/\/archive.sana.sy\/tr\/index.php?rest_route=\/wp\/v2\/posts\/304793\/revisions\/304795"}],"wp:featuredmedia":[{"embeddable":true,"href":"https:\/\/archive.sana.sy\/tr\/index.php?rest_route=\/wp\/v2\/media\/304794"}],"wp:attachment":[{"href":"https:\/\/archive.sana.sy\/tr\/index.php?rest_route=%2Fwp%2Fv2%2Fmedia&parent=304793"}],"wp:term":[{"taxonomy":"category","embeddable":true,"href":"https:\/\/archive.sana.sy\/tr\/index.php?rest_route=%2Fwp%2Fv2%2Fcategories&post=304793"},{"taxonomy":"post_tag","embeddable":true,"href":"https:\/\/archive.sana.sy\/tr\/index.php?rest_route=%2Fwp%2Fv2%2Ftags&post=304793"}],"curies":[{"name":"wp","href":"https:\/\/api.w.org\/{rel}","templated":true}]}}