{"id":304797,"date":"2024-07-12T15:58:25","date_gmt":"2024-07-12T12:58:25","guid":{"rendered":"https:\/\/sana.sy\/tr\/?p=304797"},"modified":"2024-07-14T14:49:11","modified_gmt":"2024-07-14T11:49:11","slug":"gazzede-sivil-savunma-cogunlugu-kadin-ve-cocuk-olmak-uzere-60-sehidin-cenazeleri-cikarildi","status":"publish","type":"post","link":"https:\/\/archive.sana.sy\/tr\/?p=304797","title":{"rendered":"Gazze&#8217;de Sivil Savunma: \u00c7o\u011funlu\u011fu Kad\u0131n Ve \u00c7ocuk Olmak \u00dczere 60 \u015eehidin Cenazeleri \u00c7\u0131kar\u0131ld\u0131"},"content":{"rendered":"<p style=\"text-align: justify;\"><strong>\u0130\u015eGAL ED\u0130LEN KUD\u00dcS (SANA)<\/strong> \u2013 \u0130\u015fgalci \u0130srail\u2019in Gazze \u015eeridi&#8217;ne y\u00f6nelik kara, deniz ve hava sald\u0131r\u0131lar\u0131n\u0131 280. g\u00fcn\u00fcnde s\u00fcrd\u00fcrd\u00fc\u011f\u00fc d\u00f6nemde, Gazze&#8217;nin bir\u00e7ok mahallesinde onlarca \u015fehidin naa\u015f\u0131 \u00e7\u0131kar\u0131ld\u0131. Bu olay, yakla\u015f\u0131k bir hafta s\u00fcren kara harek\u00e2t\u0131n\u0131n ard\u0131ndan i\u015fgal g\u00fc\u00e7lerinin b\u00f6lgeden \u00e7ekilmesinin ard\u0131ndan meydana geldi.<\/p>\n<p style=\"text-align: justify;\">Wafa Ajans\u0131, \u2018\u2019Gazze&#8217;de bu sabah ambulans ve kurtarma ekipleri, Gazze&#8217;nin \u00e7e\u015fitli mahallelerinde i\u015fgalcilerin bombalad\u0131\u011f\u0131 evlerin enkaz\u0131 alt\u0131ndan yakla\u015f\u0131k 60 \u015fehidin naa\u015f\u0131n\u0131 \u00e7\u0131kard\u0131\u2019\u2019 dedi.<\/p>\n<p style=\"text-align: justify;\">Buna kar\u015f\u0131l\u0131k Gazze&#8217;deki sivil savunma ekipleri, \u2018\u2019Tel El Hava \u00a0mahallesinde ve sanayi b\u00f6lgesinde, k\u00f6m\u00fcrle\u015fmi\u015f ve v\u00fccut par\u00e7alar\u0131 ile evlerinde infaz edilmi\u015f ailelerin de aralar\u0131nda bulundu\u011fu d\u00fczinelerce \u015fehidin naa\u015f\u0131 h\u00e2l\u00e2 yerde ve y\u0131k\u0131lan evlerin enkaz\u0131 alt\u0131nda yat\u0131yor. Bunun yan\u0131 s\u0131ra i\u015fgal g\u00fc\u00e7lerinin geri \u00e7ekilmeden \u00f6nce \u00e7ok say\u0131da evi yakmas\u0131 nedeniyle altyap\u0131da ciddi hasar meydana geldi\u2019\u2019 diyerek, i\u015fgal keskin ni\u015fanc\u0131lar\u0131n\u0131n hala Maliye D\u00f6ner Kav\u015fa\u011f\u0131 ve Tel El Hava mahallesini \u00e7evreleyen b\u00f6lgelerde oldu\u011fu ve evlerinin ba\u015f\u0131na gelen y\u0131k\u0131m\u0131 incelemek i\u00e7in b\u00f6lgeye d\u00f6nmeye \u00e7al\u0131\u015fan Filistinlileri hedef ald\u0131\u011f\u0131 konusunda uyard\u0131.<\/p>\n<p style=\"text-align: justify;\">Son saatlerde Gazze \u015fehrinin g\u00fcneyindeki El-Sabra mahallesine i\u015fgal u\u00e7aklar\u0131n\u0131n bombalamas\u0131 sonucu bir \u00e7ocuk \u015fehit oldu. Kentin bat\u0131s\u0131nda \u00e7ok say\u0131da eve d\u00fczenlenen benzer bombalama sonucu 2 Filistinli \u00f6ld\u00fc, 5 ki\u015fi de yaraland\u0131.<\/p>\n<p style=\"text-align: justify;\">\u00a0Gazze \u015eeridi&#8217;nin merkezinde, i\u015fgalcilerin Nuseyrat kamp\u0131n\u0131n kuzeyinde ba\u015flatt\u0131\u011f\u0131 bask\u0131nlarda ve \u015fiddetli top at\u0131\u015flar\u0131nda \u00e7ok say\u0131da Filistinli yaraland\u0131, kamp\u0131n bat\u0131s\u0131nda ise top\u00e7u bombard\u0131man\u0131 s\u00fcr\u00fcyor.<\/p>\n<p style=\"text-align: justify;\">Gazze \u015eeridi&#8217;nin g\u00fcneyinde, Refah&#8217;\u0131n Tel El Sultan mahallesine i\u015fgal u\u00e7aklar\u0131n\u0131n d\u00fczenledi\u011fi bombal\u0131 sald\u0131r\u0131da 2 Filistinli \u015fehit oldu, \u00e7ok say\u0131da Filistinli de yaraland\u0131. Bu olay, Han Yunus&#8217;ta yard\u0131m malzemelerinin bulundu\u011fu bir deponun u\u00e7ak taraf\u0131ndan bombalanmas\u0131 sonucu uluslararas\u0131 yard\u0131m kurulu\u015flar\u0131nda \u00e7al\u0131\u015fan 4 i\u015f\u00e7inin \u015fehit olmas\u0131yla ayn\u0131 zamana denk geldi.<\/p>\n<p style=\"text-align: center;\"><strong><a href=\"https:\/\/t.me\/SuriyeArapHaberAjansI\">Telegram Kanal\u0131m\u0131z\u00a0<\/a>||<a href=\"https:\/\/twitter.com\/arap_ajans\">X Platformumuz\u00a0<\/a>||<a href=\"https:\/\/www.facebook.com\/SANAHaberAjansi\/\">Facebook Sayfam\u0131z<\/a><\/strong><\/p>\n","protected":false},"excerpt":{"rendered":"<p>\u0130\u015eGAL ED\u0130LEN KUD\u00dcS (SANA) \u2013 \u0130\u015fgalci \u0130srail\u2019in Gazze \u015eeridi&#8217;ne y\u00f6nelik kara, deniz ve hava sald\u0131r\u0131lar\u0131n\u0131 280. g\u00fcn\u00fcnde s\u00fcrd\u00fcrd\u00fc\u011f\u00fc d\u00f6nemde, Gazze&#8217;nin bir\u00e7ok mahallesinde onlarca \u015fehidin naa\u015f\u0131 \u00e7\u0131kar\u0131ld\u0131. Bu olay, yakla\u015f\u0131k bir hafta s\u00fcren kara harek\u00e2t\u0131n\u0131n ard\u0131ndan i\u015fgal g\u00fc\u00e7lerinin b\u00f6lgeden \u00e7ekilmesinin ard\u0131ndan meydana geldi. Wafa Ajans\u0131, \u2018\u2019Gazze&#8217;de bu sabah ambulans ve kurtarma ekipleri, Gazze&#8217;nin \u00e7e\u015fitli mahallelerinde i\u015fgalcilerin &hellip;<\/p>\n","protected":false},"author":41,"featured_media":304798,"comment_status":"closed","ping_status":"closed","sticky":false,"template":"","format":"standard","meta":{"footnotes":""},"categories":[458,459,17988],"tags":[41932],"class_list":["post-304797","post","type-post","status-publish","format-standard","has-post-thumbnail","","category-dunya1","category-haberler-arap-uluslararasi-politika","category-son-haberler","tag-gazzede-sivil-savunma-cogunlugu-kadin-ve-cocuk-olmak-uzere-60-sehidin-cenazeleri-cikarildi"],"_links":{"self":[{"href":"https:\/\/archive.sana.sy\/tr\/index.php?rest_route=\/wp\/v2\/posts\/304797","targetHints":{"allow":["GET"]}}],"collection":[{"href":"https:\/\/archive.sana.sy\/tr\/index.php?rest_route=\/wp\/v2\/posts"}],"about":[{"href":"https:\/\/archive.sana.sy\/tr\/index.php?rest_route=\/wp\/v2\/types\/post"}],"author":[{"embeddable":true,"href":"https:\/\/archive.sana.sy\/tr\/index.php?rest_route=\/wp\/v2\/users\/41"}],"replies":[{"embeddable":true,"href":"https:\/\/archive.sana.sy\/tr\/index.php?rest_route=%2Fwp%2Fv2%2Fcomments&post=304797"}],"version-history":[{"count":1,"href":"https:\/\/archive.sana.sy\/tr\/index.php?rest_route=\/wp\/v2\/posts\/304797\/revisions"}],"predecessor-version":[{"id":304799,"href":"https:\/\/archive.sana.sy\/tr\/index.php?rest_route=\/wp\/v2\/posts\/304797\/revisions\/304799"}],"wp:featuredmedia":[{"embeddable":true,"href":"https:\/\/archive.sana.sy\/tr\/index.php?rest_route=\/wp\/v2\/media\/304798"}],"wp:attachment":[{"href":"https:\/\/archive.sana.sy\/tr\/index.php?rest_route=%2Fwp%2Fv2%2Fmedia&parent=304797"}],"wp:term":[{"taxonomy":"category","embeddable":true,"href":"https:\/\/archive.sana.sy\/tr\/index.php?rest_route=%2Fwp%2Fv2%2Fcategories&post=304797"},{"taxonomy":"post_tag","embeddable":true,"href":"https:\/\/archive.sana.sy\/tr\/index.php?rest_route=%2Fwp%2Fv2%2Ftags&post=304797"}],"curies":[{"name":"wp","href":"https:\/\/api.w.org\/{rel}","templated":true}]}}