{"id":304837,"date":"2024-07-13T17:32:22","date_gmt":"2024-07-13T14:32:22","guid":{"rendered":"https:\/\/sana.sy\/tr\/?p=304837"},"modified":"2024-07-15T12:03:33","modified_gmt":"2024-07-15T09:03:33","slug":"suriye-turkiye-ile-iliskilerin-geri-donusunun-iki-ulkenin-guvenlik-emniyet-ve-istikrarinin-temeli-olan-2011-oncesindeki-durumun-geri-donusune-dayandigini-vurguladi","status":"publish","type":"post","link":"https:\/\/archive.sana.sy\/tr\/?p=304837","title":{"rendered":"Suriye, T\u00fcrkiye \u0130le \u0130li\u015fkilerin Geri D\u00f6n\u00fc\u015f\u00fcn\u00fcn, \u0130ki \u00dclkenin G\u00fcvenlik, Emniyet Ve \u0130stikrar\u0131n\u0131n Temeli Olan 2011 \u00d6ncesindeki Durumun Geri D\u00f6n\u00fc\u015f\u00fcne Dayand\u0131\u011f\u0131n\u0131 Vurgulad\u0131"},"content":{"rendered":"<p style=\"text-align: justify;\"><strong>\u015eAM (SANA)<\/strong> &#8211; Suriye, T\u00fcrkiye ile ili\u015fkilerin normale d\u00f6nmesinin, iki \u00fclkenin g\u00fcvenlik, emniyet ve istikrar\u0131n\u0131n temeli olan 2011 \u00f6ncesindeki durumun geri d\u00f6n\u00fc\u015f\u00fcne dayand\u0131\u011f\u0131n\u0131 vurgulayarak, \u00fclkelerin \u00e7\u0131karlar\u0131n\u0131n \u00e7at\u0131\u015fma veya d\u00fc\u015fmanl\u0131\u011fa de\u011fil, aralar\u0131ndaki sa\u011flam ili\u015fkiye dayand\u0131\u011f\u0131na dikkat \u00e7ekti.<\/p>\n<p style=\"text-align: justify;\">D\u0131\u015fi\u015fleri ve Gurbet\u00e7iler Bakanl\u0131\u011f\u0131&#8217;ndan bug\u00fcn bir n\u00fcshas\u0131 SANA&#8217;ya ula\u015fan a\u00e7\u0131klamada \u015fu ifadelere yer verildi: \u2018\u2019Suriye-T\u00fcrkiye ili\u015fkilerine ili\u015fkin pozisyon ve a\u00e7\u0131klamalar\u0131n devam etti\u011fi bir d\u00f6nemde, Suriye Arap Cumhuriyeti, ger\u00e7ekler ve olaylar\u0131n kan\u0131tlad\u0131\u011f\u0131 \u00fczere, bir yandan halklar ile di\u011fer yandan Suriye&#8217;ye ve \u00fclkelerine zarar veren h\u00fck\u00fcmetlerin politika ve uygulamalar\u0131 aras\u0131nda net bir ayr\u0131m yapmak konusunda her zaman istekli oldu\u011funu hat\u0131rlatmak ister.\u2019<\/p>\n<p style=\"text-align: justify;\">Bakanl\u0131k a\u00e7\u0131klamas\u0131nda, \u2018\u2019 Suriye, \u00fclkelerin \u00e7\u0131karlar\u0131n\u0131n \u00e7at\u0131\u015fma veya d\u00fc\u015fmanl\u0131\u011fa de\u011fil, aralar\u0131ndaki sa\u011flam ili\u015fkilere dayand\u0131\u011f\u0131na dair kat\u0131 bir inanca dayan\u0131yordu ve hala da \u00f6yle. Buna dayanarak Suriye, kendisi ve bu \u00fclkeler aras\u0131ndaki ili\u015fkileri geli\u015ftirmek i\u00e7in ortaya konan \u00e7e\u015fitli giri\u015fimlere olumlu yakla\u015fma konusunda istekliydi\u2019\u2019\u2019 diye devam etti.<\/p>\n<p style=\"text-align: justify;\">Bakanl\u0131k ayr\u0131ca, \u2018\u2019Ayn\u0131 ba\u011flamda Suriye, Suriye-T\u00fcrkiye ili\u015fkilerini d\u00fczeltmeye y\u00f6nelik giri\u015fimleri g\u00f6z\u00f6n\u00fcnde bulundurdu.\u00a0 Bu giri\u015fimlerin sonucunun medyan\u0131n bir hedefi olmad\u0131\u011f\u0131na inan\u0131yor. Aksine, mevcut ger\u00e7eklere dayanan ve iki \u00fclke aras\u0131ndaki ili\u015fkiyi y\u00f6nlendiren, temeli egemenli\u011fe, ba\u011f\u0131ms\u0131zl\u0131\u011fa ve toprak b\u00fct\u00fcnl\u00fc\u011f\u00fcne sayg\u0131 olan belirli ilkelere dayanan amaca y\u00f6nelik bir yoldur. Kendi g\u00fcvenliklerini ve istikrarlar\u0131n\u0131 tehdit eden her \u015feyle y\u00fczle\u015fmenin yan\u0131 s\u0131ra, iki \u00fclkenin ve iki halk\u0131n ortak \u00e7\u0131karlar\u0131na hizmet etmektedir\u2019\u2019 ifadelerini kulland\u0131.<\/p>\n<p style=\"text-align: justify;\">\u2018\u2019Suriye Arap Cumhuriyeti, iki \u00fclke aras\u0131ndaki ili\u015fkilerin normal durumuna d\u00f6nmesiyle temsil edilen arzu edilen sonu\u00e7lara ula\u015f\u0131lmas\u0131n\u0131 sa\u011flamak i\u00e7in bu konudaki her t\u00fcrl\u00fc giri\u015fimin a\u00e7\u0131k temeller \u00fczerine in\u015fa edilmesi gerekti\u011fini vurguluyor\u2019\u2019\u00a0 a\u00e7\u0131klamas\u0131nda bulunan Bakanl\u0131k, \u2018\u2019 Bu temellerin ba\u015f\u0131nda yasad\u0131\u015f\u0131 olarak bulunan g\u00fc\u00e7lerin Suriye topraklar\u0131ndan \u00e7ekilmesi ve sadece Suriye&#8217;nin de\u011fil, T\u00fcrkiye&#8217;nin g\u00fcvenli\u011fini de tehdit eden ter\u00f6r \u00f6rg\u00fctleriyle m\u00fccadele gelmektedir\u2019\u2019 ifadelerini s\u00f6zlerine ekledi.<\/p>\n<p style=\"text-align: justify;\">D\u0131\u015fi\u015fleri Bakanl\u0131\u011f\u0131 a\u00e7\u0131klamas\u0131n\u0131 \u015fu s\u00f6zlerle tamamlad\u0131: \u2018\u2019Suriye Arap Cumhuriyeti, Suriye-T\u00fcrkiye ili\u015fkilerinin d\u00fczeltilmesi i\u00e7in samimi \u00e7aba g\u00f6steren karde\u015f ve dost \u00fclkelere te\u015fekk\u00fcr ve takdirlerini ifade ederken, iki \u00fclke aras\u0131ndaki normal ili\u015fkinin geri d\u00f6n\u00fc\u015f\u00fcn\u00fcn, iki \u00fclkenin g\u00fcvenlik, emniyet ve istikrar\u0131n\u0131n temeli olan 2011 \u00f6ncesindeki durumun geri d\u00f6n\u00fc\u015f\u00fcne dayand\u0131\u011f\u0131n\u0131 vurgulyour.\u2019\u2019<\/p>\n<p style=\"text-align: center;\"><strong><a href=\"https:\/\/t.me\/SuriyeArapHaberAjansI\">Telegram Kanal\u0131m\u0131z\u00a0<\/a>||<a href=\"https:\/\/twitter.com\/arap_ajans\">X Platformumuz\u00a0<\/a>||<a href=\"https:\/\/www.facebook.com\/SANAHaberAjansi\/\">Facebook Sayfam\u0131z<\/a><\/strong><\/p>\n","protected":false},"excerpt":{"rendered":"<p>\u015eAM (SANA) &#8211; Suriye, T\u00fcrkiye ile ili\u015fkilerin normale d\u00f6nmesinin, iki \u00fclkenin g\u00fcvenlik, emniyet ve istikrar\u0131n\u0131n temeli olan 2011 \u00f6ncesindeki durumun geri d\u00f6n\u00fc\u015f\u00fcne dayand\u0131\u011f\u0131n\u0131 vurgulayarak, \u00fclkelerin \u00e7\u0131karlar\u0131n\u0131n \u00e7at\u0131\u015fma veya d\u00fc\u015fmanl\u0131\u011fa de\u011fil, aralar\u0131ndaki sa\u011flam ili\u015fkiye dayand\u0131\u011f\u0131na dikkat \u00e7ekti. D\u0131\u015fi\u015fleri ve Gurbet\u00e7iler Bakanl\u0131\u011f\u0131&#8217;ndan bug\u00fcn bir n\u00fcshas\u0131 SANA&#8217;ya ula\u015fan a\u00e7\u0131klamada \u015fu ifadelere yer verildi: \u2018\u2019Suriye-T\u00fcrkiye ili\u015fkilerine ili\u015fkin pozisyon ve &hellip;<\/p>\n","protected":false},"author":41,"featured_media":304838,"comment_status":"closed","ping_status":"closed","sticky":false,"template":"","format":"standard","meta":{"footnotes":""},"categories":[17988,2554,2555],"tags":[41944,41947,41943,16591,41948,41949,41611,41945,41946,41942],"class_list":["post-304837","post","type-post","status-publish","format-standard","has-post-thumbnail","","category-son-haberler","category-suriye-ve-dunya","category-suriye-ve-turkiye","tag-emniyet-ve-istikrarinin-temeli-olan-2011-oncesindeki-durumun-geri-donusune-dayandigini-vurguladi","tag-erdogan-ve-esad-arasinda-gerceklesecek-gorusme","tag-iki-ulkenin-guvenlik","tag-suriye","tag-suriye-erdogan-aciklamasina-yanit-verdi","tag-suriye-turkiye-ile-iliskilerinin-yeniden-normallesmesi-icin-ne-istiyor","tag-suriye-ve-turkiye-arasindaki-iliskiler","tag-suriye-ve-turkiye-iliskilerin-normallesmesi","tag-suriye-ve-turkiye-ne-zaman-toplanacak","tag-turkiye-ile-iliskilerin-geri-donusunun"],"_links":{"self":[{"href":"https:\/\/archive.sana.sy\/tr\/index.php?rest_route=\/wp\/v2\/posts\/304837","targetHints":{"allow":["GET"]}}],"collection":[{"href":"https:\/\/archive.sana.sy\/tr\/index.php?rest_route=\/wp\/v2\/posts"}],"about":[{"href":"https:\/\/archive.sana.sy\/tr\/index.php?rest_route=\/wp\/v2\/types\/post"}],"author":[{"embeddable":true,"href":"https:\/\/archive.sana.sy\/tr\/index.php?rest_route=\/wp\/v2\/users\/41"}],"replies":[{"embeddable":true,"href":"https:\/\/archive.sana.sy\/tr\/index.php?rest_route=%2Fwp%2Fv2%2Fcomments&post=304837"}],"version-history":[{"count":3,"href":"https:\/\/archive.sana.sy\/tr\/index.php?rest_route=\/wp\/v2\/posts\/304837\/revisions"}],"predecessor-version":[{"id":304852,"href":"https:\/\/archive.sana.sy\/tr\/index.php?rest_route=\/wp\/v2\/posts\/304837\/revisions\/304852"}],"wp:featuredmedia":[{"embeddable":true,"href":"https:\/\/archive.sana.sy\/tr\/index.php?rest_route=\/wp\/v2\/media\/304838"}],"wp:attachment":[{"href":"https:\/\/archive.sana.sy\/tr\/index.php?rest_route=%2Fwp%2Fv2%2Fmedia&parent=304837"}],"wp:term":[{"taxonomy":"category","embeddable":true,"href":"https:\/\/archive.sana.sy\/tr\/index.php?rest_route=%2Fwp%2Fv2%2Fcategories&post=304837"},{"taxonomy":"post_tag","embeddable":true,"href":"https:\/\/archive.sana.sy\/tr\/index.php?rest_route=%2Fwp%2Fv2%2Ftags&post=304837"}],"curies":[{"name":"wp","href":"https:\/\/api.w.org\/{rel}","templated":true}]}}