{"id":304862,"date":"2024-07-14T22:29:00","date_gmt":"2024-07-14T19:29:00","guid":{"rendered":"https:\/\/sana.sy\/tr\/?p=304862"},"modified":"2024-07-15T12:00:15","modified_gmt":"2024-07-15T09:00:15","slug":"israilin-guney-bolgesine-yonelik-saldirganligi-sonucunda-bir-asker-sehit-dustu-uc-asker-de-yaralandi","status":"publish","type":"post","link":"https:\/\/archive.sana.sy\/tr\/?p=304862","title":{"rendered":"\u0130srail&#8217;in G\u00fcney B\u00f6lgesine Y\u00f6nelik Sald\u0131rganl\u0131\u011f\u0131 Sonucunda Bir Asker \u015eehit D\u00fc\u015ft\u00fc, \u00dc\u00e7 Asker De Yaraland\u0131"},"content":{"rendered":"<p style=\"text-align: justify;\"><strong>\u015eAM (SANA) \u2013 <\/strong>\u0130srail&#8217;in Cumartesi gece yar\u0131s\u0131ndan sonra g\u00fcney b\u00f6lgedeki baz\u0131 askeri tesislerimizi ve \u015eam&#8217;\u0131n Kefir Susa b\u00f6lgesindeki bir konut binas\u0131n\u0131 hedef alan hava sald\u0131rganl\u0131\u011f\u0131nda 1 asker \u015fehit d\u00fc\u015ft\u00fc, 3 asker de yaraland\u0131.<\/p>\n<p style=\"text-align: justify;\">Askeri bir kaynak, SANA muhabirine, sald\u0131rganl\u0131\u011f\u0131n\u0131n i\u015fgal alt\u0131ndaki Suriye Golan y\u00f6n\u00fcnden yap\u0131ld\u0131\u011f\u0131n\u0131, hava savunma g\u00fc\u00e7lerimizin da d\u00fc\u015fman\u0131n f\u00fczelerine yo\u011funlu\u011funa ra\u011fmen kar\u015f\u0131l\u0131k vererek \u00e7ok say\u0131da f\u00fczeyi d\u00fc\u015f\u00fcrd\u00fc\u011f\u00fcn\u00fc kaydetti.<\/p>\n<p style=\"text-align: center;\"><strong><a href=\"https:\/\/t.me\/SuriyeArapHaberAjansI\">Telegram Kanal\u0131m\u0131z\u00a0<\/a>||<a href=\"https:\/\/twitter.com\/arap_ajans\">X Platformumuz\u00a0<\/a>||<a href=\"https:\/\/www.facebook.com\/SANAHaberAjansi\/\">Facebook Sayfam\u0131z<\/a><\/strong><\/p>\n<div id='gallery-1' class='gallery galleryid-304862 gallery-columns-1 gallery-size-full'><figure class='gallery-item'>\n\t\t\t<div class='gallery-icon landscape'>\n\t\t\t\t<a href='https:\/\/archive.sana.sy\/tr\/wp-content\/uploads\/2024\/07\/DSC_1119-scaled-1.jpg'><img loading=\"lazy\" decoding=\"async\" width=\"2560\" height=\"1724\" src=\"https:\/\/archive.sana.sy\/tr\/wp-content\/uploads\/2024\/07\/DSC_1119-scaled-1.jpg\" class=\"attachment-full size-full\" alt=\"\" srcset=\"https:\/\/archive.sana.sy\/tr\/wp-content\/uploads\/2024\/07\/DSC_1119-scaled-1.jpg 2560w, https:\/\/archive.sana.sy\/tr\/wp-content\/uploads\/2024\/07\/DSC_1119-scaled-1-300x202.jpg 300w, https:\/\/archive.sana.sy\/tr\/wp-content\/uploads\/2024\/07\/DSC_1119-scaled-1-1024x690.jpg 1024w, https:\/\/archive.sana.sy\/tr\/wp-content\/uploads\/2024\/07\/DSC_1119-scaled-1-768x517.jpg 768w, https:\/\/archive.sana.sy\/tr\/wp-content\/uploads\/2024\/07\/DSC_1119-scaled-1-1536x1034.jpg 1536w, https:\/\/archive.sana.sy\/tr\/wp-content\/uploads\/2024\/07\/DSC_1119-scaled-1-2048x1379.jpg 2048w, https:\/\/archive.sana.sy\/tr\/wp-content\/uploads\/2024\/07\/DSC_1119-scaled-1-110x75.jpg 110w\" sizes=\"auto, (max-width: 2560px) 100vw, 2560px\" \/><\/a>\n\t\t\t<\/div><\/figure><figure class='gallery-item'>\n\t\t\t<div class='gallery-icon landscape'>\n\t\t\t\t<a href='https:\/\/archive.sana.sy\/tr\/wp-content\/uploads\/2024\/07\/DSC_1141-scaled-1.jpg'><img loading=\"lazy\" decoding=\"async\" width=\"2560\" height=\"1707\" src=\"https:\/\/archive.sana.sy\/tr\/wp-content\/uploads\/2024\/07\/DSC_1141-scaled-1.jpg\" class=\"attachment-full size-full\" alt=\"\" srcset=\"https:\/\/archive.sana.sy\/tr\/wp-content\/uploads\/2024\/07\/DSC_1141-scaled-1.jpg 2560w, https:\/\/archive.sana.sy\/tr\/wp-content\/uploads\/2024\/07\/DSC_1141-scaled-1-300x200.jpg 300w, https:\/\/archive.sana.sy\/tr\/wp-content\/uploads\/2024\/07\/DSC_1141-scaled-1-1024x683.jpg 1024w, https:\/\/archive.sana.sy\/tr\/wp-content\/uploads\/2024\/07\/DSC_1141-scaled-1-768x512.jpg 768w, https:\/\/archive.sana.sy\/tr\/wp-content\/uploads\/2024\/07\/DSC_1141-scaled-1-1536x1024.jpg 1536w, https:\/\/archive.sana.sy\/tr\/wp-content\/uploads\/2024\/07\/DSC_1141-scaled-1-2048x1366.jpg 2048w\" sizes=\"auto, (max-width: 2560px) 100vw, 2560px\" \/><\/a>\n\t\t\t<\/div><\/figure><figure class='gallery-item'>\n\t\t\t<div class='gallery-icon landscape'>\n\t\t\t\t<a href='https:\/\/archive.sana.sy\/tr\/wp-content\/uploads\/2024\/07\/DSC_1168-scaled-1.jpg'><img loading=\"lazy\" decoding=\"async\" width=\"2560\" height=\"1707\" src=\"https:\/\/archive.sana.sy\/tr\/wp-content\/uploads\/2024\/07\/DSC_1168-scaled-1.jpg\" class=\"attachment-full size-full\" alt=\"\" srcset=\"https:\/\/archive.sana.sy\/tr\/wp-content\/uploads\/2024\/07\/DSC_1168-scaled-1.jpg 2560w, https:\/\/archive.sana.sy\/tr\/wp-content\/uploads\/2024\/07\/DSC_1168-scaled-1-300x200.jpg 300w, https:\/\/archive.sana.sy\/tr\/wp-content\/uploads\/2024\/07\/DSC_1168-scaled-1-1024x683.jpg 1024w, https:\/\/archive.sana.sy\/tr\/wp-content\/uploads\/2024\/07\/DSC_1168-scaled-1-768x512.jpg 768w, https:\/\/archive.sana.sy\/tr\/wp-content\/uploads\/2024\/07\/DSC_1168-scaled-1-1536x1024.jpg 1536w, https:\/\/archive.sana.sy\/tr\/wp-content\/uploads\/2024\/07\/DSC_1168-scaled-1-2048x1366.jpg 2048w\" sizes=\"auto, (max-width: 2560px) 100vw, 2560px\" \/><\/a>\n\t\t\t<\/div><\/figure><figure class='gallery-item'>\n\t\t\t<div class='gallery-icon landscape'>\n\t\t\t\t<a href='https:\/\/archive.sana.sy\/tr\/wp-content\/uploads\/2024\/07\/DSC_1243-scaled-1.jpg'><img loading=\"lazy\" decoding=\"async\" width=\"2560\" height=\"1707\" src=\"https:\/\/archive.sana.sy\/tr\/wp-content\/uploads\/2024\/07\/DSC_1243-scaled-1.jpg\" class=\"attachment-full size-full\" alt=\"\" srcset=\"https:\/\/archive.sana.sy\/tr\/wp-content\/uploads\/2024\/07\/DSC_1243-scaled-1.jpg 2560w, https:\/\/archive.sana.sy\/tr\/wp-content\/uploads\/2024\/07\/DSC_1243-scaled-1-300x200.jpg 300w, https:\/\/archive.sana.sy\/tr\/wp-content\/uploads\/2024\/07\/DSC_1243-scaled-1-1024x683.jpg 1024w, https:\/\/archive.sana.sy\/tr\/wp-content\/uploads\/2024\/07\/DSC_1243-scaled-1-768x512.jpg 768w, https:\/\/archive.sana.sy\/tr\/wp-content\/uploads\/2024\/07\/DSC_1243-scaled-1-1536x1024.jpg 1536w, https:\/\/archive.sana.sy\/tr\/wp-content\/uploads\/2024\/07\/DSC_1243-scaled-1-2048x1366.jpg 2048w\" sizes=\"auto, (max-width: 2560px) 100vw, 2560px\" \/><\/a>\n\t\t\t<\/div><\/figure><figure class='gallery-item'>\n\t\t\t<div class='gallery-icon landscape'>\n\t\t\t\t<a href='https:\/\/archive.sana.sy\/tr\/wp-content\/uploads\/2024\/07\/DSC_1269-scaled-1.jpg'><img loading=\"lazy\" decoding=\"async\" width=\"2560\" height=\"1707\" src=\"https:\/\/archive.sana.sy\/tr\/wp-content\/uploads\/2024\/07\/DSC_1269-scaled-1.jpg\" class=\"attachment-full size-full\" alt=\"\" srcset=\"https:\/\/archive.sana.sy\/tr\/wp-content\/uploads\/2024\/07\/DSC_1269-scaled-1.jpg 2560w, https:\/\/archive.sana.sy\/tr\/wp-content\/uploads\/2024\/07\/DSC_1269-scaled-1-300x200.jpg 300w, https:\/\/archive.sana.sy\/tr\/wp-content\/uploads\/2024\/07\/DSC_1269-scaled-1-1024x683.jpg 1024w, https:\/\/archive.sana.sy\/tr\/wp-content\/uploads\/2024\/07\/DSC_1269-scaled-1-768x512.jpg 768w, https:\/\/archive.sana.sy\/tr\/wp-content\/uploads\/2024\/07\/DSC_1269-scaled-1-1536x1024.jpg 1536w, https:\/\/archive.sana.sy\/tr\/wp-content\/uploads\/2024\/07\/DSC_1269-scaled-1-2048x1366.jpg 2048w\" sizes=\"auto, (max-width: 2560px) 100vw, 2560px\" \/><\/a>\n\t\t\t<\/div><\/figure><figure class='gallery-item'>\n\t\t\t<div class='gallery-icon landscape'>\n\t\t\t\t<a href='https:\/\/archive.sana.sy\/tr\/wp-content\/uploads\/2024\/07\/DSC_1292-scaled-1.jpg'><img loading=\"lazy\" decoding=\"async\" width=\"2560\" height=\"1707\" src=\"https:\/\/archive.sana.sy\/tr\/wp-content\/uploads\/2024\/07\/DSC_1292-scaled-1.jpg\" class=\"attachment-full size-full\" alt=\"\" srcset=\"https:\/\/archive.sana.sy\/tr\/wp-content\/uploads\/2024\/07\/DSC_1292-scaled-1.jpg 2560w, https:\/\/archive.sana.sy\/tr\/wp-content\/uploads\/2024\/07\/DSC_1292-scaled-1-300x200.jpg 300w, https:\/\/archive.sana.sy\/tr\/wp-content\/uploads\/2024\/07\/DSC_1292-scaled-1-1024x683.jpg 1024w, https:\/\/archive.sana.sy\/tr\/wp-content\/uploads\/2024\/07\/DSC_1292-scaled-1-768x512.jpg 768w, https:\/\/archive.sana.sy\/tr\/wp-content\/uploads\/2024\/07\/DSC_1292-scaled-1-1536x1024.jpg 1536w, https:\/\/archive.sana.sy\/tr\/wp-content\/uploads\/2024\/07\/DSC_1292-scaled-1-2048x1366.jpg 2048w\" sizes=\"auto, (max-width: 2560px) 100vw, 2560px\" \/><\/a>\n\t\t\t<\/div><\/figure><figure class='gallery-item'>\n\t\t\t<div class='gallery-icon landscape'>\n\t\t\t\t<a href='https:\/\/archive.sana.sy\/tr\/wp-content\/uploads\/2024\/07\/DSC_1303-scaled-1.jpg'><img loading=\"lazy\" decoding=\"async\" width=\"2560\" height=\"1674\" src=\"https:\/\/archive.sana.sy\/tr\/wp-content\/uploads\/2024\/07\/DSC_1303-scaled-1.jpg\" class=\"attachment-full size-full\" alt=\"\" srcset=\"https:\/\/archive.sana.sy\/tr\/wp-content\/uploads\/2024\/07\/DSC_1303-scaled-1.jpg 2560w, https:\/\/archive.sana.sy\/tr\/wp-content\/uploads\/2024\/07\/DSC_1303-scaled-1-300x196.jpg 300w, https:\/\/archive.sana.sy\/tr\/wp-content\/uploads\/2024\/07\/DSC_1303-scaled-1-1024x670.jpg 1024w, https:\/\/archive.sana.sy\/tr\/wp-content\/uploads\/2024\/07\/DSC_1303-scaled-1-768x502.jpg 768w, https:\/\/archive.sana.sy\/tr\/wp-content\/uploads\/2024\/07\/DSC_1303-scaled-1-1536x1004.jpg 1536w, https:\/\/archive.sana.sy\/tr\/wp-content\/uploads\/2024\/07\/DSC_1303-scaled-1-2048x1339.jpg 2048w\" sizes=\"auto, (max-width: 2560px) 100vw, 2560px\" \/><\/a>\n\t\t\t<\/div><\/figure>\n\t\t<\/div>\n\n","protected":false},"excerpt":{"rendered":"<p>\u015eAM (SANA) \u2013 \u0130srail&#8217;in Cumartesi gece yar\u0131s\u0131ndan sonra g\u00fcney b\u00f6lgedeki baz\u0131 askeri tesislerimizi ve \u015eam&#8217;\u0131n Kefir Susa b\u00f6lgesindeki bir konut binas\u0131n\u0131 hedef alan hava sald\u0131rganl\u0131\u011f\u0131nda 1 asker \u015fehit d\u00fc\u015ft\u00fc, 3 asker de yaraland\u0131. Askeri bir kaynak, SANA muhabirine, sald\u0131rganl\u0131\u011f\u0131n\u0131n i\u015fgal alt\u0131ndaki Suriye Golan y\u00f6n\u00fcnden yap\u0131ld\u0131\u011f\u0131n\u0131, hava savunma g\u00fc\u00e7lerimizin da d\u00fc\u015fman\u0131n f\u00fczelerine yo\u011funlu\u011funa ra\u011fmen kar\u015f\u0131l\u0131k vererek &hellip;<\/p>\n","protected":false},"author":39,"featured_media":304863,"comment_status":"closed","ping_status":"closed","sticky":false,"template":"","format":"standard","meta":{"footnotes":""},"categories":[479,575,17988,478],"tags":[41953],"class_list":["post-304862","post","type-post","status-publish","format-standard","has-post-thumbnail","","category-haberler-yerel","category-olaylar-ve-gercekler","category-son-haberler","category-yerel","tag-israil-sama-saldirdi"],"_links":{"self":[{"href":"https:\/\/archive.sana.sy\/tr\/index.php?rest_route=\/wp\/v2\/posts\/304862","targetHints":{"allow":["GET"]}}],"collection":[{"href":"https:\/\/archive.sana.sy\/tr\/index.php?rest_route=\/wp\/v2\/posts"}],"about":[{"href":"https:\/\/archive.sana.sy\/tr\/index.php?rest_route=\/wp\/v2\/types\/post"}],"author":[{"embeddable":true,"href":"https:\/\/archive.sana.sy\/tr\/index.php?rest_route=\/wp\/v2\/users\/39"}],"replies":[{"embeddable":true,"href":"https:\/\/archive.sana.sy\/tr\/index.php?rest_route=%2Fwp%2Fv2%2Fcomments&post=304862"}],"version-history":[{"count":4,"href":"https:\/\/archive.sana.sy\/tr\/index.php?rest_route=\/wp\/v2\/posts\/304862\/revisions"}],"predecessor-version":[{"id":304881,"href":"https:\/\/archive.sana.sy\/tr\/index.php?rest_route=\/wp\/v2\/posts\/304862\/revisions\/304881"}],"wp:featuredmedia":[{"embeddable":true,"href":"https:\/\/archive.sana.sy\/tr\/index.php?rest_route=\/wp\/v2\/media\/304863"}],"wp:attachment":[{"href":"https:\/\/archive.sana.sy\/tr\/index.php?rest_route=%2Fwp%2Fv2%2Fmedia&parent=304862"}],"wp:term":[{"taxonomy":"category","embeddable":true,"href":"https:\/\/archive.sana.sy\/tr\/index.php?rest_route=%2Fwp%2Fv2%2Fcategories&post=304862"},{"taxonomy":"post_tag","embeddable":true,"href":"https:\/\/archive.sana.sy\/tr\/index.php?rest_route=%2Fwp%2Fv2%2Ftags&post=304862"}],"curies":[{"name":"wp","href":"https:\/\/api.w.org\/{rel}","templated":true}]}}