{"id":304885,"date":"2024-07-14T22:06:48","date_gmt":"2024-07-14T19:06:48","guid":{"rendered":"https:\/\/sana.sy\/tr\/?p=304885"},"modified":"2024-07-17T08:10:59","modified_gmt":"2024-07-17T05:10:59","slug":"suriye-isgalin-bolge-ulkelerine-yonelik-saldirilarindaki-israrinin-kendisini-tehlikeli-bir-tirmanisa-surukleme-tehlikesi-tasidigini-vurguladi","status":"publish","type":"post","link":"https:\/\/archive.sana.sy\/tr\/?p=304885","title":{"rendered":"Suriye: \u0130\u015fgalin Sald\u0131rganl\u0131ktaki Israr\u0131 B\u00f6lgeyi Tehlikeli Bir T\u0131rman\u0131\u015fa S\u00fcr\u00fckleyecek"},"content":{"rendered":"<p style=\"text-align: justify;\"><strong>\u015eAM<\/strong> <strong>\u00a0(SANA)<\/strong> &#8211; Suriye, i\u015fgalci \u0130srail\u2019in Suriye topraklar\u0131na ve b\u00f6lge \u00fclkelerine y\u00f6nelik sald\u0131r\u0131lar\u0131n\u0131n \u0131srarla s\u00fcrd\u00fcr\u00fclmesinin, kendisini kontrol edilmesi zor ve \u00f6ng\u00f6r\u00fclemeyen vahim sonu\u00e7lara yol a\u00e7acak tehlikeli bir t\u0131rman\u0131\u015fa s\u00fcr\u00fckleme tehdidinde bulundu\u011funu do\u011frulayarak, \u00a0bu konuyla ilgili devam eden uluslararas\u0131 sessizli\u011fin, uluslararas\u0131 sistemin kendi t\u00fcz\u00fc\u011f\u00fcne ve uluslararas\u0131 hukuka y\u00f6nelik bu ihlallerle y\u00fczle\u015fme yetene\u011fini zay\u0131flataca\u011f\u0131 konusunda uyard\u0131.<\/p>\n<p style=\"text-align: justify;\">D\u0131\u015fi\u015fleri ve Gurbet\u00e7iler Bakanl\u0131\u011f\u0131&#8217;ndan bug\u00fcn bir kopyas\u0131 SANA&#8217;ya ula\u015fan a\u00e7\u0131klama: \u2018\u2019Suriye Arap Cumhuriyeti topraklar\u0131na y\u00f6nelik devam eden sald\u0131r\u0131lar\u0131n\u0131 ilerletmek amac\u0131yla, 14.07.2024 Pazar sabah\u0131 \u0130srail i\u015fgal g\u00fc\u00e7leri, i\u015fgal alt\u0131ndaki Suriye Golan y\u00f6n\u00fcnden bir hava sald\u0131r\u0131s\u0131 d\u00fczenleyerek g\u00fcney b\u00f6lgedeki \u00e7ok say\u0131da askeri b\u00f6lgeyi ve \u015eam&#8217;\u0131n Kafr Sousa semtindeki bir konut binas\u0131n\u0131 hedef ald\u0131. Bu da bir askerin \u015fehit olmas\u0131na, \u00fc\u00e7 askerin de yaralanmas\u0131na, konutlarda ve altyap\u0131da a\u011f\u0131r maddi hasara yol a\u00e7t\u0131.\u2019\u2019<\/p>\n<p style=\"text-align: justify;\">Bakanl\u0131k ayr\u0131ca, \u2018\u2019Suriye Arap Cumhuriyeti, \u0130srail&#8217;in t\u00fcm uluslararas\u0131 yasa ve s\u00f6zle\u015fmeleri hi\u00e7e saymas\u0131na ve Gazze&#8217;de i\u015fledi\u011fi soyk\u0131r\u0131m su\u00e7lar\u0131na ili\u015fkin s\u00fcregelen uluslararas\u0131 sessizli\u011fin, uluslararas\u0131 sistemin, uluslararas\u0131 s\u00f6zle\u015fme ve hukukuna y\u00f6nelik bu ciddi ihlallerle y\u00fczle\u015fme yetene\u011fini zay\u0131flataca\u011f\u0131 konusunda uyar\u0131yor\u2019\u2019 ifadelerini kulland\u0131.<\/p>\n<p style=\"text-align: justify;\">D\u0131\u015fi\u015fleri Bakanl\u0131\u011f\u0131, \u2018\u2019\u0130srail i\u015fgal otoritelerinin Suriye topraklar\u0131na ve b\u00f6lgedeki di\u011fer \u00fclkelere y\u00f6nelik sald\u0131r\u0131lar\u0131ndaki \u0131srar\u0131, onlar\u0131, kontrol edilmesi zor ve vahim, \u00f6ng\u00f6r\u00fclemeyen sonu\u00e7lara yol a\u00e7acak olan tehlikeli bir t\u0131rman\u0131\u015fa s\u00fcr\u00fckleme tehdidinde bulunuyor\u2019\u2019 diye ekledi.<\/p>\n<p style=\"text-align: justify;\">\u2018\u2019Suriye Arap Cumhuriyeti, bu g\u00fcnahkar sald\u0131r\u0131y\u0131 en g\u00fc\u00e7l\u00fc ifadelerle k\u0131narken, Birle\u015fmi\u015f Milletler&#8217;i \u0130srail&#8217;in sistematik su\u00e7lar\u0131na, \u00f6zellikle de i\u015fgal alt\u0131ndaki Arap topraklar\u0131 \u00fczerindeki i\u015fgaline son verme konusundaki sorumluluklar\u0131n\u0131 yerine getirmeye \u00e7a\u011f\u0131r\u0131yor\u2019\u2019 a\u00e7\u0131klamda bulunan bakanl\u0131k, \u2018\u2019Suriye ayr\u0131ca, egemenli\u011fini savunma ve i\u015fgal etti\u011fi topraklar\u0131 uluslararas\u0131 hukuk taraf\u0131ndan g\u00fcvence alt\u0131na al\u0131nan t\u00fcm me\u015fru yollarla \u00f6zg\u00fcrle\u015ftirme y\u00f6n\u00fcndeki kesin hakk\u0131n\u0131 bir kez daha teyit ediyor\u2019\u2019 ifadeleriyle a\u00e7\u0131klamas\u0131n\u0131 tamamlad\u0131.<\/p>\n<p style=\"text-align: center;\"><strong><a href=\"https:\/\/t.me\/SuriyeArapHaberAjansI\">Telegram Kanal\u0131m\u0131z\u00a0<\/a>||<a href=\"https:\/\/twitter.com\/arap_ajans\">X Platformumuz\u00a0<\/a>||<a href=\"https:\/\/www.facebook.com\/SANAHaberAjansi\/\">Facebook Sayfam\u0131z<\/a><\/strong><\/p>\n<p style=\"text-align: justify;\">\n","protected":false},"excerpt":{"rendered":"<p>\u015eAM \u00a0(SANA) &#8211; Suriye, i\u015fgalci \u0130srail\u2019in Suriye topraklar\u0131na ve b\u00f6lge \u00fclkelerine y\u00f6nelik sald\u0131r\u0131lar\u0131n\u0131n \u0131srarla s\u00fcrd\u00fcr\u00fclmesinin, kendisini kontrol edilmesi zor ve \u00f6ng\u00f6r\u00fclemeyen vahim sonu\u00e7lara yol a\u00e7acak tehlikeli bir t\u0131rman\u0131\u015fa s\u00fcr\u00fckleme tehdidinde bulundu\u011funu do\u011frulayarak, \u00a0bu konuyla ilgili devam eden uluslararas\u0131 sessizli\u011fin, uluslararas\u0131 sistemin kendi t\u00fcz\u00fc\u011f\u00fcne ve uluslararas\u0131 hukuka y\u00f6nelik bu ihlallerle y\u00fczle\u015fme yetene\u011fini zay\u0131flataca\u011f\u0131 konusunda uyard\u0131. D\u0131\u015fi\u015fleri &hellip;<\/p>\n","protected":false},"author":41,"featured_media":304886,"comment_status":"closed","ping_status":"closed","sticky":false,"template":"","format":"standard","meta":{"footnotes":""},"categories":[479,17988,478],"tags":[],"class_list":["post-304885","post","type-post","status-publish","format-standard","has-post-thumbnail","","category-haberler-yerel","category-son-haberler","category-yerel"],"_links":{"self":[{"href":"https:\/\/archive.sana.sy\/tr\/index.php?rest_route=\/wp\/v2\/posts\/304885","targetHints":{"allow":["GET"]}}],"collection":[{"href":"https:\/\/archive.sana.sy\/tr\/index.php?rest_route=\/wp\/v2\/posts"}],"about":[{"href":"https:\/\/archive.sana.sy\/tr\/index.php?rest_route=\/wp\/v2\/types\/post"}],"author":[{"embeddable":true,"href":"https:\/\/archive.sana.sy\/tr\/index.php?rest_route=\/wp\/v2\/users\/41"}],"replies":[{"embeddable":true,"href":"https:\/\/archive.sana.sy\/tr\/index.php?rest_route=%2Fwp%2Fv2%2Fcomments&post=304885"}],"version-history":[{"count":5,"href":"https:\/\/archive.sana.sy\/tr\/index.php?rest_route=\/wp\/v2\/posts\/304885\/revisions"}],"predecessor-version":[{"id":304914,"href":"https:\/\/archive.sana.sy\/tr\/index.php?rest_route=\/wp\/v2\/posts\/304885\/revisions\/304914"}],"wp:featuredmedia":[{"embeddable":true,"href":"https:\/\/archive.sana.sy\/tr\/index.php?rest_route=\/wp\/v2\/media\/304886"}],"wp:attachment":[{"href":"https:\/\/archive.sana.sy\/tr\/index.php?rest_route=%2Fwp%2Fv2%2Fmedia&parent=304885"}],"wp:term":[{"taxonomy":"category","embeddable":true,"href":"https:\/\/archive.sana.sy\/tr\/index.php?rest_route=%2Fwp%2Fv2%2Fcategories&post=304885"},{"taxonomy":"post_tag","embeddable":true,"href":"https:\/\/archive.sana.sy\/tr\/index.php?rest_route=%2Fwp%2Fv2%2Ftags&post=304885"}],"curies":[{"name":"wp","href":"https:\/\/api.w.org\/{rel}","templated":true}]}}