{"id":304906,"date":"2024-07-15T07:15:18","date_gmt":"2024-07-15T04:15:18","guid":{"rendered":"https:\/\/sana.sy\/tr\/?p=304906"},"modified":"2024-07-17T08:11:04","modified_gmt":"2024-07-17T05:11:04","slug":"sana-muhabirleri-dorduncu-yasama-turu-icin-halk-meclisi-uyelerinin-secilmesi-icin-valiliklerdeki-tum-secim-merkezlerinde-secmenlere-sandik-acildi","status":"publish","type":"post","link":"https:\/\/archive.sana.sy\/tr\/?p=304906","title":{"rendered":"Suriyeliler Bu Sabah Halk Meclisi&#8217;ndeki Temsilcilerini Se\u00e7mek \u0130\u00e7in Sand\u0131k Ba\u015f\u0131na Gidiyor"},"content":{"rendered":"<p style=\"text-align: justify;\"><strong>\u015eAM (SANA)<\/strong> \u2013 Suriyeliler bu sabah saat yedide d\u00f6rd\u00fcnc\u00fc yasama turu i\u00e7in Halk Meclisi&#8217;ndeki temsilcilerini se\u00e7mek \u00fczere sand\u0131k ba\u015f\u0131na gidiyor.<\/p>\n<p style=\"text-align: justify;\">Aday g\u00f6stermeye devam eden adaylar\u0131n say\u0131s\u0131, Halk Meclisi&#8217;nde 250 sandalye i\u00e7in yar\u0131\u015fan A Sekt\u00f6r\u00fcnde 409 ve B Sekt\u00f6r\u00fcnde 1.107 olmak \u00fczere 1.516&#8217;ya ula\u015ft\u0131.<\/p>\n<p style=\"text-align: justify;\">\u0130sim listeleri haz\u0131rlanarak Suriye&#8217;nin t\u00fcm vilayetlerindeki 8.151 sand\u0131kta bulunan t\u00fcm sand\u0131klara g\u00f6nderildi.<\/p>\n<p style=\"text-align: justify;\">Se\u00e7im s\u00fcreci, aday g\u00f6sterilme a\u015famas\u0131ndan sonu\u00e7lar\u0131n a\u00e7\u0131klanmas\u0131na kadar Y\u00fcksek Adli Se\u00e7im Kurulunun tam denetimi alt\u0131nda ger\u00e7ekle\u015fiyor.<\/p>\n<p style=\"text-align: justify;\">Oy verme merkezleri 07.00-19.00 saatleri aras\u0131nda se\u00e7menlerin kat\u0131l\u0131m\u0131na a\u00e7\u0131k olacak.<\/p>\n<p style=\"text-align: center;\"><strong><a href=\"https:\/\/t.me\/SuriyeArapHaberAjansI\">Telegram Kanal\u0131m\u0131z\u00a0<\/a>||<a href=\"https:\/\/twitter.com\/arap_ajans\">X Platformumuz\u00a0<\/a>||<a href=\"https:\/\/www.facebook.com\/SANAHaberAjansi\/\">Facebook Sayfam\u0131z<\/a><\/strong><\/p>\n","protected":false},"excerpt":{"rendered":"<p>\u015eAM (SANA) \u2013 Suriyeliler bu sabah saat yedide d\u00f6rd\u00fcnc\u00fc yasama turu i\u00e7in Halk Meclisi&#8217;ndeki temsilcilerini se\u00e7mek \u00fczere sand\u0131k ba\u015f\u0131na gidiyor. Aday g\u00f6stermeye devam eden adaylar\u0131n say\u0131s\u0131, Halk Meclisi&#8217;nde 250 sandalye i\u00e7in yar\u0131\u015fan A Sekt\u00f6r\u00fcnde 409 ve B Sekt\u00f6r\u00fcnde 1.107 olmak \u00fczere 1.516&#8217;ya ula\u015ft\u0131. \u0130sim listeleri haz\u0131rlanarak Suriye&#8217;nin t\u00fcm vilayetlerindeki 8.151 sand\u0131kta bulunan t\u00fcm sand\u0131klara g\u00f6nderildi. &hellip;<\/p>\n","protected":false},"author":39,"featured_media":304910,"comment_status":"closed","ping_status":"closed","sticky":false,"template":"","format":"standard","meta":{"footnotes":""},"categories":[479,17988,478],"tags":[],"class_list":["post-304906","post","type-post","status-publish","format-standard","has-post-thumbnail","","category-haberler-yerel","category-son-haberler","category-yerel"],"_links":{"self":[{"href":"https:\/\/archive.sana.sy\/tr\/index.php?rest_route=\/wp\/v2\/posts\/304906","targetHints":{"allow":["GET"]}}],"collection":[{"href":"https:\/\/archive.sana.sy\/tr\/index.php?rest_route=\/wp\/v2\/posts"}],"about":[{"href":"https:\/\/archive.sana.sy\/tr\/index.php?rest_route=\/wp\/v2\/types\/post"}],"author":[{"embeddable":true,"href":"https:\/\/archive.sana.sy\/tr\/index.php?rest_route=\/wp\/v2\/users\/39"}],"replies":[{"embeddable":true,"href":"https:\/\/archive.sana.sy\/tr\/index.php?rest_route=%2Fwp%2Fv2%2Fcomments&post=304906"}],"version-history":[{"count":6,"href":"https:\/\/archive.sana.sy\/tr\/index.php?rest_route=\/wp\/v2\/posts\/304906\/revisions"}],"predecessor-version":[{"id":305033,"href":"https:\/\/archive.sana.sy\/tr\/index.php?rest_route=\/wp\/v2\/posts\/304906\/revisions\/305033"}],"wp:featuredmedia":[{"embeddable":true,"href":"https:\/\/archive.sana.sy\/tr\/index.php?rest_route=\/wp\/v2\/media\/304910"}],"wp:attachment":[{"href":"https:\/\/archive.sana.sy\/tr\/index.php?rest_route=%2Fwp%2Fv2%2Fmedia&parent=304906"}],"wp:term":[{"taxonomy":"category","embeddable":true,"href":"https:\/\/archive.sana.sy\/tr\/index.php?rest_route=%2Fwp%2Fv2%2Fcategories&post=304906"},{"taxonomy":"post_tag","embeddable":true,"href":"https:\/\/archive.sana.sy\/tr\/index.php?rest_route=%2Fwp%2Fv2%2Ftags&post=304906"}],"curies":[{"name":"wp","href":"https:\/\/api.w.org\/{rel}","templated":true}]}}