{"id":304956,"date":"2024-07-15T09:44:24","date_gmt":"2024-07-15T06:44:24","guid":{"rendered":"https:\/\/sana.sy\/tr\/?p=304956"},"modified":"2024-07-17T08:11:09","modified_gmt":"2024-07-17T05:11:09","slug":"vatandaslar-halk-meclisi-uye-secimlerinde-oy-kullanmak-icin-valiliklerdeki-secim-merkezlerine-gelmeye-basladi","status":"publish","type":"post","link":"https:\/\/archive.sana.sy\/tr\/?p=304956","title":{"rendered":"Vatanda\u015flar, Halk Meclisi \u00dcye Se\u00e7imlerinde Oy Kullanmak \u0130\u00e7in Valiliklerdeki Se\u00e7im Merkezlerine Gelmeye Ba\u015flad\u0131"},"content":{"rendered":"<p style=\"text-align: justify;\"><strong>\u0130LLER (SANA)<\/strong> &#8211; D\u00f6rd\u00fcnc\u00fc yasama d\u00f6nemi Millet Meclisi \u00fcye se\u00e7imlerinde vatanda\u015flar oy kullanmak i\u00e7in sabah saat 07.00&#8217;de sand\u0131klar\u0131n a\u00e7\u0131lmas\u0131yla valiliklerdeki se\u00e7im merkezlerine gelmeye ba\u015flad\u0131.<\/p>\n<p style=\"text-align: justify;\">A Sekt\u00f6r\u00fcnde 1.516 aday\u0131n 409, B Sekt\u00f6r\u00fcnde ise 250 sandalye i\u00e7in 1.107 aday\u0131n yar\u0131\u015ft\u0131\u011f\u0131 Halk Meclisi&#8217;nde, t\u00fcm valiliklerde 8.151 oy verme merkezi belirlendi.<\/p>\n<p style=\"text-align: justify;\"><img loading=\"lazy\" decoding=\"async\" class=\"size-full wp-image-304959 alignright\" src=\"http:\/\/sana.sy\/tr\/wp-content\/uploads\/2024\/07\/photo_2024-07-15_07-00-52-300x225-1.jpg\" alt=\"\" width=\"300\" height=\"225\" \/>Deyrezzor&#8217;da se\u00e7menler, yeni meclise \u00a0aday olan 43 aday aras\u0131ndan valili\u011fi temsil edecek 8&#8217;i A kategorisinden, 6&#8217;s\u0131 B kategorisinden olmak \u00fczere 14 \u00fcyeyi se\u00e7mek i\u00e7in valilikteki se\u00e7im merkezlerine ak\u0131n ederken, A kategorisinde aday say\u0131s\u0131 23, B kategorisinde ise 20 oldu.<\/p>\n<p style=\"text-align: justify;\">Se\u00e7imlerden Sorumlu Yarg\u0131 Alt Komitesi Ba\u015fkan\u0131 Hakim H\u00fcseyin El Zu\u011feyir, valilikteki se\u00e7im merkezi say\u0131s\u0131n\u0131n 275 oldu\u011funu, ayr\u0131ca Rakka Valili\u011fi halk\u0131na ve Kuneytra Valili\u011fi halk\u0131na y\u00f6nelik birer merkezin bulundu\u011funu belirtti.<\/p>\n<p style=\"text-align: justify;\">Halep \u015fehri Adli Alt Komitesi ba\u015fkan\u0131 Hakim M\u00fcste\u015far Hasan Nas\u0131r&#8217;a g\u00f6re, Halep ve k\u0131rsal il\u00e7elerinde oy kullanma merkezlerinin say\u0131s\u0131 1.105&#8217;e ula\u015ft\u0131.<\/p>\n<p style=\"text-align: justify;\">Halep&#8217;teki Adalet Komitesi Ba\u015fkan\u0131, SANA muhabirine yapt\u0131\u011f\u0131 a\u00e7\u0131klamada, kentteki oy verme merkezlerinin say\u0131s\u0131n\u0131n 450 oldu\u011funu, sand\u0131klar\u0131n t\u00fcm se\u00e7im merkezlerine da\u011f\u0131t\u0131ld\u0131\u011f\u0131n\u0131 ve se\u00e7im s\u00fcreci i\u00e7in gerekli t\u00fcm malzemelerin donat\u0131ld\u0131\u011f\u0131n\u0131 belirtti.<\/p>\n<p style=\"text-align: justify;\"><img loading=\"lazy\" decoding=\"async\" class=\"size-full wp-image-304961 alignright\" src=\"http:\/\/sana.sy\/tr\/wp-content\/uploads\/2024\/07\/\u062d\u0644\u0628-3-300x168-1.jpg\" alt=\"\" width=\"300\" height=\"168\" \/>Halep b\u00f6lgeleriyle ilgili Adli Alt Komite Ba\u015fkan\u0131 Hakim M\u00fcste\u015far Halid El Salih ise k\u0131rsaldaki merkez say\u0131s\u0131n\u0131n 655 merkeze ula\u015ft\u0131\u011f\u0131n\u0131 belirtti.<\/p>\n<p style=\"text-align: justify;\">Kuneytra vilayetinin Genel Sekreteri Maher El Asaad, SANA muhabirine yapt\u0131\u011f\u0131 a\u00e7\u0131klamada se\u00e7im merkezi say\u0131s\u0131n\u0131n \u015eam, k\u0131rsal\u0131 ve Deraa aras\u0131nda da\u011f\u0131t\u0131lan 170&#8217;e ula\u015ft\u0131\u011f\u0131n\u0131 a\u00e7\u0131klad\u0131.<\/p>\n<p style=\"text-align: justify;\"><strong><a href=\"https:\/\/t.me\/SuriyeArapHaberAjansI\">Telegram Kanal\u0131m\u0131z\u00a0<\/a>||<a href=\"https:\/\/twitter.com\/arap_ajans\">X Platformumuz\u00a0<\/a>||<a href=\"https:\/\/www.facebook.com\/SANAHaberAjansi\/\">Facebook Sayfam\u0131z<\/a><\/strong><\/p>\n","protected":false},"excerpt":{"rendered":"<p>\u0130LLER (SANA) &#8211; D\u00f6rd\u00fcnc\u00fc yasama d\u00f6nemi Millet Meclisi \u00fcye se\u00e7imlerinde vatanda\u015flar oy kullanmak i\u00e7in sabah saat 07.00&#8217;de sand\u0131klar\u0131n a\u00e7\u0131lmas\u0131yla valiliklerdeki se\u00e7im merkezlerine gelmeye ba\u015flad\u0131. A Sekt\u00f6r\u00fcnde 1.516 aday\u0131n 409, B Sekt\u00f6r\u00fcnde ise 250 sandalye i\u00e7in 1.107 aday\u0131n yar\u0131\u015ft\u0131\u011f\u0131 Halk Meclisi&#8217;nde, t\u00fcm valiliklerde 8.151 oy verme merkezi belirlendi. Deyrezzor&#8217;da se\u00e7menler, yeni meclise \u00a0aday olan 43 aday &hellip;<\/p>\n","protected":false},"author":39,"featured_media":304957,"comment_status":"closed","ping_status":"closed","sticky":false,"template":"","format":"standard","meta":{"footnotes":""},"categories":[479,17988,478],"tags":[41958,38641],"class_list":["post-304956","post","type-post","status-publish","format-standard","has-post-thumbnail","","category-haberler-yerel","category-son-haberler","category-yerel","tag-suriyede-secim-sureci","tag-suriyede-son-gelimeler"],"_links":{"self":[{"href":"https:\/\/archive.sana.sy\/tr\/index.php?rest_route=\/wp\/v2\/posts\/304956","targetHints":{"allow":["GET"]}}],"collection":[{"href":"https:\/\/archive.sana.sy\/tr\/index.php?rest_route=\/wp\/v2\/posts"}],"about":[{"href":"https:\/\/archive.sana.sy\/tr\/index.php?rest_route=\/wp\/v2\/types\/post"}],"author":[{"embeddable":true,"href":"https:\/\/archive.sana.sy\/tr\/index.php?rest_route=\/wp\/v2\/users\/39"}],"replies":[{"embeddable":true,"href":"https:\/\/archive.sana.sy\/tr\/index.php?rest_route=%2Fwp%2Fv2%2Fcomments&post=304956"}],"version-history":[{"count":4,"href":"https:\/\/archive.sana.sy\/tr\/index.php?rest_route=\/wp\/v2\/posts\/304956\/revisions"}],"predecessor-version":[{"id":305133,"href":"https:\/\/archive.sana.sy\/tr\/index.php?rest_route=\/wp\/v2\/posts\/304956\/revisions\/305133"}],"wp:featuredmedia":[{"embeddable":true,"href":"https:\/\/archive.sana.sy\/tr\/index.php?rest_route=\/wp\/v2\/media\/304957"}],"wp:attachment":[{"href":"https:\/\/archive.sana.sy\/tr\/index.php?rest_route=%2Fwp%2Fv2%2Fmedia&parent=304956"}],"wp:term":[{"taxonomy":"category","embeddable":true,"href":"https:\/\/archive.sana.sy\/tr\/index.php?rest_route=%2Fwp%2Fv2%2Fcategories&post=304956"},{"taxonomy":"post_tag","embeddable":true,"href":"https:\/\/archive.sana.sy\/tr\/index.php?rest_route=%2Fwp%2Fv2%2Ftags&post=304956"}],"curies":[{"name":"wp","href":"https:\/\/api.w.org\/{rel}","templated":true}]}}