{"id":305034,"date":"2024-07-15T09:51:36","date_gmt":"2024-07-15T06:51:36","guid":{"rendered":"https:\/\/www.sana.sy\/tr\/?p=305034"},"modified":"2024-07-17T08:11:14","modified_gmt":"2024-07-17T05:11:14","slug":"isgalcilerin-gazze-seridinin-guney-ve-orta-bolgelerini-bombalamasi-sonucu-4-sehit","status":"publish","type":"post","link":"https:\/\/archive.sana.sy\/tr\/?p=305034","title":{"rendered":"\u0130\u015fgalcilerin Gazze \u015eeridi&#8217;nin G\u00fcney Ve Orta B\u00f6lgelerini Bombalamas\u0131 Sonucu 4 \u015eehit"},"content":{"rendered":"<p style=\"text-align: justify;\"><strong>\u0130\u015eGAL ED\u0130LEN KUD\u00dcS (SANA) &#8211;<\/strong>\u00a0 \u0130srail i\u015fgal u\u00e7aklar\u0131n\u0131n Gazze \u015eeridi&#8217;nin \u00e7e\u015fitli b\u00f6lgelerini bombalamas\u0131 sonucu 4 Filistinli \u015fehit oldu, \u00e7ok say\u0131da ki\u015fi de yaraland\u0131.<\/p>\n<p style=\"text-align: justify;\">Wafa Ajans\u0131, i\u015fgal u\u00e7aklar\u0131n\u0131n Gazze \u015eeridi&#8217;nin g\u00fcneyindeki Refah \u015fehrinin do\u011fusundaki El \u015euka \u00a0kasabas\u0131 ve El Me\u015frua b\u00f6lgesinde \u00e7ok say\u0131da evi bombalayarak 3 Filistinlinin \u00f6l\u00fcm\u00fcne yol a\u00e7t\u0131\u011f\u0131n\u0131 bildirdi.<\/p>\n<p style=\"text-align: justify;\">Gazze \u015eeridi&#8217;nin merkezinde, d\u00fc\u015fman insans\u0131z hava arac\u0131n\u0131n El Zevaida kasabas\u0131na ba\u011fl\u0131 Bir Ebu Salah b\u00f6lgesinde bir evi bombalamas\u0131 sonucu bir Filistinli \u015fehit oldu, \u00e7ok say\u0131da ki\u015fi de yaraland\u0131.<\/p>\n<p style=\"text-align: justify;\">\u0130\u015fgal u\u00e7aklar\u0131 ayr\u0131ca Gazze \u015eeridi&#8217;nin g\u00fcneyindeki Han Yunus \u015fehrinin do\u011fusundaki Bani S\u00fcheyle kasabas\u0131nda bir evi bombalarken, bir i\u015fgal insans\u0131z hava arac\u0131 da Gazze \u015eehri&#8217;nin Zeytun mahallesinin do\u011fusundaki bir grup Filistinliye kur\u015fun s\u0131kt\u0131. bir\u00e7o\u011funu yaralad\u0131.<\/p>\n<p style=\"text-align: justify;\">Filistin Sa\u011fl\u0131k Bakanl\u0131\u011f\u0131 d\u00fcn yapt\u0131\u011f\u0131 a\u00e7\u0131klamada, Gazze \u015eeridi&#8217;nde 282. g\u00fcn\u00fcnde devam eden i\u015fgal sald\u0131r\u0131s\u0131nda \u00f6lenlerin say\u0131s\u0131n\u0131n 38 bin 584 \u015fehit ve 88 bin 881 yaral\u0131ya y\u00fckseldi\u011fini duyurdu.<\/p>\n<p style=\"text-align: center;\"><strong><a href=\"https:\/\/t.me\/SuriyeArapHaberAjansI\">Telegram Kanal\u0131m\u0131z\u00a0<\/a>||<a href=\"https:\/\/twitter.com\/arap_ajans\">X Platformumuz\u00a0<\/a>||<a href=\"https:\/\/www.facebook.com\/SANAHaberAjansi\/\">Facebook Sayfam\u0131z<\/a><\/strong><\/p>\n","protected":false},"excerpt":{"rendered":"<p>\u0130\u015eGAL ED\u0130LEN KUD\u00dcS (SANA) &#8211;\u00a0 \u0130srail i\u015fgal u\u00e7aklar\u0131n\u0131n Gazze \u015eeridi&#8217;nin \u00e7e\u015fitli b\u00f6lgelerini bombalamas\u0131 sonucu 4 Filistinli \u015fehit oldu, \u00e7ok say\u0131da ki\u015fi de yaraland\u0131. Wafa Ajans\u0131, i\u015fgal u\u00e7aklar\u0131n\u0131n Gazze \u015eeridi&#8217;nin g\u00fcneyindeki Refah \u015fehrinin do\u011fusundaki El \u015euka \u00a0kasabas\u0131 ve El Me\u015frua b\u00f6lgesinde \u00e7ok say\u0131da evi bombalayarak 3 Filistinlinin \u00f6l\u00fcm\u00fcne yol a\u00e7t\u0131\u011f\u0131n\u0131 bildirdi. Gazze \u015eeridi&#8217;nin merkezinde, d\u00fc\u015fman insans\u0131z &hellip;<\/p>\n","protected":false},"author":41,"featured_media":305035,"comment_status":"closed","ping_status":"closed","sticky":false,"template":"","format":"standard","meta":{"footnotes":""},"categories":[458,459,17988],"tags":[41959],"class_list":["post-305034","post","type-post","status-publish","format-standard","has-post-thumbnail","","category-dunya1","category-haberler-arap-uluslararasi-politika","category-son-haberler","tag-isgalcilerin-gazze-seridinin-guney-ve-orta-bolgelerini-bombalamasi-sonucu-4-sehit"],"_links":{"self":[{"href":"https:\/\/archive.sana.sy\/tr\/index.php?rest_route=\/wp\/v2\/posts\/305034","targetHints":{"allow":["GET"]}}],"collection":[{"href":"https:\/\/archive.sana.sy\/tr\/index.php?rest_route=\/wp\/v2\/posts"}],"about":[{"href":"https:\/\/archive.sana.sy\/tr\/index.php?rest_route=\/wp\/v2\/types\/post"}],"author":[{"embeddable":true,"href":"https:\/\/archive.sana.sy\/tr\/index.php?rest_route=\/wp\/v2\/users\/41"}],"replies":[{"embeddable":true,"href":"https:\/\/archive.sana.sy\/tr\/index.php?rest_route=%2Fwp%2Fv2%2Fcomments&post=305034"}],"version-history":[{"count":1,"href":"https:\/\/archive.sana.sy\/tr\/index.php?rest_route=\/wp\/v2\/posts\/305034\/revisions"}],"predecessor-version":[{"id":305036,"href":"https:\/\/archive.sana.sy\/tr\/index.php?rest_route=\/wp\/v2\/posts\/305034\/revisions\/305036"}],"wp:featuredmedia":[{"embeddable":true,"href":"https:\/\/archive.sana.sy\/tr\/index.php?rest_route=\/wp\/v2\/media\/305035"}],"wp:attachment":[{"href":"https:\/\/archive.sana.sy\/tr\/index.php?rest_route=%2Fwp%2Fv2%2Fmedia&parent=305034"}],"wp:term":[{"taxonomy":"category","embeddable":true,"href":"https:\/\/archive.sana.sy\/tr\/index.php?rest_route=%2Fwp%2Fv2%2Fcategories&post=305034"},{"taxonomy":"post_tag","embeddable":true,"href":"https:\/\/archive.sana.sy\/tr\/index.php?rest_route=%2Fwp%2Fv2%2Ftags&post=305034"}],"curies":[{"name":"wp","href":"https:\/\/api.w.org\/{rel}","templated":true}]}}