{"id":305057,"date":"2024-07-15T05:58:32","date_gmt":"2024-07-15T02:58:32","guid":{"rendered":"https:\/\/www.sana.sy\/tr\/?p=305057"},"modified":"2024-07-17T08:11:02","modified_gmt":"2024-07-17T05:11:02","slug":"isgal-gucleri-bati-seriada-15-filistinliyi-tutukladi-ve-evleri-yikti","status":"publish","type":"post","link":"https:\/\/archive.sana.sy\/tr\/?p=305057","title":{"rendered":"\u0130\u015fgal G\u00fc\u00e7leri Bat\u0131 \u015eeria&#8217;da 15 Filistinliyi Tutuklad\u0131 Ve Evleri Y\u0131kt\u0131"},"content":{"rendered":"<p style=\"text-align: justify;\"><strong>\u0130\u015eGAL ED\u0130LEN KUD\u00dcS (SANA) &#8211;<\/strong>\u00a0 \u0130srail i\u015fgal g\u00fc\u00e7leri bug\u00fcn Bat\u0131 \u015eeria&#8217;da 15 Filistinliyi tutuklad\u0131, 4 ev ve bir benzin istasyonunu y\u0131kt\u0131.<\/p>\n<p style=\"text-align: justify;\">Wafa Ajans\u0131, i\u015fgal g\u00fc\u00e7lerinin El Halil&#8217;in Yatta, Ramallah&#8217;\u0131n Turmu\u015f Ayya, Nablus&#8217;un Cama&#8217;in ve Cenin&#8217;in Ya&#8217;bad kasabalar\u0131na bask\u0131n d\u00fczenledi\u011fini ve 15 Filistinliyi tutuklad\u0131\u011f\u0131n\u0131 bildirdi.<\/p>\n<p style=\"text-align: justify;\">\u0130\u015fgal g\u00fc\u00e7leri, \u00e7ok say\u0131da buldozerle Beyt\u00fcllahim&#8217;in El Velace k\u00f6y\u00fcne bask\u0131n d\u00fczenledi ve 4 evi y\u0131kt\u0131. Ayr\u0131ca Kud\u00fcs&#8217;\u00fcn H\u0131zma kasabas\u0131na da bask\u0131n d\u00fczenledi ve bir benzin istasyonunu y\u0131kt\u0131.<\/p>\n<p style=\"text-align: justify;\">\u00d6te yandan yerle\u015fimcilerin Nablus&#8217;un El Laban El \u015eerkiye k\u00f6y\u00fcne bask\u0131n d\u00fczenleyerek k\u00f6y\u00fcn kuzeybat\u0131 b\u00f6lgesindeki 6 yeri ate\u015fe vermesi, onlarca zeytin a\u011fac\u0131n\u0131n ve geni\u015f tar\u0131m alanlar\u0131n\u0131n yanmas\u0131na yol a\u00e7t\u0131.<\/p>\n<p style=\"text-align: center;\"><strong><a href=\"https:\/\/t.me\/SuriyeArapHaberAjansI\">Telegram Kanal\u0131m\u0131z\u00a0<\/a>||<a href=\"https:\/\/twitter.com\/arap_ajans\">X Platformumuz\u00a0<\/a>||<a href=\"https:\/\/www.facebook.com\/SANAHaberAjansi\/\">Facebook Sayfam\u0131z<\/a><\/strong><\/p>\n","protected":false},"excerpt":{"rendered":"<p>\u0130\u015eGAL ED\u0130LEN KUD\u00dcS (SANA) &#8211;\u00a0 \u0130srail i\u015fgal g\u00fc\u00e7leri bug\u00fcn Bat\u0131 \u015eeria&#8217;da 15 Filistinliyi tutuklad\u0131, 4 ev ve bir benzin istasyonunu y\u0131kt\u0131. Wafa Ajans\u0131, i\u015fgal g\u00fc\u00e7lerinin El Halil&#8217;in Yatta, Ramallah&#8217;\u0131n Turmu\u015f Ayya, Nablus&#8217;un Cama&#8217;in ve Cenin&#8217;in Ya&#8217;bad kasabalar\u0131na bask\u0131n d\u00fczenledi\u011fini ve 15 Filistinliyi tutuklad\u0131\u011f\u0131n\u0131 bildirdi. \u0130\u015fgal g\u00fc\u00e7leri, \u00e7ok say\u0131da buldozerle Beyt\u00fcllahim&#8217;in El Velace k\u00f6y\u00fcne bask\u0131n d\u00fczenledi &hellip;<\/p>\n","protected":false},"author":41,"featured_media":305058,"comment_status":"closed","ping_status":"closed","sticky":false,"template":"","format":"standard","meta":{"footnotes":""},"categories":[458,459,17988],"tags":[41961,41960],"class_list":["post-305057","post","type-post","status-publish","format-standard","has-post-thumbnail","","category-dunya1","category-haberler-arap-uluslararasi-politika","category-son-haberler","tag-bati-seriada-son-gelimeler","tag-isgal-gucleri-bati-seriada-15-filistinliyi-tutukladi-ve-evleri-yikti"],"_links":{"self":[{"href":"https:\/\/archive.sana.sy\/tr\/index.php?rest_route=\/wp\/v2\/posts\/305057","targetHints":{"allow":["GET"]}}],"collection":[{"href":"https:\/\/archive.sana.sy\/tr\/index.php?rest_route=\/wp\/v2\/posts"}],"about":[{"href":"https:\/\/archive.sana.sy\/tr\/index.php?rest_route=\/wp\/v2\/types\/post"}],"author":[{"embeddable":true,"href":"https:\/\/archive.sana.sy\/tr\/index.php?rest_route=\/wp\/v2\/users\/41"}],"replies":[{"embeddable":true,"href":"https:\/\/archive.sana.sy\/tr\/index.php?rest_route=%2Fwp%2Fv2%2Fcomments&post=305057"}],"version-history":[{"count":1,"href":"https:\/\/archive.sana.sy\/tr\/index.php?rest_route=\/wp\/v2\/posts\/305057\/revisions"}],"predecessor-version":[{"id":305059,"href":"https:\/\/archive.sana.sy\/tr\/index.php?rest_route=\/wp\/v2\/posts\/305057\/revisions\/305059"}],"wp:featuredmedia":[{"embeddable":true,"href":"https:\/\/archive.sana.sy\/tr\/index.php?rest_route=\/wp\/v2\/media\/305058"}],"wp:attachment":[{"href":"https:\/\/archive.sana.sy\/tr\/index.php?rest_route=%2Fwp%2Fv2%2Fmedia&parent=305057"}],"wp:term":[{"taxonomy":"category","embeddable":true,"href":"https:\/\/archive.sana.sy\/tr\/index.php?rest_route=%2Fwp%2Fv2%2Fcategories&post=305057"},{"taxonomy":"post_tag","embeddable":true,"href":"https:\/\/archive.sana.sy\/tr\/index.php?rest_route=%2Fwp%2Fv2%2Ftags&post=305057"}],"curies":[{"name":"wp","href":"https:\/\/api.w.org\/{rel}","templated":true}]}}