{"id":305087,"date":"2024-07-15T19:56:29","date_gmt":"2024-07-15T16:56:29","guid":{"rendered":"https:\/\/www.sana.sy\/tr\/?p=305087"},"modified":"2024-07-27T17:39:55","modified_gmt":"2024-07-27T14:39:55","slug":"cumhurbaskani-esad-bugun-devletin-ve-kurumlarinin-genel-rolu-politikalari-ve-yonelimleri-hakkindaki-vizyonlarla-ilgili-bir-gecis-asamasindayiz","status":"publish","type":"post","link":"https:\/\/archive.sana.sy\/tr\/?p=305087","title":{"rendered":"Cumhurba\u015fkan\u0131 Esad: Bug\u00fcn Devletin Ve Kurumlar\u0131n\u0131n Genel Rol\u00fc, Politikalar\u0131 Ve Y\u00f6nelimleri Hakk\u0131ndaki Vizyonlarla \u0130lgili Bir Ge\u00e7i\u015f A\u015famas\u0131nday\u0131z &#8220;V\u0130DEO&#8221;"},"content":{"rendered":"<p style=\"text-align: justify;\"><strong>\u015eAM (SANA)<\/strong> \u2013\u00a0 Cumhurba\u015fkan\u0131 Be\u015f\u015far Esad, genel olarak devletin ve kurumlar\u0131n\u0131n rol\u00fc, politikalar\u0131 ve y\u00f6nleri hakk\u0131ndaki vizyonlarla ba\u011flant\u0131l\u0131 geli\u015fimsel ge\u00e7i\u015f a\u015famas\u0131n\u0131n bir par\u00e7as\u0131 olman\u0131n Halk Meclisi\u2019nin g\u00f6revi oldu\u011funu vurgulayarak, t\u00fcm umutlar\u0131m\u0131z\u0131 Halk Meclisi kurumuna ba\u011flayabilece\u011fimizi \u00e7\u00fcnk\u00fc bu kurumun herhangi bir \u00fclkedeki en y\u00fcksek kurum oldu\u011funa dikkat \u00e7ekti.<\/p>\n<p style=\"text-align: justify;\">Bug\u00fcn Halk Meclisi \u00fcye se\u00e7imlerinde oyunu kullan\u0131rken yapt\u0131\u011f\u0131 a\u00e7\u0131klamalarda, gazetecilerin devam eden milletvekili se\u00e7imleri ve g\u00fcncel siyasi geli\u015fmelere ili\u015fkin sorular\u0131n\u0131 yan\u0131tlad\u0131. Cumhurba\u015fkan\u0131 Esad \u015funlar\u0131 s\u00f6yledi: \u2018\u2019T\u00fcrkiye ile\u00a0<img loading=\"lazy\" decoding=\"async\" class=\"size-full wp-image-305079 alignright tie-appear\" src=\"http:\/\/www.sana.sy\/tr\/wp-content\/uploads\/2024\/07\/%D8%A7%D9%86%D8%AA%D8%AE%D8%A7%D8%A8-12-300x200-1.jpg\" alt=\"\" width=\"300\" height=\"200\" \/>ili\u015fkileri geli\u015ftirmeye y\u00f6nelik her t\u00fcrl\u00fc giri\u015fime olumlu bak\u0131yoruz, bu normal bir durum ve kimse kom\u015fular\u0131yla sorun yaratmay\u0131 d\u00fc\u015f\u00fcnm\u00fcyor ama bu, T\u00fcrkiye Cumhurba\u015fkan\u0131 Recep Tayyip Erdo\u011fan ile g\u00f6r\u00fc\u015fmeye kurals\u0131z gidece\u011fimiz anlam\u0131na gelmiyor.\u2019\u2019<\/p>\n<p style=\"text-align: justify;\">Cumhurba\u015fkan\u0131 Esad\u2019\u0131n gazetecilerin sorular\u0131na verdi\u011fi yan\u0131tlar \u015f\u00f6yle:<\/p>\n<p style=\"text-align: justify;\"><strong><span style=\"color: #0000ff;\">Soru<\/span>:<\/strong><\/p>\n<p style=\"text-align: justify;\"><strong><span style=\"color: #ff0000;\">Bug\u00fcn Suriye Arap Cumhuriyeti genelinde \u00f6nemli bir se\u00e7im ya\u015fan\u0131yor. Bundan ne bekleyebiliriz? Ger\u00e7i yeni bir \u015fey olmayaca\u011f\u0131n\u0131 s\u00f6yleyen sesler de var.<\/span><\/strong><\/p>\n<p style=\"text-align: justify;\"><span style=\"color: #0000ff;\"><strong>Cumhurba\u015fkan\u0131 Esad:<\/strong><\/span><\/p>\n<p style=\"text-align: justify;\"><img loading=\"lazy\" decoding=\"async\" class=\"size-full wp-image-305080 alignright tie-appear\" src=\"http:\/\/www.sana.sy\/tr\/wp-content\/uploads\/2024\/07\/%D8%A7%D9%86%D8%AA%D8%AE%D8%A7%D8%A8-25-202x300-1.jpg\" alt=\"\" width=\"202\" height=\"300\" \/>Bu \u015fu anlama geliyor: Halk Meclisi kurumundan bahsetmek istersek t\u00fcm umudumuzu ona ba\u011flayabiliriz, zira o herhangi bir \u00fclkedeki en y\u00fcksek kurumdur. E\u011fer umutlar\u0131 yerle\u015ftiremezsek ve onlar\u0131n \u00fczerine beklentiler in\u015fa edemezsek, ba\u015fka hi\u00e7bir \u015feye dair umudumuz kalmaz. Beklentilerin olmas\u0131 do\u011fald\u0131r. Burada bekledi\u011fimiz hi\u00e7bir \u015feyde de\u011fi\u015fiklik g\u00f6rmeyece\u011fiz. Kurumlar insanlar \u00fczerine kurulmaz. Kurumlar sistemler \u00fczerine kurulur. Ki\u015fi \u00f6nemlidir ama sistemden sonra birinci a\u015famada de\u011fil ikinci a\u015famada gelir. Bir sonraki Halk Meclisi sistemini geli\u015ftirecek miyiz, geli\u015ftirmeyecek miyiz? Dolay\u0131s\u0131yla sorunuzun ikinci k\u0131sm\u0131na d\u00f6nersek, de\u011fi\u015fim yok, o zaman bu soruyu onlarca y\u0131l boyunca kendimize sorarsak, isimler de\u011fi\u015fir, y\u00fczler de\u011fi\u015fir, zihniyetler de\u011fi\u015fir \u00e7\u00fcnk\u00fc her insan toplumun bir k\u00f6\u015fesine aittir. Ama hi\u00e7bir \u015fey de\u011fi\u015fmiyor neden? \u00c7\u00fcnk\u00fc sistem de\u011fi\u015fmiyor, sorun \u015fu; Elbette de\u011fi\u015fti ve geli\u015fti ama belli s\u0131n\u0131rlar dahilinde Halk Meclisi kurumu \u00fc\u00e7 sistem taraf\u0131ndan y\u00f6netiliyor: Birincisi anayasa, Halk Meclisinin rol\u00fc konusunda anayasa belli, ikincisi ise hukuk. Kanun da a\u00e7\u0131k ve her kanun gibi de\u011fi\u015fiklik yap\u0131lmas\u0131 gerekebilir. Bu konuda bir s\u0131k\u0131nt\u0131 yok ama sorun kanunda de\u011fil. Benim a\u00e7\u0131mdan de\u011fi\u015fim ve sorun Halk Meclisi\u2019nin t\u00fcz\u00fc\u011f\u00fcndedir \u00e7\u00fcnk\u00fc bu konseyin rol\u00fcn\u00fc belirleyen mekanizmalar\u0131 belirleyen \u015fey budur.\u2019\u2019<\/p>\n<p style=\"text-align: justify;\"><span style=\"color: #0000ff;\"><strong>Soru<\/strong><\/span>:<\/p>\n<p style=\"text-align: justify;\"><span style=\"color: #ff0000;\"><strong>Say\u0131n Cumhurba\u015fkan\u0131, se\u00e7imler Suriye\u2019nin geleneksel bir istasyonu olarak de\u011ferlendiriliyor. Mevcut parlamento se\u00e7imleri daha \u00f6nceki parlamento se\u00e7imlerinden gerek s\u00fcre\u00e7 gerekse mekanizma a\u00e7\u0131s\u0131ndan nas\u0131l farkl\u0131la\u015f\u0131yor?<\/strong><\/span><\/p>\n<p style=\"text-align: justify;\"><span style=\"color: #0000ff;\"><strong>Cumhurba\u015fkan\u0131 Esad:<\/strong><\/span><\/p>\n<p style=\"text-align: justify;\">\u201d\u015eu anda fark, ki\u015filerin fark\u0131 ne olursa olsun, bug\u00fcn var olan as\u0131l farkl\u0131l\u0131k, en b\u00fcy\u00fck oy blo\u011fu olan iktidar partisi Baas Partisi\u2019nin izledi\u011fi mekanizmad\u0131r.<\/p>\n<p style=\"text-align: justify;\">Farkl\u0131 sonu\u00e7lar g\u00f6rd\u00fck. Memnun olan da var, memnun olmayan da var sonu\u00e7ta buna \u201cuzla\u015fma\u201d partisi denildi ama ben bu noktaya odaklanm\u0131yorum, odaklan\u0131yorum. bu sahnede\u2026 Demek istedi\u011fim, y\u0131llard\u0131r se\u00e7me hakk\u0131n\u0131n anayasal bir hak oldu\u011fundan bahsediyoruz ve \u00e7at\u0131\u015fma, sava\u015f \u00e7at\u0131\u015fmas\u0131 ile anayasan\u0131n \u00e7at\u0131\u015fmas\u0131, devletin \u00f6z\u00fcn\u00fc temsil eden anayasan\u0131n korunmas\u0131yd\u0131. Art\u0131k bu konu geride kald\u0131. \u00a0Bug\u00fcn bir ge\u00e7i\u015f a\u015famas\u0131nday\u0131z; genel olarak devletin ve devlet kurumlar\u0131n\u0131n rol\u00fcne, genel olarak politikalara ve e\u011filimlere ili\u015fkin vizyonlarla ba\u011flant\u0131l\u0131 bir ge\u00e7i\u015f a\u015famas\u0131nday\u0131z. Bu a\u015faman\u0131n, bir geli\u015fim a\u015famas\u0131n\u0131n par\u00e7as\u0131 olmak Halk Meclisinin g\u00f6revidir\u2026\u201d<\/p>\n<p style=\"text-align: justify;\"><strong><span style=\"color: #0000ff;\">Soru<\/span>:<\/strong><\/p>\n<p style=\"text-align: justify;\"><span style=\"color: #ff0000;\"><strong>Say\u0131n Cumhurba\u015fkan\u0131m, se\u00e7imler d\u0131\u015f\u0131nda T\u00fcrkiye Cumhurba\u015fkan\u0131 Recep Tayyip Erdo\u011fan sizinle birden fazla kez g\u00f6r\u00fc\u015fmek istedi.. Herkesi ilgilendiren soru \u015fu: Cumhurba\u015fkan\u0131 Be\u015f\u015far Esad, Cumhurba\u015fkan\u0131 Erdo\u011fan\u2019la g\u00f6r\u00fc\u015ferek bu giri\u015fime yan\u0131t verecek mi?<\/strong><\/span><\/p>\n<p style=\"text-align: justify;\"><strong><img loading=\"lazy\" decoding=\"async\" class=\"size-full wp-image-305081 alignright tie-appear\" src=\"http:\/\/www.sana.sy\/tr\/wp-content\/uploads\/2024\/07\/%D8%A7%D9%86%D8%AA%D8%AE%D8%A7%D8%A8-13-300x233-1.jpg\" alt=\"\" width=\"300\" height=\"233\" \/><span style=\"color: #0000ff;\">Cumhurba\u015fkan\u0131 Esad:<\/span><\/strong><\/p>\n<p style=\"text-align: justify;\">\u201dBenim konumumdan ve onun, iki \u00fclkedeki g\u00fc\u00e7 piramidinin tepesindeki yetkililer olarak konumundan, g\u00f6r\u00fc\u015fme sonu\u00e7 verirse, kucaklkalama, sitem ve b\u00fct\u00fcn k\u0131rg\u0131nl\u0131klar\u0131 unutarak bar\u015f\u0131ma \u00a0\u00fclkenin \u00e7\u0131kar\u0131na olursa, o zaman yapar\u0131m\u2026 Ama sorun burada de\u011fil, g\u00f6r\u00fc\u015fmenin i\u00e7eri\u011finde\u2026 G\u00f6r\u00fc\u015fmenin bir amaca ula\u015fmak i\u00e7in bir ara\u00e7 oldu\u011fu dikkate al\u0131nd\u0131\u011f\u0131nda\u2026G\u00f6r\u00fc\u015fmenin teklif edilmesi \u00f6nemli olabilir. Ama\u00e7 nedir? Amac\u0131n ne oldu\u011funu duymad\u0131k\u2026 sorunu \u00e7\u00f6zmek\u2026 ili\u015fkileri geli\u015ftirmek\u2026 normale d\u00f6nd\u00fcrmek\u2026 \u0130lk sordu\u011fumuz soru \u015fu: \u0130li\u015fkiler 13 y\u0131l \u00f6nce neden normal seyrinden sapt\u0131? Hi\u00e7bir T\u00fcrk yetkilinin bu konuda a\u00e7\u0131k\u00e7a konu\u015ftu\u011funu duymad\u0131k. Pek \u00e7ok vesileyle ve a\u00e7\u0131klamada s\u00f6yledi\u011fimiz gibi, ili\u015fkiyi geli\u015ftirmeye y\u00f6nelik her t\u00fcrl\u00fc giri\u015fime olumlu bak\u0131yoruz ve bu da do\u011fald\u0131r ki kimse kom\u015fular\u0131yla sorun yaratmay\u0131 d\u00fc\u015f\u00fcnmez. Ancak bu, kurals\u0131z gidece\u011fimiz anlam\u0131na gelmiyor. G\u00f6r\u00fc\u015fme bir ara\u00e7t\u0131r ve ara\u00e7lar\u0131n \u00fcretebilmesi i\u00e7in kurallara ve i\u015fleyen referanslara ihtiyac\u0131 vard\u0131r. Bu y\u00f6ntemin bir noktada ba\u015far\u0131s\u0131zl\u0131\u011fa u\u011framas\u0131 daha k\u00f6t\u00fc bir y\u00f6ne gitmemize ve daha y\u00fcksek bedel \u00f6dememize neden olabilir. Bu nedenle Suriye, d\u00fczeyi ne olursa olsun g\u00f6r\u00fc\u015fmenin gerekli oldu\u011fu konusunda \u0131srar etti. Genel olarak iki cumhurba\u015fkan\u0131n\u0131n g\u00f6r\u00fc\u015fmesinden bahsetmiyorum, g\u00f6r\u00fc\u015fmeler durmad\u0131 ve devam ediyor, baz\u0131 arabulucular\u0131n g\u00fcvenlik d\u00fczeyinde d\u00fczenledi\u011fi bir g\u00f6r\u00fc\u015fme var, biz de olumluyduk\u2026.T\u00fcrk D\u0131\u015fi\u015fleri Bakan\u0131,\u00a0 Suriye ile gizli g\u00f6r\u00fc\u015fmelerimiz oldu\u011funu s\u00f6yledi \u2026 Suriye\u2019de bizim i\u00e7in gizli olan hi\u00e7bir \u015fey yoktur. G\u00f6\u00fc\u015fme oldu\u011funda a\u00e7\u0131klayaca\u011f\u0131z \u00e7\u00fcnk\u00fc gizli bir \u015fey yok ama siyasi irade olmad\u0131\u011f\u0131 i\u00e7in sonu\u00e7\u00a0<img loading=\"lazy\" decoding=\"async\" class=\"size-full wp-image-305082 alignright tie-appear\" src=\"http:\/\/www.sana.sy\/tr\/wp-content\/uploads\/2024\/07\/%D8%A7%D9%86%D8%AA%D8%AE%D8%A7%D8%A8-27-186x300-1.jpg\" alt=\"\" width=\"186\" height=\"300\" \/>g\u00f6remedik. Peki soruyoruz, g\u00f6r\u00fc\u015fmenin \u00a0referans\u0131 nedir? Bu at\u0131f, ter\u00f6re destek ve Suriye topraklar\u0131ndan \u00e7ekilme olarak ifade edilen sorunun nedenlerini ortadan kald\u0131rmak m\u0131 yoksa sonland\u0131rmak m\u0131 olacak? Sorunun \u00f6z\u00fc bu, ba\u015fka bir nedeni yok. \u00a0Bu esas tart\u0131\u015f\u0131lm\u0131yorsa g\u00f6r\u00fc\u015fme ne anlama gelir? Sonu\u00e7lara ula\u015fan bir i\u015f ar\u0131yorsak, g\u00f6\u00fc\u015fme olsun, olmas\u0131n hi\u00e7bir tedbire kar\u015f\u0131 de\u011filiz\u2026.\u00d6nemli olan Suriye\u2019nin ve T\u00fcrkiye\u2019nin \u00e7\u0131karlar\u0131n\u0131 ayn\u0131 anda sa\u011flayacak olumlu sonu\u00e7lara ula\u015fmam\u0131zd\u0131r.\u201d<\/p>\n<p style=\"text-align: justify;\"><strong><span style=\"color: #0000ff;\">Soru<\/span>:<\/strong><\/p>\n<p style=\"text-align: justify;\"><span style=\"color: #ff0000;\"><strong>Say\u0131n Cumhurba\u015fkan\u0131, d\u00fcn T\u00fcrkiye D\u0131\u015fi\u015fleri Bakan\u0131 ili\u015fkilere geri d\u00f6n\u00fclmesinin gereklili\u011finden bahsetmi\u015f ve dostlara bu konuda bask\u0131 yapma \u00e7a\u011fr\u0131s\u0131nda bulunmu\u015ftu. Suriye bug\u00fcn normalle\u015fmeye haz\u0131r m\u0131 ve bunda Suriye dostlar\u0131n\u0131n rol\u00fc nedir?<\/strong><\/span><\/p>\n<p style=\"text-align: justify;\"><span style=\"color: #0000ff;\"><strong>Cumhurba\u015fkan\u0131 Esad:<\/strong><\/span><\/p>\n<p style=\"text-align: justify;\">\u201dSon birka\u00e7 y\u0131ld\u0131r normalle\u015fmeyi destekleyenler de, normalle\u015fmeye kar\u015f\u0131 olanlar da olsa, normalle\u015fme tabirini yanl\u0131\u015f kullan\u0131yoruz. Normal ili\u015fkilere ula\u015fmak i\u00e7in normalle\u015fti\u011fimizi s\u00f6ylemek kendi i\u00e7inde pek de ho\u015f olmayan \u00e7eli\u015fkili bir ifadedir, \u00e7\u00fcnk\u00fc normalle\u015fme mecburidir, do\u011fall\u0131k ise kendili\u011findendir. Normalle\u015fme ve normale d\u00f6nme bir arada olamaz. Siyonist bir varl\u0131k olan \u201c\u0130srail\u201d gibi i\u015flerin mant\u0131\u011f\u0131n\u0131n d\u0131\u015f\u0131nda anormal bir d\u00fc\u015fmanla normalle\u015fme terimini kullanabiliriz. \u00a0\u201cnormalle\u015ftirmemizi\u201d s\u00f6ylemek zorlay\u0131c\u0131 bir s\u00fcre\u00e7tir \u00e7\u00fcnk\u00fc var olmayan do\u011fal ili\u015fkileri dayatmak istiyoruz. ..Ama kom\u015fu \u00fclke ve kom\u015fu devletten s\u00f6z etti\u011fimizde ve y\u00fczy\u0131llara dayanan ili\u015fkiler s\u00f6z konusu oldu\u011funda,\u00a0<img loading=\"lazy\" decoding=\"async\" class=\"size-full wp-image-305083 alignright tie-appear\" src=\"http:\/\/www.sana.sy\/tr\/wp-content\/uploads\/2024\/07\/%D8%A7%D9%86%D8%AA%D8%AE%D8%A7%D8%A8-14-268x300-1.jpg\" alt=\"\" width=\"268\" height=\"300\" \/>ili\u015fkilerin tamamen normal olmas\u0131 gerekir. Normalle\u015fme tabiri yanl\u0131\u015ft\u0131r. E\u011fer normal ili\u015fkilere ula\u015fmak istiyorsak ve tabii ki Suriye\u2019de de arad\u0131\u011f\u0131m\u0131z \u015fey bu, ne olursa olsun\u2026 \u0130\u015fgal \u00fclkeler aras\u0131ndaki normal ili\u015fkilerin bir par\u00e7as\u0131 olabilir mi? Ter\u00f6rizmi desteklemenin \u00fclkeler aras\u0131ndaki normal ili\u015fkilerin bir par\u00e7as\u0131 olmas\u0131 m\u00fcmk\u00fcn m\u00fc? \u2026 bu imkans\u0131z.. Normal ili\u015fkiden bahsedecek olursak, bu sahnede anormal olan her \u015feyi dola\u015f\u0131mdan kald\u0131rmam\u0131z gerekiyor. \u0130\u015fgal anormaldir, ter\u00f6rizm anormaldir ve uluslararas\u0131 hukukun ihlali anormaldir\u2026Kom\u015fu ve kom\u015fu olmayan \u00fclkelerin egemenli\u011fine sayg\u0131s\u0131zl\u0131k anormaldir \u2026 Anormallikler ortadan kalkt\u0131\u011f\u0131nda ili\u015fki normalle\u015fmeden, zorlay\u0131c\u0131 \u00f6nlemler olmadan ve h\u00fck\u00fcmetlerin g\u00f6r\u00fc\u015f\u00fc olmadan normal olacakt\u0131r. Do\u011fal olarak sava\u015ftan \u00f6nceki haline d\u00f6nmeye do\u011fru ilerleyecek\u2026Hele ki bu do\u011fal ili\u015fkiler, T\u00fcrk yetkililerin bahsetti\u011fi s\u0131n\u0131rlar\u0131n korunmas\u0131n\u0131n, daha \u00f6nce oldu\u011fu gibi, bu do\u011fal ili\u015fkilerden kaynakland\u0131\u011f\u0131n\u0131n ve s\u0131n\u0131rlar\u0131n sakin oldu\u011funun kan\u0131t\u0131d\u0131r. Suriye, s\u0131n\u0131r\u0131n her iki taraf\u0131n\u0131n g\u00fcvenli\u011fi ve ter\u00f6rle m\u00fccadele konusunda \u00e7eyrek as\u0131rdan fazla bir s\u00fcredir taahh\u00fct etti\u011fi taahh\u00fctlere her zaman sad\u0131k kalm\u0131\u015ft\u0131r. Biz T\u00fcrkiye ile normal ili\u015fkiler meselesine b\u00f6yle bak\u0131yoruz.\u201d<\/p>\n<p style=\"text-align: justify;\"><span style=\"color: #0000ff;\"><strong>Soru<\/strong><\/span>:<\/p>\n<p style=\"text-align: justify;\"><span style=\"color: #ff0000;\"><strong>Peki dostlar\u0131n rol\u00fc ne Say\u0131n Cumhurba\u015fkan\u0131?<\/strong><\/span><\/p>\n<p style=\"text-align: justify;\"><span style=\"color: #0000ff;\"><strong>Cumhurba\u015fkan\u0131:<\/strong><\/span><\/p>\n<p style=\"text-align: justify;\">\u201dDostkar neyden bahsetti\u011fimizi \u00e7ok iyi biliyorlar ve be\u015f y\u0131l \u00f6nce ger\u00e7ekle\u015fen ilk giri\u015fimden bu yana bu durumu biliyorlar. Bu arada giri\u015fimlerden s\u00f6z etmek yeni ama giri\u015fimlerin ba\u015flang\u0131c\u0131 be\u015f y\u0131l \u00f6nceydi. Be\u015f y\u0131l i\u00e7inde ayn\u0131 durumu tekrarlar\u0131z, nedenleri ortadan kald\u0131r\u0131rsan\u0131z sonu\u00e7lar ortaya \u00e7\u0131kar. Siyasi taktiklere, medya takti\u011fine, akrobatik hareketlere gerek yok\u2026 Biz buna ula\u015faca\u011f\u0131z, arkada\u015flar\u0131m\u0131z da bunu destekliyor. Hele ki T\u00fcrkiye ile aram\u0131zdaki sorunlar\u0131n \u00e7\u00f6z\u00fcm\u00fc i\u00e7in inisiyatif alan dostlar uluslararas\u0131 hukuka ba\u011fl\u0131 olduklar\u0131 i\u00e7in\u2026.Yani bizim talep etti\u011fimiz \u015fey Suriye i\u00e7in bir hakt\u0131r ve bu, kimsenin itiraz edemeyece\u011fi uluslararas\u0131 bir hukuktur\u2026 Bazen baz\u0131 tedbirlerin al\u0131nmas\u0131n\u0131 talep edebilirler. Bu diyaloga ve tart\u0131\u015fmaya tabidir ama prosed\u00fcrler ba\u015fka, prensibin d\u0131\u015f\u0131na \u00e7\u0131kmak ba\u015fka \u015fey\u2026Ulusal \u00e7\u0131karlar\u0131m\u0131z\u0131 \u00fczerine in\u015fa etti\u011fimiz ilkelerin d\u0131\u015f\u0131na \u00e7\u0131kamay\u0131z.\u201d<\/p>\n<p style=\"text-align: justify;\"><strong><span style=\"color: #0000ff;\">Soru:<\/span><\/strong><\/p>\n<p style=\"text-align: justify;\"><span style=\"color: #ff0000;\"><strong>Say\u0131n Cumhurba\u015fkan\u0131, baz\u0131lar\u0131 bu \u015fartlar\u0131 imkans\u0131z olarak nitelendiriyor.\u015eam i\u00e7in bu ko\u015fullar prensip midir? Bug\u00fcn onlar olmadan normalle\u015fme yolunda herhangi bir ad\u0131mdan s\u00f6z edemeyece\u011fimiz bu temel talepler midir? Yoksa m\u00fczakere s\u00fcrecine dahil edilebilir mi ve tamamlanmas\u0131 i\u00e7in bir zaman \u00e7izelgesi belirlenmesi ve bunun zaman\u0131nda tamamlanmas\u0131 konusunda mutabakata var\u0131labilir mi?<\/strong><\/span><\/p>\n<p style=\"text-align: justify;\"><span style=\"color: #0000ff;\"><strong>Cumhurba\u015fkan\u0131:<\/strong><\/span><\/p>\n<p style=\"text-align: justify;\">Kimisi ko\u015fullardan bahsediyor, biz ko\u015ful koymuyoruz, kimisi de talepten bahsediyor, belki \u015fartlardan daha yumu\u015fak bir dille, talep koymuyoruz\u2026 Yani bizim bahsetti\u011fimiz ko\u015fullar veya talepler de\u011fil, gereksinimler ve terim farkl\u0131\u2026 D\u00fcnyadaki herhangi bir \u015feyin sa\u011fl\u0131kl\u0131 sonu\u00e7 almas\u0131n\u0131 istiyorsak, ona uygun ortam\u0131n sa\u011flanmas\u0131 gerekir\u2026. Buna gereksinimler denir. Siyasi bir ili\u015fki varsa, sonu\u00e7lar\u0131na ula\u015fabilmek i\u00e7in belirli gereksinimlere ihtiya\u00e7 duyar\u2026 Herhangi bir grup insan, \u015firket veya \u00fclke aras\u0131nda gereksinimlere ihtiya\u00e7 duyan bir ekonomik ortakl\u0131k ili\u015fkisi, ortak bir proje varsa\u2026 o zaman gereksinimler olmadan s\u00fcre\u00e7 ba\u015far\u0131l\u0131 olmaz\u2026 Bahsetti\u011fimiz \u015fey, \u00fclkeler aras\u0131ndaki ili\u015fkilerin do\u011fas\u0131 gere\u011fi getirilen gereklilikler. Bu gereklilikler uluslararas\u0131 hukukta ifade ediliyor. Burada esas noktaya d\u00f6nebiliriz: Bu ili\u015fki uluslararas\u0131 hukuk olmadan y\u00fcr\u00fcyebilir mi? Ge\u00e7mi\u015ften a\u00e7\u0131k\u00e7a bahsetmeden.. B\u00fct\u00fcn bir b\u00f6lgenin yok olmas\u0131na, y\u00fczbinlerce ki\u015finin \u00f6l\u00fcm\u00fcne yol a\u00e7an siyasi hatalardan bahsetmeden\u2026. Ge\u00e7mi\u015fin derslerinden faydalanmadan, gelecek nesillerin onun ve tuzaklar\u0131na d\u00fc\u015fmemesinin temellerini atmadan gelece\u011fe do\u011fru ilerleyebilir miyiz?<\/p>\n<p style=\"text-align: justify;\"><span style=\"color: #0000ff;\"><strong>Soru<\/strong><\/span>:<\/p>\n<p style=\"text-align: justify;\"><span style=\"color: #ff0000;\"><strong>Bug\u00fcn arabulucu \u00fclkelerin verece\u011fi garantiler, bahsetti\u011finiz bu gereksinimlere \u00e7\u00f6z\u00fcm getirebilir mi?<\/strong><\/span><\/p>\n<p style=\"text-align: justify;\"><span style=\"color: #0000ff;\"><strong>Cumhurba\u015fkan\u0131<\/strong>:<\/span><\/p>\n<p style=\"text-align: justify;\">Bize hi\u00e7bir garanti verilmedi, bu y\u00fczden olumlu bir \u015fekilde ama sadece ilkelere de\u011fil, a\u00e7\u0131k ilkelere dayanarak ilerliyoruz. \u00a0\u0130lkeler uluslararas\u0131 hukuk ve egemenliktir \u2026 Bu a\u00e7\u0131k bir durum. Ama ald\u0131\u011f\u0131m\u0131z\u0131n olumlu sonu\u00e7 vermesini sa\u011flayacak belli bir metodoloji var. Biraz \u00f6nce s\u00f6yledi\u011fim gibi, olumlu sonu\u00e7 alamazsak sonu\u00e7 olumsuz olur. \u00a0Baz\u0131lar\u0131 hi\u00e7bir \u015fey kaybetmeyece\u011finizi s\u00f6yl\u00fcyor. Hay\u0131r, bu durumda ya kazanaca\u011f\u0131z ya da kaybedece\u011fiz. Ortak d\u00fczeyde biz, T\u00fcrkiye ve m\u00fcttefiklerimiz, herkes kazan\u0131r, herkes kaybeder, taviz yoktur. Gri bir durum yok, dolay\u0131s\u0131yla ilkeleri ve gereklilikleri vurgulad\u0131\u011f\u0131m\u0131zda bu, kat\u0131l\u0131k veya teredd\u00fctten de\u011fil, s\u00fcrecin ba\u015far\u0131s\u0131na y\u00f6nelik kayg\u0131m\u0131zdan kaynaklanmaktad\u0131r. Bizde baz\u0131 insanlar gibi teredd\u00fct ve kibir yoktur. Biz her \u015feyden \u00f6nce \u00e7\u0131karlar\u0131m\u0131z\u0131 arar\u0131z, ilkelerimiz bunlarla ilgili \u00e7\u0131karlar\u0131m\u0131zdan kaynaklan\u0131r ve onlardan ayr\u0131 de\u011fildir.<\/p>\n<p style=\"text-align: center;\"><strong><a href=\"https:\/\/t.me\/SuriyeArapHaberAjansI\">Telegram Kanal\u0131m\u0131z\u00a0<\/a><span style=\"color: #ff0000;\">||<\/span><a href=\"https:\/\/twitter.com\/arap_ajans\">X Platformumuz\u00a0<\/a><span style=\"color: #ff0000;\">||<\/span><a href=\"https:\/\/www.facebook.com\/SANAHaberAjansi\/\">Facebook Sayfam\u0131z<\/a><\/strong><\/p>\n<p style=\"text-align: center;\"><iframe loading=\"lazy\" title=\"\u062a\u0635\u0631\u064a\u062d\u0627\u062a \u0644\u0644\u0631\u0626\u064a\u0633 \u0627\u0644\u0623\u0633\u062f \u062e\u0644\u0627\u0644 \u0625\u062f\u0644\u0627\u0626\u0647 \u0628\u0635\u0648\u062a\u0647 \u0641\u064a \u0627\u0646\u062a\u062e\u0627\u0628\u0627\u062a \u0645\u062c\u0644\u0633 \u0627\u0644\u0634\u0639\u0628\" src=\"https:\/\/www.youtube.com\/embed\/hwGL2Esf9ag\" width=\"620\" height=\"348\" frameborder=\"0\" allowfullscreen=\"allowfullscreen\"><\/iframe><\/p>\n<div id='gallery-1' class='gallery galleryid-305087 gallery-columns-1 gallery-size-full'><figure class='gallery-item'>\n\t\t\t<div class='gallery-icon landscape'>\n\t\t\t\t<a href='https:\/\/archive.sana.sy\/tr\/?attachment_id=305088'><img loading=\"lazy\" decoding=\"async\" width=\"1200\" height=\"918\" src=\"https:\/\/archive.sana.sy\/tr\/wp-content\/uploads\/2024\/07\/111.jpg\" class=\"attachment-full size-full\" alt=\"\" srcset=\"https:\/\/archive.sana.sy\/tr\/wp-content\/uploads\/2024\/07\/111.jpg 1200w, https:\/\/archive.sana.sy\/tr\/wp-content\/uploads\/2024\/07\/111-300x230.jpg 300w, https:\/\/archive.sana.sy\/tr\/wp-content\/uploads\/2024\/07\/111-1024x783.jpg 1024w, https:\/\/archive.sana.sy\/tr\/wp-content\/uploads\/2024\/07\/111-768x588.jpg 768w\" sizes=\"auto, (max-width: 1200px) 100vw, 1200px\" \/><\/a>\n\t\t\t<\/div><\/figure><figure class='gallery-item'>\n\t\t\t<div class='gallery-icon landscape'>\n\t\t\t\t<a href='https:\/\/archive.sana.sy\/tr\/?attachment_id=305089'><img loading=\"lazy\" decoding=\"async\" width=\"1200\" height=\"972\" src=\"https:\/\/archive.sana.sy\/tr\/wp-content\/uploads\/2024\/07\/22.jpg\" class=\"attachment-full size-full\" alt=\"\" srcset=\"https:\/\/archive.sana.sy\/tr\/wp-content\/uploads\/2024\/07\/22.jpg 1200w, https:\/\/archive.sana.sy\/tr\/wp-content\/uploads\/2024\/07\/22-300x243.jpg 300w, https:\/\/archive.sana.sy\/tr\/wp-content\/uploads\/2024\/07\/22-1024x829.jpg 1024w, https:\/\/archive.sana.sy\/tr\/wp-content\/uploads\/2024\/07\/22-768x622.jpg 768w\" sizes=\"auto, (max-width: 1200px) 100vw, 1200px\" \/><\/a>\n\t\t\t<\/div><\/figure>\n\t\t<\/div>\n\n","protected":false},"excerpt":{"rendered":"<p>\u015eAM (SANA) \u2013\u00a0 Cumhurba\u015fkan\u0131 Be\u015f\u015far Esad, genel olarak devletin ve kurumlar\u0131n\u0131n rol\u00fc, politikalar\u0131 ve y\u00f6nleri hakk\u0131ndaki vizyonlarla ba\u011flant\u0131l\u0131 geli\u015fimsel ge\u00e7i\u015f a\u015famas\u0131n\u0131n bir par\u00e7as\u0131 olman\u0131n Halk Meclisi\u2019nin g\u00f6revi oldu\u011funu vurgulayarak, t\u00fcm umutlar\u0131m\u0131z\u0131 Halk Meclisi kurumuna ba\u011flayabilece\u011fimizi \u00e7\u00fcnk\u00fc bu kurumun herhangi bir \u00fclkedeki en y\u00fcksek kurum oldu\u011funa dikkat \u00e7ekti. Bug\u00fcn Halk Meclisi \u00fcye se\u00e7imlerinde oyunu kullan\u0131rken yapt\u0131\u011f\u0131 &hellip;<\/p>\n","protected":false},"author":41,"featured_media":305090,"comment_status":"closed","ping_status":"closed","sticky":false,"template":"","format":"standard","meta":{"footnotes":""},"categories":[606,6459,18295,605,17988,2554,2555],"tags":[41964,38280,41611],"class_list":["post-305087","post","type-post","status-publish","format-standard","has-post-thumbnail","","category-cumhurbaskani","category-sana-fotolarl","category-sana-video","category-sayin-cumhurbaskani","category-son-haberler","category-suriye-ve-dunya","category-suriye-ve-turkiye","tag-besar-esad-ve-erdogan-ne-zaman-gorusecekler","tag-suriye-ile-normallesme","tag-suriye-ve-turkiye-arasindaki-iliskiler"],"_links":{"self":[{"href":"https:\/\/archive.sana.sy\/tr\/index.php?rest_route=\/wp\/v2\/posts\/305087","targetHints":{"allow":["GET"]}}],"collection":[{"href":"https:\/\/archive.sana.sy\/tr\/index.php?rest_route=\/wp\/v2\/posts"}],"about":[{"href":"https:\/\/archive.sana.sy\/tr\/index.php?rest_route=\/wp\/v2\/types\/post"}],"author":[{"embeddable":true,"href":"https:\/\/archive.sana.sy\/tr\/index.php?rest_route=\/wp\/v2\/users\/41"}],"replies":[{"embeddable":true,"href":"https:\/\/archive.sana.sy\/tr\/index.php?rest_route=%2Fwp%2Fv2%2Fcomments&post=305087"}],"version-history":[{"count":9,"href":"https:\/\/archive.sana.sy\/tr\/index.php?rest_route=\/wp\/v2\/posts\/305087\/revisions"}],"predecessor-version":[{"id":305110,"href":"https:\/\/archive.sana.sy\/tr\/index.php?rest_route=\/wp\/v2\/posts\/305087\/revisions\/305110"}],"wp:featuredmedia":[{"embeddable":true,"href":"https:\/\/archive.sana.sy\/tr\/index.php?rest_route=\/wp\/v2\/media\/305090"}],"wp:attachment":[{"href":"https:\/\/archive.sana.sy\/tr\/index.php?rest_route=%2Fwp%2Fv2%2Fmedia&parent=305087"}],"wp:term":[{"taxonomy":"category","embeddable":true,"href":"https:\/\/archive.sana.sy\/tr\/index.php?rest_route=%2Fwp%2Fv2%2Fcategories&post=305087"},{"taxonomy":"post_tag","embeddable":true,"href":"https:\/\/archive.sana.sy\/tr\/index.php?rest_route=%2Fwp%2Fv2%2Ftags&post=305087"}],"curies":[{"name":"wp","href":"https:\/\/api.w.org\/{rel}","templated":true}]}}