{"id":305099,"date":"2024-07-16T10:27:27","date_gmt":"2024-07-16T07:27:27","guid":{"rendered":"https:\/\/sana.sy\/tr\/?p=305099"},"modified":"2024-07-17T08:11:43","modified_gmt":"2024-07-17T05:11:43","slug":"lubnan-direnisi-isgal-altindaki-filistinin-kuzeyindeki-kiryat-smona-yerlesimini-onlarca-fuzeyle-hedef-aldi","status":"publish","type":"post","link":"https:\/\/archive.sana.sy\/tr\/?p=305099","title":{"rendered":"L\u00fcbnan Direni\u015fi \u0130\u015fgal Edilen Filistin&#8217;in Kuzeyindeki Kiryat \u015emona Yerle\u015fimini Onlarca F\u00fczeyle Hedef Ald\u0131"},"content":{"rendered":"<p style=\"text-align: justify;\">BEYRUT (SANA) &#8211; L\u00fcbnan direni\u015fi i\u015fgal edilen Filistin&#8217;in kuzeyindeki Kiryat \u015emona yerle\u015fimini onlarca f\u00fczeyle hedef ald\u0131.<\/p>\n<p style=\"text-align: justify;\">L\u00fcbnan Direni\u015fi yapt\u0131\u011f\u0131 a\u00e7\u0131klamada, Gazze \u015eeridi&#8217;ndeki kararl\u0131 Filistin halk\u0131m\u0131z\u0131 ve onlar\u0131n yi\u011fit ve onurlu direni\u015fini desteklemek amac\u0131yla ve d\u00fc\u015fman \u0130srail&#8217;in g\u00fcneydeki kararl\u0131 k\u00f6ylere ve g\u00fcvenli evlere y\u00f6nelik sald\u0131rganl\u0131klar\u0131na, \u00f6zellikle de d\u00fc\u015fman\u0131n Bint Cbeyl \u015fehrinde ger\u00e7ekle\u015ftirdi\u011fi korkun\u00e7 katliama yan\u0131t olarak, direni\u015f sava\u015f\u00e7\u0131lar\u0131n\u0131n Kiryat \u015emona yerle\u015fimindeki El Halise k\u00f6y\u00fcn\u00fc onlarca Falak ve Katyu\u015fa roketiyle hedef ald\u0131&#8221; dedi.<\/p>\n<p style=\"text-align: center;\"><strong><a href=\"https:\/\/t.me\/SuriyeArapHaberAjansI\">Telegram Kanal\u0131m\u0131z\u00a0<\/a>||<a href=\"https:\/\/twitter.com\/arap_ajans\">X Platformumuz\u00a0<\/a>||<a href=\"https:\/\/www.facebook.com\/SANAHaberAjansi\/\">Facebook Sayfam\u0131z<\/a><\/strong><\/p>\n","protected":false},"excerpt":{"rendered":"<p>BEYRUT (SANA) &#8211; L\u00fcbnan direni\u015fi i\u015fgal edilen Filistin&#8217;in kuzeyindeki Kiryat \u015emona yerle\u015fimini onlarca f\u00fczeyle hedef ald\u0131. L\u00fcbnan Direni\u015fi yapt\u0131\u011f\u0131 a\u00e7\u0131klamada, Gazze \u015eeridi&#8217;ndeki kararl\u0131 Filistin halk\u0131m\u0131z\u0131 ve onlar\u0131n yi\u011fit ve onurlu direni\u015fini desteklemek amac\u0131yla ve d\u00fc\u015fman \u0130srail&#8217;in g\u00fcneydeki kararl\u0131 k\u00f6ylere ve g\u00fcvenli evlere y\u00f6nelik sald\u0131rganl\u0131klar\u0131na, \u00f6zellikle de d\u00fc\u015fman\u0131n Bint Cbeyl \u015fehrinde ger\u00e7ekle\u015ftirdi\u011fi korkun\u00e7 katliama yan\u0131t olarak, &hellip;<\/p>\n","protected":false},"author":39,"featured_media":305100,"comment_status":"closed","ping_status":"closed","sticky":false,"template":"","format":"standard","meta":{"footnotes":""},"categories":[458,459,17988],"tags":[],"class_list":["post-305099","post","type-post","status-publish","format-standard","has-post-thumbnail","","category-dunya1","category-haberler-arap-uluslararasi-politika","category-son-haberler"],"_links":{"self":[{"href":"https:\/\/archive.sana.sy\/tr\/index.php?rest_route=\/wp\/v2\/posts\/305099","targetHints":{"allow":["GET"]}}],"collection":[{"href":"https:\/\/archive.sana.sy\/tr\/index.php?rest_route=\/wp\/v2\/posts"}],"about":[{"href":"https:\/\/archive.sana.sy\/tr\/index.php?rest_route=\/wp\/v2\/types\/post"}],"author":[{"embeddable":true,"href":"https:\/\/archive.sana.sy\/tr\/index.php?rest_route=\/wp\/v2\/users\/39"}],"replies":[{"embeddable":true,"href":"https:\/\/archive.sana.sy\/tr\/index.php?rest_route=%2Fwp%2Fv2%2Fcomments&post=305099"}],"version-history":[{"count":2,"href":"https:\/\/archive.sana.sy\/tr\/index.php?rest_route=\/wp\/v2\/posts\/305099\/revisions"}],"predecessor-version":[{"id":305102,"href":"https:\/\/archive.sana.sy\/tr\/index.php?rest_route=\/wp\/v2\/posts\/305099\/revisions\/305102"}],"wp:featuredmedia":[{"embeddable":true,"href":"https:\/\/archive.sana.sy\/tr\/index.php?rest_route=\/wp\/v2\/media\/305100"}],"wp:attachment":[{"href":"https:\/\/archive.sana.sy\/tr\/index.php?rest_route=%2Fwp%2Fv2%2Fmedia&parent=305099"}],"wp:term":[{"taxonomy":"category","embeddable":true,"href":"https:\/\/archive.sana.sy\/tr\/index.php?rest_route=%2Fwp%2Fv2%2Fcategories&post=305099"},{"taxonomy":"post_tag","embeddable":true,"href":"https:\/\/archive.sana.sy\/tr\/index.php?rest_route=%2Fwp%2Fv2%2Ftags&post=305099"}],"curies":[{"name":"wp","href":"https:\/\/api.w.org\/{rel}","templated":true}]}}