{"id":3051,"date":"2014-06-14T15:19:46","date_gmt":"2014-06-14T12:19:46","guid":{"rendered":"http:\/\/sanasyria.org\/tr\/?p=3051"},"modified":"2014-06-14T15:19:58","modified_gmt":"2014-06-14T12:19:58","slug":"laricani-kriz-abd-menseli-plan-ve-komplolarin-urunudur","status":"publish","type":"post","link":"https:\/\/archive.sana.sy\/tr\/?p=3051","title":{"rendered":"Laricani: Kriz ABD Men\u015feli Plan ve Komplolar\u0131n \u00dcr\u00fcn\u00fcd\u00fcr"},"content":{"rendered":"<p><span style=\"color: #800000\">TAHRAN \u2013<\/span> \u0130ran \u015eura Meclisi Ba\u015fkan\u0131 Ali Laricani; Suriye\u2019de ya\u015fanmakta olan krizin ABD ve demokratik parlamento sahibi olmayan kom\u015fu devletlerden men\u015feli plan ve komplolar\u0131n bir \u00fcr\u00fcn\u00fc oldu\u011funu ifade etti.<\/p>\n<p>\u0130ran Haber Ajans\u0131 \u0130RNA bug\u00fcn yay\u0131nlad\u0131\u011f\u0131 haberde, Laricani\u2019nin; ger\u00e7ek demokratik parlamentolara sahip olmayan devletlerin kendi i\u015flerinden \u00e7ok Suriye ve Irak\u2019\u0131n i\u00e7i\u015fleriyle u\u011fra\u015ft\u0131klar\u0131na i\u015faret ederek; Ter\u00f6r\u00fcn b\u00fcy\u00fck devletlerin siyaset ve propaganda malzemesi haline d\u00f6n\u00fc\u015ft\u00fc\u011f\u00fcn\u00fc belirtti\u011fini aktard\u0131.<\/p>\n<p>Bat\u0131l\u0131 devletlerin, Siyonist olu\u015fumun \u00f6n\u00fcnde ciddi bir engel te\u015fkil etmesi nedeniyle, direni\u015f\u00e7i Suriye devletini y\u0131kmaya \u00e7al\u0131\u015ft\u0131klar\u0131na de\u011finen Laricani; Irak\u2019ta ya\u015fanan olaylarla ilgili geli\u015fmelerin, Suriye\u2019ye demokrasi getirme iddias\u0131yla ter\u00f6r krizi yaratan devletlerin ikiy\u00fczl\u00fc bir politika izlediklerini somut bir \u015fekilde g\u00f6sterdi\u011finin alt\u0131n\u0131 \u00e7izdi.<\/p>\n","protected":false},"excerpt":{"rendered":"<p>TAHRAN \u2013 \u0130ran \u015eura Meclisi Ba\u015fkan\u0131 Ali Laricani; Suriye\u2019de ya\u015fanmakta olan krizin ABD ve demokratik parlamento sahibi olmayan kom\u015fu devletlerden men\u015feli plan ve komplolar\u0131n bir \u00fcr\u00fcn\u00fc oldu\u011funu ifade etti. \u0130ran Haber Ajans\u0131 \u0130RNA bug\u00fcn yay\u0131nlad\u0131\u011f\u0131 haberde, Laricani\u2019nin; ger\u00e7ek demokratik parlamentolara sahip olmayan devletlerin kendi i\u015flerinden \u00e7ok Suriye ve Irak\u2019\u0131n i\u00e7i\u015fleriyle u\u011fra\u015ft\u0131klar\u0131na i\u015faret ederek; Ter\u00f6r\u00fcn b\u00fcy\u00fck &hellip;<\/p>\n","protected":false},"author":1,"featured_media":3052,"comment_status":"closed","ping_status":"closed","sticky":false,"template":"","format":"standard","meta":{"footnotes":""},"categories":[458,459],"tags":[675],"class_list":["post-3051","post","type-post","status-publish","format-standard","has-post-thumbnail","","category-dunya1","category-haberler-arap-uluslararasi-politika","tag-laricani-kriz-abd-menseli-plan-ve-komplolarin-urunudur"],"_links":{"self":[{"href":"https:\/\/archive.sana.sy\/tr\/index.php?rest_route=\/wp\/v2\/posts\/3051","targetHints":{"allow":["GET"]}}],"collection":[{"href":"https:\/\/archive.sana.sy\/tr\/index.php?rest_route=\/wp\/v2\/posts"}],"about":[{"href":"https:\/\/archive.sana.sy\/tr\/index.php?rest_route=\/wp\/v2\/types\/post"}],"author":[{"embeddable":true,"href":"https:\/\/archive.sana.sy\/tr\/index.php?rest_route=\/wp\/v2\/users\/1"}],"replies":[{"embeddable":true,"href":"https:\/\/archive.sana.sy\/tr\/index.php?rest_route=%2Fwp%2Fv2%2Fcomments&post=3051"}],"version-history":[{"count":0,"href":"https:\/\/archive.sana.sy\/tr\/index.php?rest_route=\/wp\/v2\/posts\/3051\/revisions"}],"wp:featuredmedia":[{"embeddable":true,"href":"https:\/\/archive.sana.sy\/tr\/index.php?rest_route=\/wp\/v2\/media\/3052"}],"wp:attachment":[{"href":"https:\/\/archive.sana.sy\/tr\/index.php?rest_route=%2Fwp%2Fv2%2Fmedia&parent=3051"}],"wp:term":[{"taxonomy":"category","embeddable":true,"href":"https:\/\/archive.sana.sy\/tr\/index.php?rest_route=%2Fwp%2Fv2%2Fcategories&post=3051"},{"taxonomy":"post_tag","embeddable":true,"href":"https:\/\/archive.sana.sy\/tr\/index.php?rest_route=%2Fwp%2Fv2%2Ftags&post=3051"}],"curies":[{"name":"wp","href":"https:\/\/api.w.org\/{rel}","templated":true}]}}