{"id":305111,"date":"2024-07-16T15:38:56","date_gmt":"2024-07-16T12:38:56","guid":{"rendered":"https:\/\/sana.sy\/tr\/?p=305111"},"modified":"2024-07-18T10:39:03","modified_gmt":"2024-07-18T07:39:03","slug":"savunma-bakanligi-silahli-kuvvetlerimiz-idlibin-guney-kirsalinda-teror-zirihli-araclarini-hedef-aldi","status":"publish","type":"post","link":"https:\/\/archive.sana.sy\/tr\/?p=305111","title":{"rendered":"Savunma Bakanl\u0131\u011f\u0131: Silahl\u0131 Kuvvetlerimiz \u0130dlib&#8217;in G\u00fcney K\u0131rsal\u0131nda Ter\u00f6r Z\u0131r\u0131hl\u0131 Ara\u00e7lar\u0131n\u0131 Hedef Ald\u0131"},"content":{"rendered":"<p style=\"text-align: justify;\"><strong>\u015eAM (SANA)<\/strong> &#8211; Bug\u00fcn \u0130dlib&#8217;in g\u00fcney k\u0131rsal\u0131na y\u00f6nelik operasyon yapan silahl\u0131 kuvvetlerimiz, \u00e7ok say\u0131da z\u0131r\u0131hl\u0131 arac\u0131n\u0131 hedef alarak tamamen imha etmi\u015f, i\u00e7indekilerin \u00f6l\u00fcm\u00fcne ve yaralanmas\u0131na yol a\u00e7m\u0131\u015ft\u0131r.<\/p>\n<p style=\"text-align: justify;\">Savunma Bakanl\u0131\u011f\u0131 Facebook sayfas\u0131nda yay\u0131nlanan a\u00e7\u0131klamada \u015fu ifadelere yer verdi: &#8220;Ayn\u0131 y\u00f6nde hareket eden silahl\u0131 kuvvetlerimiz, ter\u00f6r sald\u0131r\u0131s\u0131na \u00e7ok say\u0131da intihar drone&#8217;uyla kar\u015f\u0131l\u0131k vererek, onlar\u0131 vurarak imha etmeyi ba\u015fard\u0131.&#8221;<\/p>\n<p style=\"text-align: center;\"><strong><a href=\"https:\/\/t.me\/SuriyeArapHaberAjansI\">Telegram Kanal\u0131m\u0131z\u00a0<\/a>||<a href=\"https:\/\/twitter.com\/arap_ajans\">X Platformumuz\u00a0<\/a>||<a href=\"https:\/\/www.facebook.com\/SANAHaberAjansi\/\">Facebook Sayfam\u0131z<\/a><\/strong><\/p>\n","protected":false},"excerpt":{"rendered":"<p>\u015eAM (SANA) &#8211; Bug\u00fcn \u0130dlib&#8217;in g\u00fcney k\u0131rsal\u0131na y\u00f6nelik operasyon yapan silahl\u0131 kuvvetlerimiz, \u00e7ok say\u0131da z\u0131r\u0131hl\u0131 arac\u0131n\u0131 hedef alarak tamamen imha etmi\u015f, i\u00e7indekilerin \u00f6l\u00fcm\u00fcne ve yaralanmas\u0131na yol a\u00e7m\u0131\u015ft\u0131r. Savunma Bakanl\u0131\u011f\u0131 Facebook sayfas\u0131nda yay\u0131nlanan a\u00e7\u0131klamada \u015fu ifadelere yer verdi: &#8220;Ayn\u0131 y\u00f6nde hareket eden silahl\u0131 kuvvetlerimiz, ter\u00f6r sald\u0131r\u0131s\u0131na \u00e7ok say\u0131da intihar drone&#8217;uyla kar\u015f\u0131l\u0131k vererek, onlar\u0131 vurarak imha etmeyi &hellip;<\/p>\n","protected":false},"author":41,"featured_media":305112,"comment_status":"closed","ping_status":"closed","sticky":false,"template":"","format":"standard","meta":{"footnotes":""},"categories":[479,575,17988,478],"tags":[],"class_list":["post-305111","post","type-post","status-publish","format-standard","has-post-thumbnail","","category-haberler-yerel","category-olaylar-ve-gercekler","category-son-haberler","category-yerel"],"_links":{"self":[{"href":"https:\/\/archive.sana.sy\/tr\/index.php?rest_route=\/wp\/v2\/posts\/305111","targetHints":{"allow":["GET"]}}],"collection":[{"href":"https:\/\/archive.sana.sy\/tr\/index.php?rest_route=\/wp\/v2\/posts"}],"about":[{"href":"https:\/\/archive.sana.sy\/tr\/index.php?rest_route=\/wp\/v2\/types\/post"}],"author":[{"embeddable":true,"href":"https:\/\/archive.sana.sy\/tr\/index.php?rest_route=\/wp\/v2\/users\/41"}],"replies":[{"embeddable":true,"href":"https:\/\/archive.sana.sy\/tr\/index.php?rest_route=%2Fwp%2Fv2%2Fcomments&post=305111"}],"version-history":[{"count":1,"href":"https:\/\/archive.sana.sy\/tr\/index.php?rest_route=\/wp\/v2\/posts\/305111\/revisions"}],"predecessor-version":[{"id":305113,"href":"https:\/\/archive.sana.sy\/tr\/index.php?rest_route=\/wp\/v2\/posts\/305111\/revisions\/305113"}],"wp:featuredmedia":[{"embeddable":true,"href":"https:\/\/archive.sana.sy\/tr\/index.php?rest_route=\/wp\/v2\/media\/305112"}],"wp:attachment":[{"href":"https:\/\/archive.sana.sy\/tr\/index.php?rest_route=%2Fwp%2Fv2%2Fmedia&parent=305111"}],"wp:term":[{"taxonomy":"category","embeddable":true,"href":"https:\/\/archive.sana.sy\/tr\/index.php?rest_route=%2Fwp%2Fv2%2Fcategories&post=305111"},{"taxonomy":"post_tag","embeddable":true,"href":"https:\/\/archive.sana.sy\/tr\/index.php?rest_route=%2Fwp%2Fv2%2Ftags&post=305111"}],"curies":[{"name":"wp","href":"https:\/\/api.w.org\/{rel}","templated":true}]}}