{"id":305129,"date":"2024-07-16T05:53:54","date_gmt":"2024-07-16T02:53:54","guid":{"rendered":"https:\/\/sana.sy\/tr\/?p=305129"},"modified":"2024-07-17T08:11:41","modified_gmt":"2024-07-17T05:11:41","slug":"isgalin-han-yunus-ve-nuseyratta-gerceklestirdigi-iki-yeni-katliamda-57-sehit-ve-onlarca-yarali","status":"publish","type":"post","link":"https:\/\/archive.sana.sy\/tr\/?p=305129","title":{"rendered":"\u0130\u015fgalin Han Yunus Ve Nuseyrat&#8217;ta Ger\u00e7ekle\u015ftirdi\u011fi \u0130ki Yeni Katliamda 57 \u015eehit Ve Onlarca Yaral\u0131&#8230;"},"content":{"rendered":"<p style=\"text-align: justify;\"><strong>\u0130\u015eGAL ED\u0130LEN KUD\u00dcS (SANA)<\/strong> &#8211;\u00a0 \u0130srail i\u015fgali bug\u00fcn Gazze \u015eeridi&#8217;nin g\u00fcneyindeki Han Yunus kentinde ve merkezindeki Nuseyrat kamp\u0131nda iki yeni katliam ger\u00e7ekle\u015ftirerek 57 \u015fehit ve 40&#8217;tan fazla yaral\u0131 b\u0131rakt\u0131.<\/p>\n<p style=\"text-align: justify;\">Wafa Ajans\u0131, \u2018\u2019\u0130\u015fgal u\u00e7aklar\u0131n\u0131n Han Yunus&#8217;un bat\u0131s\u0131nda yerlerinden edilmi\u015f insanlarla dolu olan El Mawasi b\u00f6lgesini bombalamas\u0131 sonucu 17 Filistinli \u00f6ld\u00fc, 26 ki\u015fi de yaraland\u0131. \u0130\u015fgal ayr\u0131ca Nuseyrat kamp\u0131nda yerinden edilmi\u015f ki\u015filerin bar\u0131nd\u0131\u011f\u0131 bir UNRWA okulunu da bombalad\u0131; 40 Filistinli \u015fehit d\u00fc\u015ft\u00fc, 18 ki\u015fi yaraland\u0131\u2019\u2019 dedi.<\/p>\n<p style=\"text-align: justify;\">Birle\u015fmi\u015f Milletler Filistinli M\u00fcltecilere Yard\u0131m ve Bay\u0131nd\u0131rl\u0131k Ajans\u0131 (UNRWA) bug\u00fcn erken saatlerde yapt\u0131\u011f\u0131 a\u00e7\u0131klamada \u015funlar\u0131 s\u00f6yledi: \u2018\u2019Ge\u00e7ti\u011fimiz on g\u00fcn boyunca i\u015fgal, t\u00fcm Birle\u015fmi\u015f Milletler tesislerinin korunmas\u0131 \u00e7a\u011fr\u0131s\u0131nda bulunarak be\u015f okulu hedef ald\u0131.\u2019\u2019<\/p>\n<p style=\"text-align: justify;\">Ge\u00e7ti\u011fimiz cumartesi g\u00fcn\u00fc i\u015fgalcilerin El Mev\u00e2si b\u00f6lgesinde katliam\u0131 sonucu 90 \u015fehit ve 300 ki\u015fi de yaraland\u0131.<\/p>\n<p style=\"text-align: center;\"><strong><a href=\"https:\/\/t.me\/SuriyeArapHaberAjansI\">Telegram Kanal\u0131m\u0131z\u00a0<\/a>||<a href=\"https:\/\/twitter.com\/arap_ajans\">X Platformumuz\u00a0<\/a>||<a href=\"https:\/\/www.facebook.com\/SANAHaberAjansi\/\">Facebook Sayfam\u0131z<\/a><\/strong><\/p>\n","protected":false},"excerpt":{"rendered":"<p>\u0130\u015eGAL ED\u0130LEN KUD\u00dcS (SANA) &#8211;\u00a0 \u0130srail i\u015fgali bug\u00fcn Gazze \u015eeridi&#8217;nin g\u00fcneyindeki Han Yunus kentinde ve merkezindeki Nuseyrat kamp\u0131nda iki yeni katliam ger\u00e7ekle\u015ftirerek 57 \u015fehit ve 40&#8217;tan fazla yaral\u0131 b\u0131rakt\u0131. Wafa Ajans\u0131, \u2018\u2019\u0130\u015fgal u\u00e7aklar\u0131n\u0131n Han Yunus&#8217;un bat\u0131s\u0131nda yerlerinden edilmi\u015f insanlarla dolu olan El Mawasi b\u00f6lgesini bombalamas\u0131 sonucu 17 Filistinli \u00f6ld\u00fc, 26 ki\u015fi de yaraland\u0131. \u0130\u015fgal ayr\u0131ca &hellip;<\/p>\n","protected":false},"author":41,"featured_media":305130,"comment_status":"closed","ping_status":"closed","sticky":false,"template":"","format":"standard","meta":{"footnotes":""},"categories":[458,459,17988],"tags":[41968],"class_list":["post-305129","post","type-post","status-publish","format-standard","has-post-thumbnail","","category-dunya1","category-haberler-arap-uluslararasi-politika","category-son-haberler","tag-isgalin-han-yunus-ve-nuseyratta-gerceklestirdigi-iki-yeni-katliamda-57-sehit-ve-onlarca-yarali"],"_links":{"self":[{"href":"https:\/\/archive.sana.sy\/tr\/index.php?rest_route=\/wp\/v2\/posts\/305129","targetHints":{"allow":["GET"]}}],"collection":[{"href":"https:\/\/archive.sana.sy\/tr\/index.php?rest_route=\/wp\/v2\/posts"}],"about":[{"href":"https:\/\/archive.sana.sy\/tr\/index.php?rest_route=\/wp\/v2\/types\/post"}],"author":[{"embeddable":true,"href":"https:\/\/archive.sana.sy\/tr\/index.php?rest_route=\/wp\/v2\/users\/41"}],"replies":[{"embeddable":true,"href":"https:\/\/archive.sana.sy\/tr\/index.php?rest_route=%2Fwp%2Fv2%2Fcomments&post=305129"}],"version-history":[{"count":1,"href":"https:\/\/archive.sana.sy\/tr\/index.php?rest_route=\/wp\/v2\/posts\/305129\/revisions"}],"predecessor-version":[{"id":305131,"href":"https:\/\/archive.sana.sy\/tr\/index.php?rest_route=\/wp\/v2\/posts\/305129\/revisions\/305131"}],"wp:featuredmedia":[{"embeddable":true,"href":"https:\/\/archive.sana.sy\/tr\/index.php?rest_route=\/wp\/v2\/media\/305130"}],"wp:attachment":[{"href":"https:\/\/archive.sana.sy\/tr\/index.php?rest_route=%2Fwp%2Fv2%2Fmedia&parent=305129"}],"wp:term":[{"taxonomy":"category","embeddable":true,"href":"https:\/\/archive.sana.sy\/tr\/index.php?rest_route=%2Fwp%2Fv2%2Fcategories&post=305129"},{"taxonomy":"post_tag","embeddable":true,"href":"https:\/\/archive.sana.sy\/tr\/index.php?rest_route=%2Fwp%2Fv2%2Ftags&post=305129"}],"curies":[{"name":"wp","href":"https:\/\/api.w.org\/{rel}","templated":true}]}}