{"id":305149,"date":"2024-07-17T06:12:33","date_gmt":"2024-07-17T03:12:33","guid":{"rendered":"https:\/\/sana.sy\/tr\/?p=305149"},"modified":"2024-07-20T09:14:09","modified_gmt":"2024-07-20T06:14:09","slug":"isgalin-gazze-seridine-yonelik-saldirganligi-sonucu-12-sehit-ve-onlarca-yarali","status":"publish","type":"post","link":"https:\/\/archive.sana.sy\/tr\/?p=305149","title":{"rendered":"\u0130\u015fgalin Gazze \u015eeridi&#8217;ne Y\u00f6nelik Sald\u0131rganl\u0131\u011f\u0131 Sonucu 12 \u015eehit Ve Onlarca Yaral\u0131"},"content":{"rendered":"<p style=\"text-align: justify;\"><strong>\u0130\u015eGAL ED\u0130LEN KUD\u00dcS (SANA)<\/strong> &#8211;\u00a0 \u0130srail&#8217;in Gazze \u015eeridi&#8217;ne y\u00f6nelik 285&#8217;inci g\u00fcn\u00fcnde s\u00fcrd\u00fcrd\u00fc\u011f\u00fc i\u015fgal sald\u0131r\u0131s\u0131 sonucunda bug\u00fcn 12 Filistinli \u015fehit oldu, onlarcas\u0131 da yaraland\u0131.<\/p>\n<p style=\"text-align: justify;\">Wafa Ajans\u0131, \u2018\u2019\u0130\u015fgal u\u00e7aklar\u0131, Gazze \u015eeridi&#8217;nin merkezindeki Nuseyrat kamp\u0131n\u0131n g\u00fcney ve kuzeyindeki evleri bombalad\u0131. Bu 10 Filistinlinin \u00f6l\u00fcm\u00fcne, 15 ki\u015finin yaralanmas\u0131na ve Gazze \u015eeridi&#8217;nin g\u00fcneyinde Refah \u015fehrinin kuzeybat\u0131s\u0131ndaki El \u015eaku\u015f b\u00f6lgesinin bombalanmas\u0131na yol a\u00e7t\u0131. Bu da iki Filistinlinin \u00f6l\u00fcm\u00fcne ve di\u011ferlerinin de yaralanmas\u0131na neden oldu\u2019\u2019 dedi.<\/p>\n<p style=\"text-align: justify;\">\u0130\u015fgal g\u00fc\u00e7leri, Gazze \u015fehrinin g\u00fcneybat\u0131s\u0131ndaki Tel El Hava mahallesini, kuzeyindeki \u015eeyh Radwan mahallesini, Han Yunus&#8217;un do\u011fu b\u00f6lgelerini ve Refah&#8217;\u0131n g\u00fcneybat\u0131 b\u00f6lgelerini toplarla bombalayarak onlarca ki\u015fiyi yaralad\u0131.<\/p>\n<p style=\"text-align: justify;\">Filistin Sa\u011fl\u0131k Bakanl\u0131\u011f\u0131 d\u00fcn, i\u015fgalin Gazze \u015eeridi&#8217;ne y\u00f6nelik sald\u0131r\u0131lar\u0131n\u0131n ba\u015flad\u0131\u011f\u0131 7 Ekim&#8217;den bu yana \u00f6l\u00fc say\u0131s\u0131n\u0131n 38 bin 713 \u015fehit ve 89 bin 166 yaral\u0131ya y\u00fckseldi\u011fini duyurmu\u015ftu.<\/p>\n<p style=\"text-align: center;\"><strong><a href=\"https:\/\/t.me\/SuriyeArapHaberAjansI\">Telegram Kanal\u0131m\u0131z\u00a0<\/a>||<a href=\"https:\/\/twitter.com\/arap_ajans\">X Platformumuz\u00a0<\/a>||<a href=\"https:\/\/www.facebook.com\/SANAHaberAjansi\/\">Facebook Sayfam\u0131z<\/a><\/strong><\/p>\n","protected":false},"excerpt":{"rendered":"<p>\u0130\u015eGAL ED\u0130LEN KUD\u00dcS (SANA) &#8211;\u00a0 \u0130srail&#8217;in Gazze \u015eeridi&#8217;ne y\u00f6nelik 285&#8217;inci g\u00fcn\u00fcnde s\u00fcrd\u00fcrd\u00fc\u011f\u00fc i\u015fgal sald\u0131r\u0131s\u0131 sonucunda bug\u00fcn 12 Filistinli \u015fehit oldu, onlarcas\u0131 da yaraland\u0131. Wafa Ajans\u0131, \u2018\u2019\u0130\u015fgal u\u00e7aklar\u0131, Gazze \u015eeridi&#8217;nin merkezindeki Nuseyrat kamp\u0131n\u0131n g\u00fcney ve kuzeyindeki evleri bombalad\u0131. Bu 10 Filistinlinin \u00f6l\u00fcm\u00fcne, 15 ki\u015finin yaralanmas\u0131na ve Gazze \u015eeridi&#8217;nin g\u00fcneyinde Refah \u015fehrinin kuzeybat\u0131s\u0131ndaki El \u015eaku\u015f b\u00f6lgesinin bombalanmas\u0131na &hellip;<\/p>\n","protected":false},"author":41,"featured_media":305150,"comment_status":"closed","ping_status":"closed","sticky":false,"template":"","format":"standard","meta":{"footnotes":""},"categories":[458,459,17988],"tags":[41969],"class_list":["post-305149","post","type-post","status-publish","format-standard","has-post-thumbnail","","category-dunya1","category-haberler-arap-uluslararasi-politika","category-son-haberler","tag-isgalin-gazze-seridine-yonelik-saldirganligi-sonucu-12-sehit-ve-onlarca-yarali"],"_links":{"self":[{"href":"https:\/\/archive.sana.sy\/tr\/index.php?rest_route=\/wp\/v2\/posts\/305149","targetHints":{"allow":["GET"]}}],"collection":[{"href":"https:\/\/archive.sana.sy\/tr\/index.php?rest_route=\/wp\/v2\/posts"}],"about":[{"href":"https:\/\/archive.sana.sy\/tr\/index.php?rest_route=\/wp\/v2\/types\/post"}],"author":[{"embeddable":true,"href":"https:\/\/archive.sana.sy\/tr\/index.php?rest_route=\/wp\/v2\/users\/41"}],"replies":[{"embeddable":true,"href":"https:\/\/archive.sana.sy\/tr\/index.php?rest_route=%2Fwp%2Fv2%2Fcomments&post=305149"}],"version-history":[{"count":1,"href":"https:\/\/archive.sana.sy\/tr\/index.php?rest_route=\/wp\/v2\/posts\/305149\/revisions"}],"predecessor-version":[{"id":305151,"href":"https:\/\/archive.sana.sy\/tr\/index.php?rest_route=\/wp\/v2\/posts\/305149\/revisions\/305151"}],"wp:featuredmedia":[{"embeddable":true,"href":"https:\/\/archive.sana.sy\/tr\/index.php?rest_route=\/wp\/v2\/media\/305150"}],"wp:attachment":[{"href":"https:\/\/archive.sana.sy\/tr\/index.php?rest_route=%2Fwp%2Fv2%2Fmedia&parent=305149"}],"wp:term":[{"taxonomy":"category","embeddable":true,"href":"https:\/\/archive.sana.sy\/tr\/index.php?rest_route=%2Fwp%2Fv2%2Fcategories&post=305149"},{"taxonomy":"post_tag","embeddable":true,"href":"https:\/\/archive.sana.sy\/tr\/index.php?rest_route=%2Fwp%2Fv2%2Ftags&post=305149"}],"curies":[{"name":"wp","href":"https:\/\/api.w.org\/{rel}","templated":true}]}}