{"id":305157,"date":"2024-07-17T05:26:37","date_gmt":"2024-07-17T02:26:37","guid":{"rendered":"https:\/\/sana.sy\/tr\/?p=305157"},"modified":"2024-07-20T09:14:04","modified_gmt":"2024-07-20T06:14:04","slug":"lubnan-direnisi-onlarca-fuzeyle-sair-ve-geser-haziv-yerlesimlerini-hedef-aldi","status":"publish","type":"post","link":"https:\/\/archive.sana.sy\/tr\/?p=305157","title":{"rendered":"L\u00fcbnan Direni\u015fi Onlarca F\u00fczeyle Sair Ve Ge\u015fer Haziv Yerle\u015fimlerini Hedef Ald\u0131"},"content":{"rendered":"<p style=\"text-align: justify;\"><strong>BEYRUT (SANA)<\/strong> &#8211;\u00a0 L\u00fcbnan Direni\u015fi, d\u00fcn gece i\u015fgal alt\u0131ndaki Filistin&#8217;in kuzeyindeki &#8220;Sa&#8217;ar&#8221; ve &#8220;Ge\u015fer Haziv&#8221; yerle\u015fimlerini onlarca Katyu\u015fa roketiyle hedef ald\u0131\u011f\u0131n\u0131 duyurdu.<\/p>\n<p style=\"text-align: justify;\">Direni\u015f bu sabah yap\u0131lan a\u00e7\u0131klamada, \u2018\u2019Gazze \u015eeridi&#8217;ndeki kararl\u0131 Filistin halk\u0131m\u0131z\u0131n yan\u0131nda, onlar\u0131n cesur ve onurlu direni\u015fine destek \u00a0olarak ve d\u00fc\u015fman \u0130srail\u2019in g\u00fcneydeki kararl\u0131 k\u00f6ylere y\u00f6nelik sald\u0131r\u0131lar\u0131na yan\u0131t verme \u00e7er\u00e7evesinde, Sava\u015f\u00e7\u0131lar\u0131m\u0131z onlarca Katyu\u015fa roketiyle Sair ve Ge\u015fer Haziv yerle\u015fim yerlerini hedef ald\u0131\u2019\u2019 dedi.<\/p>\n<p style=\"text-align: justify;\">\u00d6te yandan d\u00fc\u015fman sava\u015f u\u00e7aklar\u0131, L\u00fcbnan&#8217;\u0131n g\u00fcneyindeki Tire il\u00e7esine ba\u011fl\u0131 Ramia kasabas\u0131na bask\u0131n d\u00fczenledi.<\/p>\n<p style=\"text-align: justify;\">L\u00fcbnan Ulusal Haber Ajans\u0131 ise, d\u00fc\u015fman f\u00fczelerinin kasabadaki klini\u011fin yak\u0131n\u0131na d\u00fc\u015ft\u00fc\u011f\u00fcn\u00fc, klini\u011fin ve baz\u0131 evlerin ciddi \u015fekilde hasar g\u00f6rd\u00fc\u011f\u00fcn\u00fc belirtti.<\/p>\n<p style=\"text-align: center;\"><strong><a href=\"https:\/\/t.me\/SuriyeArapHaberAjansI\">Telegram Kanal\u0131m\u0131z\u00a0<\/a>||<a href=\"https:\/\/twitter.com\/arap_ajans\">X Platformumuz\u00a0<\/a>||<a href=\"https:\/\/www.facebook.com\/SANAHaberAjansi\/\">Facebook Sayfam\u0131z<\/a><\/strong><\/p>\n","protected":false},"excerpt":{"rendered":"<p>BEYRUT (SANA) &#8211;\u00a0 L\u00fcbnan Direni\u015fi, d\u00fcn gece i\u015fgal alt\u0131ndaki Filistin&#8217;in kuzeyindeki &#8220;Sa&#8217;ar&#8221; ve &#8220;Ge\u015fer Haziv&#8221; yerle\u015fimlerini onlarca Katyu\u015fa roketiyle hedef ald\u0131\u011f\u0131n\u0131 duyurdu. Direni\u015f bu sabah yap\u0131lan a\u00e7\u0131klamada, \u2018\u2019Gazze \u015eeridi&#8217;ndeki kararl\u0131 Filistin halk\u0131m\u0131z\u0131n yan\u0131nda, onlar\u0131n cesur ve onurlu direni\u015fine destek \u00a0olarak ve d\u00fc\u015fman \u0130srail\u2019in g\u00fcneydeki kararl\u0131 k\u00f6ylere y\u00f6nelik sald\u0131r\u0131lar\u0131na yan\u0131t verme \u00e7er\u00e7evesinde, Sava\u015f\u00e7\u0131lar\u0131m\u0131z onlarca Katyu\u015fa roketiyle &hellip;<\/p>\n","protected":false},"author":41,"featured_media":305158,"comment_status":"closed","ping_status":"closed","sticky":false,"template":"","format":"standard","meta":{"footnotes":""},"categories":[458,459,17988],"tags":[],"class_list":["post-305157","post","type-post","status-publish","format-standard","has-post-thumbnail","","category-dunya1","category-haberler-arap-uluslararasi-politika","category-son-haberler"],"_links":{"self":[{"href":"https:\/\/archive.sana.sy\/tr\/index.php?rest_route=\/wp\/v2\/posts\/305157","targetHints":{"allow":["GET"]}}],"collection":[{"href":"https:\/\/archive.sana.sy\/tr\/index.php?rest_route=\/wp\/v2\/posts"}],"about":[{"href":"https:\/\/archive.sana.sy\/tr\/index.php?rest_route=\/wp\/v2\/types\/post"}],"author":[{"embeddable":true,"href":"https:\/\/archive.sana.sy\/tr\/index.php?rest_route=\/wp\/v2\/users\/41"}],"replies":[{"embeddable":true,"href":"https:\/\/archive.sana.sy\/tr\/index.php?rest_route=%2Fwp%2Fv2%2Fcomments&post=305157"}],"version-history":[{"count":4,"href":"https:\/\/archive.sana.sy\/tr\/index.php?rest_route=\/wp\/v2\/posts\/305157\/revisions"}],"predecessor-version":[{"id":305162,"href":"https:\/\/archive.sana.sy\/tr\/index.php?rest_route=\/wp\/v2\/posts\/305157\/revisions\/305162"}],"wp:featuredmedia":[{"embeddable":true,"href":"https:\/\/archive.sana.sy\/tr\/index.php?rest_route=\/wp\/v2\/media\/305158"}],"wp:attachment":[{"href":"https:\/\/archive.sana.sy\/tr\/index.php?rest_route=%2Fwp%2Fv2%2Fmedia&parent=305157"}],"wp:term":[{"taxonomy":"category","embeddable":true,"href":"https:\/\/archive.sana.sy\/tr\/index.php?rest_route=%2Fwp%2Fv2%2Fcategories&post=305157"},{"taxonomy":"post_tag","embeddable":true,"href":"https:\/\/archive.sana.sy\/tr\/index.php?rest_route=%2Fwp%2Fv2%2Ftags&post=305157"}],"curies":[{"name":"wp","href":"https:\/\/api.w.org\/{rel}","templated":true}]}}