{"id":305239,"date":"2024-07-19T09:00:34","date_gmt":"2024-07-19T06:00:34","guid":{"rendered":"https:\/\/sana.sy\/tr\/?p=305239"},"modified":"2024-07-20T09:15:47","modified_gmt":"2024-07-20T06:15:47","slug":"tokyo-2020-olimpiyatlarinda-bronz-madalyanin-ardindan-halterci-maan-asaad-paris-2024-olimpiyatlarinda-podyuma-cikmayi-hedefliyor","status":"publish","type":"post","link":"https:\/\/archive.sana.sy\/tr\/?p=305239","title":{"rendered":"Tokyo 2020 Olimpiyatlar\u0131&#8217;nda Bronz Madalyan\u0131n Ard\u0131ndan Halterci Maan Asaad, Paris 2024 Olimpiyatlar\u0131&#8217;nda Podyuma \u00c7\u0131kmay\u0131 Hedefliyor"},"content":{"rendered":"<p style=\"text-align: justify;\"><strong>\u015eAM (SANA) &#8211;<\/strong> Tokyo&#8217;da d\u00fczenlenen son Olimpiyatlarda bronz madalyayla podyumda dururken, bu ay\u0131n sonunda Paris&#8217;te yap\u0131lmas\u0131 planlanan Olimpiyatlar\u0131n bir sonraki edisyonunda Suriyeli halterci Maan Asaad&#8217;\u0131n g\u00f6zleri Yeniden podyumda yer almaya ve kendisini ilk kez bir Suriyelinin iki Olimpiyat madalyas\u0131 elde etmesini sa\u011flayacak renkli madalyalardan birine ula\u015fmaya kararl\u0131.<\/p>\n<p style=\"text-align: justify;\">Haltercimiz Asaad&#8217;\u0131n halterle u\u011fra\u015ft\u0131\u011f\u0131 y\u0131llar boyunca elde etti\u011fi uzun ba\u015far\u0131 ge\u00e7mi\u015fi, onu rekabet d\u00fcnyas\u0131nda zor bir fig\u00fcr haline getirdi ve kendisi, d\u00fcnya \u00e7ap\u0131nda sporun \u015fampiyonlar\u0131 aras\u0131nda say\u0131l\u0131yor.<\/p>\n<p style=\"text-align: justify;\">Bir sonraki olimpiyatlarda 109 kilo \u00fczeri m\u00fcsabakas\u0131nda yar\u0131\u015facak olan Asaad, kariyeri boyunca \u00e7e\u015fitli kategorilerde \u00e7ok say\u0131da Cumhuriyet \u015fampiyonlu\u011fu kazand\u0131 ve 14 ya\u015f\u0131nda ilk uluslararas\u0131 kat\u0131l\u0131m\u0131nda Asya Gen\u00e7ler birincili\u011fi elde etti. 2009 y\u0131l\u0131nda \u00d6zbekistan&#8217;da d\u00fczenlenen ve 2013 y\u0131l\u0131nda K\u0131rg\u0131zistan&#8217;da Asya \u015eampiyonas\u0131 unvan\u0131n\u0131 kazanan sporcu, 2011 y\u0131l\u0131nda \u0130svi\u00e7re&#8217;de d\u00fczenlenen World Challenge Cup&#8217;ta alt\u0131n madalya, 2019 Tayland \u015eampiyonas\u0131&#8217;nda ise d\u00fcnya be\u015fincili\u011fi ve g\u00fcm\u00fc\u015f madalya kazand\u0131. 2021&#8217;de \u00d6zbekistan&#8217;da d\u00fczenlenen Asya \u015eampiyonas\u0131&#8217;nda bronz madalya kazand\u0131ktan sonra Tokyo&#8217;daki 2020 Olimpiyat Oyunlar\u0131nda bronz madalya kazand\u0131 ve en son Asya \u015eampiyonas\u0131 alt\u0131n madalyas\u0131 olmak \u00fczere t\u00fcm etaplarda eleme puanlar\u0131 kazand\u0131ktan sonra 2024 Paris Olimpiyatlar\u0131&#8217;na kat\u0131lmaya hak kazand\u0131.<\/p>\n<p style=\"text-align: justify;\">Asaad, Tokyo Olimpiyatlar\u0131 halter m\u00fcsabakas\u0131nda 109 kilo \u00fczeri a\u011f\u0131rl\u0131k kategorisinde toplam 424 kilo kaydettikten sonra bronz madalya kazand\u0131.<\/p>\n<p style=\"text-align: center;\"><strong><a href=\"https:\/\/t.me\/SuriyeArapHaberAjansI\">Telegram Kanal\u0131m\u0131z\u00a0<\/a>||<a href=\"https:\/\/twitter.com\/arap_ajans\">X Platformumuz\u00a0<\/a>||<a href=\"https:\/\/www.facebook.com\/SANAHaberAjansi\/\">Facebook Sayfam\u0131z<\/a><\/strong><\/p>\n","protected":false},"excerpt":{"rendered":"<p>\u015eAM (SANA) &#8211; Tokyo&#8217;da d\u00fczenlenen son Olimpiyatlarda bronz madalyayla podyumda dururken, bu ay\u0131n sonunda Paris&#8217;te yap\u0131lmas\u0131 planlanan Olimpiyatlar\u0131n bir sonraki edisyonunda Suriyeli halterci Maan Asaad&#8217;\u0131n g\u00f6zleri Yeniden podyumda yer almaya ve kendisini ilk kez bir Suriyelinin iki Olimpiyat madalyas\u0131 elde etmesini sa\u011flayacak renkli madalyalardan birine ula\u015fmaya kararl\u0131. Haltercimiz Asaad&#8217;\u0131n halterle u\u011fra\u015ft\u0131\u011f\u0131 y\u0131llar boyunca elde etti\u011fi &hellip;<\/p>\n","protected":false},"author":41,"featured_media":305241,"comment_status":"closed","ping_status":"closed","sticky":false,"template":"","format":"standard","meta":{"footnotes":""},"categories":[498,17988,496],"tags":[],"class_list":["post-305239","post","type-post","status-publish","format-standard","has-post-thumbnail","","category-dunya-turnuvalari","category-son-haberler","category-spor"],"_links":{"self":[{"href":"https:\/\/archive.sana.sy\/tr\/index.php?rest_route=\/wp\/v2\/posts\/305239","targetHints":{"allow":["GET"]}}],"collection":[{"href":"https:\/\/archive.sana.sy\/tr\/index.php?rest_route=\/wp\/v2\/posts"}],"about":[{"href":"https:\/\/archive.sana.sy\/tr\/index.php?rest_route=\/wp\/v2\/types\/post"}],"author":[{"embeddable":true,"href":"https:\/\/archive.sana.sy\/tr\/index.php?rest_route=\/wp\/v2\/users\/41"}],"replies":[{"embeddable":true,"href":"https:\/\/archive.sana.sy\/tr\/index.php?rest_route=%2Fwp%2Fv2%2Fcomments&post=305239"}],"version-history":[{"count":1,"href":"https:\/\/archive.sana.sy\/tr\/index.php?rest_route=\/wp\/v2\/posts\/305239\/revisions"}],"predecessor-version":[{"id":305242,"href":"https:\/\/archive.sana.sy\/tr\/index.php?rest_route=\/wp\/v2\/posts\/305239\/revisions\/305242"}],"wp:featuredmedia":[{"embeddable":true,"href":"https:\/\/archive.sana.sy\/tr\/index.php?rest_route=\/wp\/v2\/media\/305241"}],"wp:attachment":[{"href":"https:\/\/archive.sana.sy\/tr\/index.php?rest_route=%2Fwp%2Fv2%2Fmedia&parent=305239"}],"wp:term":[{"taxonomy":"category","embeddable":true,"href":"https:\/\/archive.sana.sy\/tr\/index.php?rest_route=%2Fwp%2Fv2%2Fcategories&post=305239"},{"taxonomy":"post_tag","embeddable":true,"href":"https:\/\/archive.sana.sy\/tr\/index.php?rest_route=%2Fwp%2Fv2%2Ftags&post=305239"}],"curies":[{"name":"wp","href":"https:\/\/api.w.org\/{rel}","templated":true}]}}