{"id":305269,"date":"2024-07-19T10:00:42","date_gmt":"2024-07-19T07:00:42","guid":{"rendered":"https:\/\/sana.sy\/tr\/?p=305269"},"modified":"2024-07-20T14:38:41","modified_gmt":"2024-07-20T11:38:41","slug":"tartoustaki-al-basil-hastanesinde-bir-saglik-ekibi-tarafindan-gerceklestirilen-hassas-bir-cerrahi-prosedur-bir-kizi-sinir-hasarindan-kurtardi","status":"publish","type":"post","link":"https:\/\/archive.sana.sy\/tr\/?p=305269","title":{"rendered":"Tartus&#8217;taki Al Basil Hastanesi&#8217;nde Bir Sa\u011fl\u0131k Ekibi Taraf\u0131ndan Ger\u00e7ekle\u015ftirilen Hassas Bir Cerrahi Prosed\u00fcr, Bir K\u0131z\u0131 Sinir Hasar\u0131ndan Kurtard\u0131"},"content":{"rendered":"<p style=\"text-align: justify;\"><strong>TARTUS (SANA)-<\/strong> T\u0131bbi muayenelerin ve hassas cerrahi m\u00fcdahalenin zaman\u0131nda ger\u00e7ekle\u015ftirilme h\u0131z\u0131, Tartus&#8217;taki El Basil Hastanesi Genel M\u00fcd\u00fcrl\u00fc\u011f\u00fc Beyin Cerrahi B\u00f6l\u00fcm\u00fc&#8217;ndeki sa\u011fl\u0131k ekibinin, 14 ya\u015f\u0131ndaki bir k\u0131z \u00e7ocu\u011funun sinir sistemini koruma alt\u0131na almas\u0131n\u0131 sa\u011flad\u0131. Beynindeki t\u00fcm\u00f6r kitlesinin \u00e7\u0131kar\u0131lmas\u0131, onu hayat\u0131n\u0131n ilerideki a\u015famalar\u0131nda komplikasyon veya sinir hasar\u0131 olu\u015fmas\u0131ndan korudu.<\/p>\n<p style=\"text-align: justify;\">El Basel Hastanesi Genel M\u00fcd\u00fcr\u00fc Dr. \u0130skandar Ammar, SANA muhabirine yapt\u0131\u011f\u0131 a\u00e7\u0131klamada, hastan\u0131n yakla\u015f\u0131k iki hafta \u00f6nce ba\u015f a\u011fr\u0131s\u0131, ba\u015f d\u00f6nmesi ve kusma \u015fikayetiyle hastaneye ba\u015fvurdu\u011funu ve hasta i\u00e7in \u00e7e\u015fitli muayeneler yapt\u0131ktan sonra sinir muayenesi yapt\u0131\u011f\u0131n\u0131 ifade ederek, n\u00f6rolojik muayenesi ve g\u00f6z hareketleri normal s\u0131n\u0131rlarda oldu\u011fu, optik sinirde herhangi bir \u00f6dem olmad\u0131\u011f\u0131 \u00f6\u011frenilen hastan\u0131n herhangi bir ameliyat veya hastal\u0131k \u00f6yk\u00fcs\u00fc bulunmad\u0131\u011f\u0131n\u0131 belirtti.<img loading=\"lazy\" decoding=\"async\" class=\"size-full wp-image-305271 alignright\" src=\"http:\/\/sana.sy\/tr\/wp-content\/uploads\/2024\/07\/d.jpg\" alt=\"\" width=\"300\" height=\"168\" \/><\/p>\n<p style=\"text-align: justify;\">Dr. Ammar \u015funlar\u0131 ekledi: \u201cHastaya kontrast enjeksiyonlu beyin rezonans g\u00f6r\u00fcnt\u00fcleme i\u015flemi uygulanarak d\u00f6rd\u00fcnc\u00fc ventrik\u00fcl\u00fc dolduran, geni\u015fleyen ve servikal kanal\u0131n tepesine do\u011fru a\u015fa\u011f\u0131 do\u011fru uzanan (66 mm) boyutunda bir kitlenin varl\u0131\u011f\u0131 ortaya \u00e7\u0131kar\u0131ld\u0131. Genel anestezi alt\u0131nda , kafatas\u0131 ve servikal omurilik kanal\u0131 i\u00e7indeki kitlenin tamam\u0131 \u00e7\u0131kar\u0131ld\u0131, d\u00f6rd\u00fcnc\u00fc ventrik\u00fcl\u00fcn taban\u0131 ortaya \u00e7\u0131kar\u0131l\u0131rken t\u00fcm biti\u015fik n\u00f6rolojik ve vask\u00fcler yap\u0131lar korundu.&#8221;<\/p>\n<p style=\"text-align: justify;\">Dr. Ammar, hastan\u0131n daha sonra n\u00f6rolojik muayeneye tabi tutuldu\u011funu, kafatas\u0131 sinirlerinde veya di\u011fer sinir yap\u0131lar\u0131nda herhangi bir hasar olmad\u0131\u011f\u0131n\u0131n g\u00f6r\u00fcld\u00fc\u011f\u00fcn\u00fc, hastan\u0131n ameliyattan bir hafta sonra taburcu edildi\u011fini ve genel durumunun iyi oldu\u011funu belirtti.<\/p>\n<p style=\"text-align: justify;\">Dr. Ammar ayr\u0131ca, cerrahi ameliyeti ger\u00e7ekle\u015ftiren sa\u011fl\u0131k ekibinin beyin cerrahi Dr. S\u00fcleyman Al Ali, asistan doktorlar S\u00fcmer Muhammed, Ali Hassan, Tammam Dahi, Ali Ali, Daniel Asvad ve anestezistler Yasmine Nabhan ve Natalie Al Mu&#8217;i&#8217;den olu\u015fmas\u0131na dikkat \u00e7ekti.<\/p>\n<p style=\"text-align: center;\"><strong><a href=\"https:\/\/t.me\/SuriyeArapHaberAjansI\">Telegram Kanal\u0131m\u0131z\u00a0<\/a>||<a href=\"https:\/\/twitter.com\/arap_ajans\">X Platformumuz\u00a0<\/a>||<a href=\"https:\/\/www.facebook.com\/SANAHaberAjansi\/\">Facebook Sayfam\u0131z<\/a><\/strong><\/p>\n","protected":false},"excerpt":{"rendered":"<p>TARTUS (SANA)- T\u0131bbi muayenelerin ve hassas cerrahi m\u00fcdahalenin zaman\u0131nda ger\u00e7ekle\u015ftirilme h\u0131z\u0131, Tartus&#8217;taki El Basil Hastanesi Genel M\u00fcd\u00fcrl\u00fc\u011f\u00fc Beyin Cerrahi B\u00f6l\u00fcm\u00fc&#8217;ndeki sa\u011fl\u0131k ekibinin, 14 ya\u015f\u0131ndaki bir k\u0131z \u00e7ocu\u011funun sinir sistemini koruma alt\u0131na almas\u0131n\u0131 sa\u011flad\u0131. Beynindeki t\u00fcm\u00f6r kitlesinin \u00e7\u0131kar\u0131lmas\u0131, onu hayat\u0131n\u0131n ilerideki a\u015famalar\u0131nda komplikasyon veya sinir hasar\u0131 olu\u015fmas\u0131ndan korudu. El Basel Hastanesi Genel M\u00fcd\u00fcr\u00fc Dr. \u0130skandar Ammar, &hellip;<\/p>\n","protected":false},"author":41,"featured_media":305270,"comment_status":"closed","ping_status":"closed","sticky":false,"template":"","format":"standard","meta":{"footnotes":""},"categories":[526,541,479,17988,525,538,478],"tags":[],"class_list":["post-305269","post","type-post","status-publish","format-standard","has-post-thumbnail","","category-haber-ve-raporlar","category-haberler","category-haberler-yerel","category-son-haberler","category-toplum","category-yasam","category-yerel"],"_links":{"self":[{"href":"https:\/\/archive.sana.sy\/tr\/index.php?rest_route=\/wp\/v2\/posts\/305269","targetHints":{"allow":["GET"]}}],"collection":[{"href":"https:\/\/archive.sana.sy\/tr\/index.php?rest_route=\/wp\/v2\/posts"}],"about":[{"href":"https:\/\/archive.sana.sy\/tr\/index.php?rest_route=\/wp\/v2\/types\/post"}],"author":[{"embeddable":true,"href":"https:\/\/archive.sana.sy\/tr\/index.php?rest_route=\/wp\/v2\/users\/41"}],"replies":[{"embeddable":true,"href":"https:\/\/archive.sana.sy\/tr\/index.php?rest_route=%2Fwp%2Fv2%2Fcomments&post=305269"}],"version-history":[{"count":4,"href":"https:\/\/archive.sana.sy\/tr\/index.php?rest_route=\/wp\/v2\/posts\/305269\/revisions"}],"predecessor-version":[{"id":305291,"href":"https:\/\/archive.sana.sy\/tr\/index.php?rest_route=\/wp\/v2\/posts\/305269\/revisions\/305291"}],"wp:featuredmedia":[{"embeddable":true,"href":"https:\/\/archive.sana.sy\/tr\/index.php?rest_route=\/wp\/v2\/media\/305270"}],"wp:attachment":[{"href":"https:\/\/archive.sana.sy\/tr\/index.php?rest_route=%2Fwp%2Fv2%2Fmedia&parent=305269"}],"wp:term":[{"taxonomy":"category","embeddable":true,"href":"https:\/\/archive.sana.sy\/tr\/index.php?rest_route=%2Fwp%2Fv2%2Fcategories&post=305269"},{"taxonomy":"post_tag","embeddable":true,"href":"https:\/\/archive.sana.sy\/tr\/index.php?rest_route=%2Fwp%2Fv2%2Ftags&post=305269"}],"curies":[{"name":"wp","href":"https:\/\/api.w.org\/{rel}","templated":true}]}}