{"id":305273,"date":"2024-07-20T10:14:36","date_gmt":"2024-07-20T07:14:36","guid":{"rendered":"https:\/\/sana.sy\/tr\/?p=305273"},"modified":"2024-07-22T09:28:47","modified_gmt":"2024-07-22T06:28:47","slug":"suriyeli-cocuklarin-katilimiyla-arap-cocuk-parlamentosunun-resmi-oturumu-basladi","status":"publish","type":"post","link":"https:\/\/archive.sana.sy\/tr\/?p=305273","title":{"rendered":"Suriyeli \u00c7ocuklar\u0131n Kat\u0131l\u0131m\u0131yla&#8230; Arap \u00c7ocuk Parlamentosu&#8217;nun Resmi Oturumu Ba\u015flad\u0131"},"content":{"rendered":"<p style=\"text-align: justify;\"><strong>\u015eAR\u0130KA (SANA) \u2013 <\/strong>Suriyeli \u00e7ocuklar\u0131 temsil eden bir heyetin kat\u0131l\u0131m\u0131yla Arap \u00c7ocuklar Parlamentosu&#8217;nun \u00fc\u00e7\u00fcnc\u00fc oturumunun resmi oturumu bu sabah Birle\u015fik Arap Emirlikleri&#8217;nin El \u015earika Emirli\u011fi&#8217;nde ba\u015flad\u0131.<\/p>\n<p style=\"text-align: justify;\">Arap \u00c7ocuk Parlamentosu&#8217;nun \u00fc\u00e7\u00fcnc\u00fc oturumu &#8220;Parlamento \u00dcyesinin Sosyal Sorumlulu\u011fu&#8221; ba\u015fl\u0131\u011f\u0131n\u0131 ta\u015f\u0131yor. Bu oturum, Parlamento \u00dcyesinin sosyal sorumlulu\u011funu ve herkesin kendi sorumlulu\u011funu \u00fcstlenmesi i\u00e7in akranlar\u0131n\u0131 ve \u00e7evresini nas\u0131l motive edebilece\u011fini vurgulayacak.<\/p>\n<p style=\"text-align: justify;\">\u00d6nceki g\u00fcn Suriyeli \u00e7ocuklardan olu\u015fan bir heyet, Birle\u015fik Arap Emirlikleri&#8217;ndeki El \u015earika Broadcasting Corporation&#8217;\u0131n El \u015earika Medya E\u011fitim Merkezi taraf\u0131ndan ger\u00e7ekle\u015ftirilen &#8220;Medya Konu\u015fmac\u0131s\u0131n\u0131n \u00d6zellikleri&#8221; ba\u015fl\u0131kl\u0131 \u00e7al\u0131\u015ftaya 16 Arap \u00dclkerle temsilen 65 \u00e7ocu\u011fun kat\u0131l\u0131m\u0131yla kat\u0131lm\u0131\u015ft\u0131.<\/p>\n<p style=\"text-align: center;\"><strong><a href=\"https:\/\/t.me\/SuriyeArapHaberAjansI\">Telegram Kanal\u0131m\u0131z\u00a0<\/a>||<a href=\"https:\/\/twitter.com\/arap_ajans\">X Platformumuz\u00a0<\/a>||<a href=\"https:\/\/www.facebook.com\/SANAHaberAjansi\/\">Facebook Sayfam\u0131z<\/a><\/strong><\/p>\n<div id='gallery-1' class='gallery galleryid-305273 gallery-columns-1 gallery-size-full'><figure class='gallery-item'>\n\t\t\t<div class='gallery-icon landscape'>\n\t\t\t\t<a href='https:\/\/archive.sana.sy\/tr\/wp-content\/uploads\/2024\/07\/mmmmmmm12-1.jpg'><img loading=\"lazy\" decoding=\"async\" width=\"700\" height=\"388\" src=\"https:\/\/archive.sana.sy\/tr\/wp-content\/uploads\/2024\/07\/mmmmmmm12-1.jpg\" class=\"attachment-full size-full\" alt=\"\" srcset=\"https:\/\/archive.sana.sy\/tr\/wp-content\/uploads\/2024\/07\/mmmmmmm12-1.jpg 700w, https:\/\/archive.sana.sy\/tr\/wp-content\/uploads\/2024\/07\/mmmmmmm12-1-300x166.jpg 300w\" sizes=\"auto, (max-width: 700px) 100vw, 700px\" \/><\/a>\n\t\t\t<\/div><\/figure><figure class='gallery-item'>\n\t\t\t<div class='gallery-icon portrait'>\n\t\t\t\t<a href='https:\/\/archive.sana.sy\/tr\/wp-content\/uploads\/2024\/07\/syria-11.jpg'><img loading=\"lazy\" decoding=\"async\" width=\"525\" height=\"700\" src=\"https:\/\/archive.sana.sy\/tr\/wp-content\/uploads\/2024\/07\/syria-11.jpg\" class=\"attachment-full size-full\" alt=\"\" srcset=\"https:\/\/archive.sana.sy\/tr\/wp-content\/uploads\/2024\/07\/syria-11.jpg 525w, https:\/\/archive.sana.sy\/tr\/wp-content\/uploads\/2024\/07\/syria-11-225x300.jpg 225w\" sizes=\"auto, (max-width: 525px) 100vw, 525px\" \/><\/a>\n\t\t\t<\/div><\/figure>\n\t\t<\/div>\n\n","protected":false},"excerpt":{"rendered":"<p>\u015eAR\u0130KA (SANA) \u2013 Suriyeli \u00e7ocuklar\u0131 temsil eden bir heyetin kat\u0131l\u0131m\u0131yla Arap \u00c7ocuklar Parlamentosu&#8217;nun \u00fc\u00e7\u00fcnc\u00fc oturumunun resmi oturumu bu sabah Birle\u015fik Arap Emirlikleri&#8217;nin El \u015earika Emirli\u011fi&#8217;nde ba\u015flad\u0131. Arap \u00c7ocuk Parlamentosu&#8217;nun \u00fc\u00e7\u00fcnc\u00fc oturumu &#8220;Parlamento \u00dcyesinin Sosyal Sorumlulu\u011fu&#8221; ba\u015fl\u0131\u011f\u0131n\u0131 ta\u015f\u0131yor. Bu oturum, Parlamento \u00dcyesinin sosyal sorumlulu\u011funu ve herkesin kendi sorumlulu\u011funu \u00fcstlenmesi i\u00e7in akranlar\u0131n\u0131 ve \u00e7evresini nas\u0131l motive edebilece\u011fini &hellip;<\/p>\n","protected":false},"author":36,"featured_media":305285,"comment_status":"closed","ping_status":"closed","sticky":false,"template":"","format":"standard","meta":{"footnotes":""},"categories":[458,459,17988],"tags":[],"class_list":["post-305273","post","type-post","status-publish","format-standard","has-post-thumbnail","","category-dunya1","category-haberler-arap-uluslararasi-politika","category-son-haberler"],"_links":{"self":[{"href":"https:\/\/archive.sana.sy\/tr\/index.php?rest_route=\/wp\/v2\/posts\/305273","targetHints":{"allow":["GET"]}}],"collection":[{"href":"https:\/\/archive.sana.sy\/tr\/index.php?rest_route=\/wp\/v2\/posts"}],"about":[{"href":"https:\/\/archive.sana.sy\/tr\/index.php?rest_route=\/wp\/v2\/types\/post"}],"author":[{"embeddable":true,"href":"https:\/\/archive.sana.sy\/tr\/index.php?rest_route=\/wp\/v2\/users\/36"}],"replies":[{"embeddable":true,"href":"https:\/\/archive.sana.sy\/tr\/index.php?rest_route=%2Fwp%2Fv2%2Fcomments&post=305273"}],"version-history":[{"count":4,"href":"https:\/\/archive.sana.sy\/tr\/index.php?rest_route=\/wp\/v2\/posts\/305273\/revisions"}],"predecessor-version":[{"id":305294,"href":"https:\/\/archive.sana.sy\/tr\/index.php?rest_route=\/wp\/v2\/posts\/305273\/revisions\/305294"}],"wp:featuredmedia":[{"embeddable":true,"href":"https:\/\/archive.sana.sy\/tr\/index.php?rest_route=\/wp\/v2\/media\/305285"}],"wp:attachment":[{"href":"https:\/\/archive.sana.sy\/tr\/index.php?rest_route=%2Fwp%2Fv2%2Fmedia&parent=305273"}],"wp:term":[{"taxonomy":"category","embeddable":true,"href":"https:\/\/archive.sana.sy\/tr\/index.php?rest_route=%2Fwp%2Fv2%2Fcategories&post=305273"},{"taxonomy":"post_tag","embeddable":true,"href":"https:\/\/archive.sana.sy\/tr\/index.php?rest_route=%2Fwp%2Fv2%2Ftags&post=305273"}],"curies":[{"name":"wp","href":"https:\/\/api.w.org\/{rel}","templated":true}]}}