{"id":305277,"date":"2024-07-20T10:53:45","date_gmt":"2024-07-20T07:53:45","guid":{"rendered":"https:\/\/sana.sy\/tr\/?p=305277"},"modified":"2024-07-21T11:10:12","modified_gmt":"2024-07-21T08:10:12","slug":"aksa-tufani-operasyonu-bugunun-en-one-cikan-gelismeleri-199","status":"publish","type":"post","link":"https:\/\/archive.sana.sy\/tr\/?p=305277","title":{"rendered":"Aksa Tufan\u0131 Operasyonu\u2026 Bug\u00fcn\u00fcn En \u00d6ne \u00c7\u0131kan Geli\u015fmeleri"},"content":{"rendered":"<p style=\"text-align: justify;\"><strong>\u0130\u015eGAL ED\u0130LEN KUD\u00dcS (SANA) \u2013\u00a0<\/strong>Filistin direni\u015finin i\u015fgalci \u0130srail\u2019in sald\u0131rganl\u0131\u011f\u0131na yan\u0131t olarak 7 Ekim\u2019de ba\u015flatt\u0131\u011f\u0131 Aksa Tufan\u0131 Operasyonu\u2019nda \u00f6ne \u00e7\u0131kan geli\u015fmeler:<\/p>\n<ul>\n<li style=\"text-align: justify;\">-Gazze \u015eeridi&#8217;nde son 24 saatte i\u015fgalcilerin ger\u00e7ekle\u015ftirdi\u011fi katliamlar sonucu 37 \u015fehit.<\/li>\n<li style=\"text-align: justify;\">Filistin Sa\u011fl\u0131k Bakanl\u0131\u011f\u0131: \u0130srail&#8217;in Gazze \u015eeridi&#8217;ne y\u00f6nelik 288. g\u00fcn\u00fcnde devam eden i\u015fgal sald\u0131r\u0131s\u0131nda hayat\u0131n\u0131 kaybedenlerin say\u0131s\u0131 38 bin 919 \u015fehit ve 89 bin 622 yaral\u0131ya y\u00fckseldi.<\/li>\n<li style=\"text-align: justify;\">Filistin Sa\u011fl\u0131k Bakanl\u0131\u011f\u0131: \u0130\u015fgalci \u0130srail son 24 saatte Gazze \u015eeridi&#8217;nde 4 katliam ger\u00e7ekle\u015ftirdi; hastanelerde \u00f6lenlerin say\u0131s\u0131 37 \u015fehit, 54 yaral\u0131 oldu.<\/li>\n<li style=\"text-align: justify;\">Filistin direni\u015fi, \u0130srailli d\u00fc\u015fman\u0131n bir yaya kuvvetini \u00f6nceden bubi tuza\u011f\u0131yla kurulmu\u015f bir t\u00fcnel kayna\u011f\u0131na \u00e7ekiyor ve onu g\u00fc\u00e7 \u00fcyeleriyle birlikte patlatarak onlar\u0131 Refah \u015fehrinin bat\u0131s\u0131ndaki Tel El Sultan mahallesinde \u00f6l\u00fc ve yaral\u0131 b\u0131rakt\u0131.<\/li>\n<li style=\"text-align: justify;\">Filistin medyas\u0131: \u0130srail i\u015fgalinin Gazze \u015fehrinin kuzeyindeki Zarqa b\u00f6lgesinde bir evi bombalamas\u0131 sonucu iki \u015fehit ve \u00e7ok say\u0131da yaral\u0131.<\/li>\n<li style=\"text-align: justify;\">Filistin direni\u015fi, Gazze \u015eeridi&#8217;nin eteklerindeki Nahal Oz askeri b\u00f6lgesine havan toplar\u0131yla \u0130srail d\u00fc\u015fman\u0131n\u0131 hedef ald\u0131.<\/li>\n<li style=\"text-align: justify;\">Filistin medyas\u0131: \u0130\u015fgal u\u00e7aklar\u0131n\u0131n Gazze \u015fehrinin do\u011fusundaki El-Tuffah semtindeki bir evi bombalamas\u0131 sonucu \u015fehitler ve \u00e7ok say\u0131da yaral\u0131 var.<\/li>\n<li>\n<p style=\"text-align: justify;\"><a href=\"https:\/\/sana.sy\/tr\/?p=305298\">Sald\u0131rganl\u0131\u011f\u0131n 288. g\u00fcn\u00fcnde i\u015fgalcilerin Gazze \u015eeridi&#8217;nin \u00e7e\u015fitli b\u00f6lgelerini bombalamas\u0131 sonucu \u015fehit ve yaral\u0131lar oldu.<\/a><\/p>\n<\/li>\n<\/ul>\n<p style=\"text-align: center;\"><strong><a href=\"https:\/\/t.me\/SuriyeArapHaberAjansI\">Telegram Kanal\u0131m\u0131z\u00a0<\/a>||<a href=\"https:\/\/twitter.com\/arap_ajans\">X Platformumuz\u00a0<\/a>||<a href=\"https:\/\/www.facebook.com\/SANAHaberAjansi\/\">Facebook Sayfam\u0131z<\/a><\/strong><\/p>\n","protected":false},"excerpt":{"rendered":"<p>\u0130\u015eGAL ED\u0130LEN KUD\u00dcS (SANA) \u2013\u00a0Filistin direni\u015finin i\u015fgalci \u0130srail\u2019in sald\u0131rganl\u0131\u011f\u0131na yan\u0131t olarak 7 Ekim\u2019de ba\u015flatt\u0131\u011f\u0131 Aksa Tufan\u0131 Operasyonu\u2019nda \u00f6ne \u00e7\u0131kan geli\u015fmeler: -Gazze \u015eeridi&#8217;nde son 24 saatte i\u015fgalcilerin ger\u00e7ekle\u015ftirdi\u011fi katliamlar sonucu 37 \u015fehit. Filistin Sa\u011fl\u0131k Bakanl\u0131\u011f\u0131: \u0130srail&#8217;in Gazze \u015eeridi&#8217;ne y\u00f6nelik 288. g\u00fcn\u00fcnde devam eden i\u015fgal sald\u0131r\u0131s\u0131nda hayat\u0131n\u0131 kaybedenlerin say\u0131s\u0131 38 bin 919 \u015fehit ve 89 bin 622 &hellip;<\/p>\n","protected":false},"author":36,"featured_media":305278,"comment_status":"closed","ping_status":"closed","sticky":false,"template":"","format":"standard","meta":{"footnotes":""},"categories":[458,459,17988],"tags":[],"class_list":["post-305277","post","type-post","status-publish","format-standard","has-post-thumbnail","","category-dunya1","category-haberler-arap-uluslararasi-politika","category-son-haberler"],"_links":{"self":[{"href":"https:\/\/archive.sana.sy\/tr\/index.php?rest_route=\/wp\/v2\/posts\/305277","targetHints":{"allow":["GET"]}}],"collection":[{"href":"https:\/\/archive.sana.sy\/tr\/index.php?rest_route=\/wp\/v2\/posts"}],"about":[{"href":"https:\/\/archive.sana.sy\/tr\/index.php?rest_route=\/wp\/v2\/types\/post"}],"author":[{"embeddable":true,"href":"https:\/\/archive.sana.sy\/tr\/index.php?rest_route=\/wp\/v2\/users\/36"}],"replies":[{"embeddable":true,"href":"https:\/\/archive.sana.sy\/tr\/index.php?rest_route=%2Fwp%2Fv2%2Fcomments&post=305277"}],"version-history":[{"count":4,"href":"https:\/\/archive.sana.sy\/tr\/index.php?rest_route=\/wp\/v2\/posts\/305277\/revisions"}],"predecessor-version":[{"id":305310,"href":"https:\/\/archive.sana.sy\/tr\/index.php?rest_route=\/wp\/v2\/posts\/305277\/revisions\/305310"}],"wp:featuredmedia":[{"embeddable":true,"href":"https:\/\/archive.sana.sy\/tr\/index.php?rest_route=\/wp\/v2\/media\/305278"}],"wp:attachment":[{"href":"https:\/\/archive.sana.sy\/tr\/index.php?rest_route=%2Fwp%2Fv2%2Fmedia&parent=305277"}],"wp:term":[{"taxonomy":"category","embeddable":true,"href":"https:\/\/archive.sana.sy\/tr\/index.php?rest_route=%2Fwp%2Fv2%2Fcategories&post=305277"},{"taxonomy":"post_tag","embeddable":true,"href":"https:\/\/archive.sana.sy\/tr\/index.php?rest_route=%2Fwp%2Fv2%2Ftags&post=305277"}],"curies":[{"name":"wp","href":"https:\/\/api.w.org\/{rel}","templated":true}]}}