{"id":305295,"date":"2024-07-20T14:46:56","date_gmt":"2024-07-20T11:46:56","guid":{"rendered":"https:\/\/sana.sy\/tr\/?p=305295"},"modified":"2024-07-22T09:28:51","modified_gmt":"2024-07-22T06:28:51","slug":"gazze-seridinde-son-24-saatte-isgalcilerin-gerceklestirdigi-katliamlar-sonucu-37-sehit","status":"publish","type":"post","link":"https:\/\/archive.sana.sy\/tr\/?p=305295","title":{"rendered":"Gazze \u015eeridi&#8217;nde Son 24 Saatte \u0130\u015fgalcilerin Ger\u00e7ekle\u015ftirdi\u011fi Katliamlar Sonucu 37 \u015eehit"},"content":{"rendered":"<p style=\"text-align: justify;\"><strong>\u0130\u015eGAL ED\u0130LEN KUD\u00dcS (SANA)<\/strong> &#8211;\u00a0 Filistin Sa\u011fl\u0131k Bakanl\u0131\u011f\u0131, \u0130srail i\u015fgalinin Gazze \u015eeridi&#8217;nde son 24 saatte 4 katliam ger\u00e7ekle\u015ftirdi\u011fini, bunlar\u0131n 37&#8217;sinin \u015fehit, 54&#8217;\u00fcn\u00fcn yaral\u0131 olarak hastanelere ula\u015ft\u0131\u011f\u0131n\u0131 duyurdu.<\/p>\n<p style=\"text-align: justify;\">Bakanl\u0131k bug\u00fcn yapt\u0131\u011f\u0131 a\u00e7\u0131klamada \u015funlar\u0131 s\u00f6yledi: \u2018\u2019Gazze \u015eeridi&#8217;nde 288&#8217;inci g\u00fcn\u00fcnde devam eden i\u015fgal sald\u0131rganl\u0131klar\u0131n\u0131n kurbanlar\u0131n\u0131n say\u0131s\u0131 38 bin 919 \u015fehit ve 89 bin 622 yaral\u0131ya y\u00fckseldi. Baz\u0131 ma\u011fdurlar halen moloz alt\u0131nda ve yollardayken, ambulans ve sivil savunma ekipleri onlara ula\u015fam\u0131yor.\u2019\u2019<\/p>\n<p style=\"text-align: justify;\">\u0130\u015fgalcilerin Gazze \u015eeridi&#8217;nin kuzeyindeki Cebeliye kamp\u0131na d\u00fczenledi\u011fi hava sald\u0131r\u0131s\u0131nda aralar\u0131nda bir gazeteci ve ailesinin de bulundu\u011fu 6 Filistinli \u015fehit oldu.<\/p>\n<p style=\"text-align: justify;\">Gazze \u015fehrinin kuzeyindeki Zarka b\u00f6lgesinde bir evin i\u015fgalci bombard\u0131man\u0131 sonucu 2 Filistinli \u015fehit d\u00fc\u015ferken de, \u00a0\u00e7ok say\u0131da ki\u015fi de yaraland\u0131. Bu esanada, Gazze \u015eeridi&#8217;nin g\u00fcneyindeki Han Yunus \u015fehrinin do\u011fusundaki Beni S\u00fcheyle kasabas\u0131na d\u00fczenlenen i\u015fgal bombard\u0131man\u0131nda \u015fehit d\u00fc\u015ft\u00fc.<\/p>\n<p style=\"text-align: center;\"><strong><a href=\"https:\/\/t.me\/SuriyeArapHaberAjansI\">Telegram Kanal\u0131m\u0131z\u00a0<\/a>||<a href=\"https:\/\/twitter.com\/arap_ajans\">X Platformumuz\u00a0<\/a>||<a href=\"https:\/\/www.facebook.com\/SANAHaberAjansi\/\">Facebook Sayfam\u0131z<\/a><\/strong><\/p>\n","protected":false},"excerpt":{"rendered":"<p>\u0130\u015eGAL ED\u0130LEN KUD\u00dcS (SANA) &#8211;\u00a0 Filistin Sa\u011fl\u0131k Bakanl\u0131\u011f\u0131, \u0130srail i\u015fgalinin Gazze \u015eeridi&#8217;nde son 24 saatte 4 katliam ger\u00e7ekle\u015ftirdi\u011fini, bunlar\u0131n 37&#8217;sinin \u015fehit, 54&#8217;\u00fcn\u00fcn yaral\u0131 olarak hastanelere ula\u015ft\u0131\u011f\u0131n\u0131 duyurdu. Bakanl\u0131k bug\u00fcn yapt\u0131\u011f\u0131 a\u00e7\u0131klamada \u015funlar\u0131 s\u00f6yledi: \u2018\u2019Gazze \u015eeridi&#8217;nde 288&#8217;inci g\u00fcn\u00fcnde devam eden i\u015fgal sald\u0131rganl\u0131klar\u0131n\u0131n kurbanlar\u0131n\u0131n say\u0131s\u0131 38 bin 919 \u015fehit ve 89 bin 622 yaral\u0131ya y\u00fckseldi. Baz\u0131 ma\u011fdurlar &hellip;<\/p>\n","protected":false},"author":41,"featured_media":305296,"comment_status":"closed","ping_status":"closed","sticky":false,"template":"","format":"standard","meta":{"footnotes":""},"categories":[458,459,17988],"tags":[],"class_list":["post-305295","post","type-post","status-publish","format-standard","has-post-thumbnail","","category-dunya1","category-haberler-arap-uluslararasi-politika","category-son-haberler"],"_links":{"self":[{"href":"https:\/\/archive.sana.sy\/tr\/index.php?rest_route=\/wp\/v2\/posts\/305295","targetHints":{"allow":["GET"]}}],"collection":[{"href":"https:\/\/archive.sana.sy\/tr\/index.php?rest_route=\/wp\/v2\/posts"}],"about":[{"href":"https:\/\/archive.sana.sy\/tr\/index.php?rest_route=\/wp\/v2\/types\/post"}],"author":[{"embeddable":true,"href":"https:\/\/archive.sana.sy\/tr\/index.php?rest_route=\/wp\/v2\/users\/41"}],"replies":[{"embeddable":true,"href":"https:\/\/archive.sana.sy\/tr\/index.php?rest_route=%2Fwp%2Fv2%2Fcomments&post=305295"}],"version-history":[{"count":2,"href":"https:\/\/archive.sana.sy\/tr\/index.php?rest_route=\/wp\/v2\/posts\/305295\/revisions"}],"predecessor-version":[{"id":305309,"href":"https:\/\/archive.sana.sy\/tr\/index.php?rest_route=\/wp\/v2\/posts\/305295\/revisions\/305309"}],"wp:featuredmedia":[{"embeddable":true,"href":"https:\/\/archive.sana.sy\/tr\/index.php?rest_route=\/wp\/v2\/media\/305296"}],"wp:attachment":[{"href":"https:\/\/archive.sana.sy\/tr\/index.php?rest_route=%2Fwp%2Fv2%2Fmedia&parent=305295"}],"wp:term":[{"taxonomy":"category","embeddable":true,"href":"https:\/\/archive.sana.sy\/tr\/index.php?rest_route=%2Fwp%2Fv2%2Fcategories&post=305295"},{"taxonomy":"post_tag","embeddable":true,"href":"https:\/\/archive.sana.sy\/tr\/index.php?rest_route=%2Fwp%2Fv2%2Ftags&post=305295"}],"curies":[{"name":"wp","href":"https:\/\/api.w.org\/{rel}","templated":true}]}}