{"id":305298,"date":"2024-07-20T08:56:35","date_gmt":"2024-07-20T05:56:35","guid":{"rendered":"https:\/\/sana.sy\/tr\/?p=305298"},"modified":"2024-07-22T09:28:36","modified_gmt":"2024-07-22T06:28:36","slug":"saldirganligin-288inci-gununde-isgalcilerin-gazze-seridinin-cesitli-bolgelerini-bombalamasi-sonucu-sehit-ve-yaralilar","status":"publish","type":"post","link":"https:\/\/archive.sana.sy\/tr\/?p=305298","title":{"rendered":"Sald\u0131rganl\u0131\u011f\u0131n 288&#8217;inci G\u00fcn\u00fcnde \u0130\u015fgalcilerin Gazze \u015eeridi&#8217;nin \u00c7e\u015fitli B\u00f6lgelerini Bombalamas\u0131 Sonucu \u015eehit Ve Yaral\u0131lar"},"content":{"rendered":"<p style=\"text-align: justify;\"><strong>\u0130\u015eGAL ED\u0130LEN KUD\u00dcS (SANA)<\/strong> \u2013\u00a0 \u0130srail&#8217;in Gazze \u015eeridi&#8217;nde devam eden sald\u0131rganl\u0131\u011f\u0131n\u0131n 288&#8217;inci g\u00fcn\u00fcnde i\u015fgalcilerin Gazze \u015eeridi&#8217;nin \u00e7e\u015fitli b\u00f6lgelerini bombalamas\u0131 sonucu onlarca Filistinli \u015fehit oldu ve yaraland\u0131.<\/p>\n<p style=\"text-align: justify;\">Filistin medyas\u0131, Gazze \u015fehrinin g\u00fcneybat\u0131s\u0131ndaki Tel El Hava mahallesine i\u015fgalci top\u00e7u bombard\u0131man\u0131 sonucu 6 Filistinlinin \u00f6ld\u00fcr\u00fcld\u00fc\u011f\u00fcn\u00fc bildirdi.<\/p>\n<p style=\"text-align: justify;\">Bunun yan\u0131nda, Gazze \u015fehrinin kuzeyindeki \u015eeyh R\u0131dvan mahallesinde bir evin i\u015fgalci taraf\u0131ndan bombalanmas\u0131 sonucu 6 Filistinli \u015fehit oldu, 10 ki\u015fi de yaraland\u0131.<\/p>\n<p style=\"text-align: justify;\">Kurtarma ekipleri ise , Gazze \u015eeridi&#8217;nin merkezindeki Nuseyrat kamp\u0131nda bir evin i\u015fgal sald\u0131rganl\u0131\u011f\u0131 sonucu 4 \u015fehidin cenazesine ula\u015ft\u0131.<\/p>\n<p style=\"text-align: justify;\">\u0130\u015fgal u\u00e7aklar\u0131 ayr\u0131ca, Gazze \u015eeridi&#8217;nin merkezindeki Cebeliye kamp\u0131ndaki bir evi de bombalayarak 4 Filistinliyi \u00f6ld\u00fcrd\u00fc, di\u011ferlerini de yaralad\u0131.<\/p>\n<p style=\"text-align: justify;\">\u0130\u015fgal u\u00e7aklar\u0131n\u0131n Gazze \u015eeridi&#8217;nin orta ve g\u00fcneyindeki Bureij m\u00fclteci kamp\u0131ndaki bir evi bombalamas\u0131 sonucu 3 ki\u015fi \u015fehit oldu, \u00e7ok say\u0131da ki\u015fi de yaraland\u0131.<\/p>\n<p style=\"text-align: justify;\">Bu ba\u011flamda \u0130\u015fgal g\u00fc\u00e7leri, Refah \u015fehrinin bat\u0131s\u0131ndaki yerle\u015fim yerlerini havaya u\u00e7ururken, e\u015f zamanl\u0131 olarak Han Yunus \u015fehrinin do\u011fu b\u00f6lgelerini de top\u00e7u bombard\u0131man\u0131na tuttu. Gazze \u015eeridi&#8217;nin g\u00fcneyindeki Han Yunus kentinde bisiklet s\u00fcrerken i\u015fgal drone&#8217;unun hedefi olan \u015fehidin naa\u015f\u0131na ambulans ekipleri ula\u015ft\u0131.<\/p>\n<p style=\"text-align: center;\"><strong><a href=\"https:\/\/t.me\/SuriyeArapHaberAjansI\">Telegram Kanal\u0131m\u0131z\u00a0<\/a>||<a href=\"https:\/\/twitter.com\/arap_ajans\">X Platformumuz\u00a0<\/a>||<a href=\"https:\/\/www.facebook.com\/SANAHaberAjansi\/\">Facebook Sayfam\u0131z<\/a><\/strong><\/p>\n","protected":false},"excerpt":{"rendered":"<p>\u0130\u015eGAL ED\u0130LEN KUD\u00dcS (SANA) \u2013\u00a0 \u0130srail&#8217;in Gazze \u015eeridi&#8217;nde devam eden sald\u0131rganl\u0131\u011f\u0131n\u0131n 288&#8217;inci g\u00fcn\u00fcnde i\u015fgalcilerin Gazze \u015eeridi&#8217;nin \u00e7e\u015fitli b\u00f6lgelerini bombalamas\u0131 sonucu onlarca Filistinli \u015fehit oldu ve yaraland\u0131. Filistin medyas\u0131, Gazze \u015fehrinin g\u00fcneybat\u0131s\u0131ndaki Tel El Hava mahallesine i\u015fgalci top\u00e7u bombard\u0131man\u0131 sonucu 6 Filistinlinin \u00f6ld\u00fcr\u00fcld\u00fc\u011f\u00fcn\u00fc bildirdi. Bunun yan\u0131nda, Gazze \u015fehrinin kuzeyindeki \u015eeyh R\u0131dvan mahallesinde bir evin i\u015fgalci taraf\u0131ndan &hellip;<\/p>\n","protected":false},"author":41,"featured_media":305300,"comment_status":"closed","ping_status":"closed","sticky":false,"template":"","format":"standard","meta":{"footnotes":""},"categories":[458,459,17988],"tags":[41981],"class_list":["post-305298","post","type-post","status-publish","format-standard","has-post-thumbnail","","category-dunya1","category-haberler-arap-uluslararasi-politika","category-son-haberler","tag-saldirganligin-288inci-gununde-isgalcilerin-gazze-seridinin-cesitli-bolgelerini-bombalamasi-sonucu-sehit-ve-yaralilar"],"_links":{"self":[{"href":"https:\/\/archive.sana.sy\/tr\/index.php?rest_route=\/wp\/v2\/posts\/305298","targetHints":{"allow":["GET"]}}],"collection":[{"href":"https:\/\/archive.sana.sy\/tr\/index.php?rest_route=\/wp\/v2\/posts"}],"about":[{"href":"https:\/\/archive.sana.sy\/tr\/index.php?rest_route=\/wp\/v2\/types\/post"}],"author":[{"embeddable":true,"href":"https:\/\/archive.sana.sy\/tr\/index.php?rest_route=\/wp\/v2\/users\/41"}],"replies":[{"embeddable":true,"href":"https:\/\/archive.sana.sy\/tr\/index.php?rest_route=%2Fwp%2Fv2%2Fcomments&post=305298"}],"version-history":[{"count":1,"href":"https:\/\/archive.sana.sy\/tr\/index.php?rest_route=\/wp\/v2\/posts\/305298\/revisions"}],"predecessor-version":[{"id":305301,"href":"https:\/\/archive.sana.sy\/tr\/index.php?rest_route=\/wp\/v2\/posts\/305298\/revisions\/305301"}],"wp:featuredmedia":[{"embeddable":true,"href":"https:\/\/archive.sana.sy\/tr\/index.php?rest_route=\/wp\/v2\/media\/305300"}],"wp:attachment":[{"href":"https:\/\/archive.sana.sy\/tr\/index.php?rest_route=%2Fwp%2Fv2%2Fmedia&parent=305298"}],"wp:term":[{"taxonomy":"category","embeddable":true,"href":"https:\/\/archive.sana.sy\/tr\/index.php?rest_route=%2Fwp%2Fv2%2Fcategories&post=305298"},{"taxonomy":"post_tag","embeddable":true,"href":"https:\/\/archive.sana.sy\/tr\/index.php?rest_route=%2Fwp%2Fv2%2Ftags&post=305298"}],"curies":[{"name":"wp","href":"https:\/\/api.w.org\/{rel}","templated":true}]}}