{"id":305305,"date":"2024-07-20T07:06:37","date_gmt":"2024-07-20T04:06:37","guid":{"rendered":"https:\/\/sana.sy\/tr\/?p=305305"},"modified":"2024-07-22T09:27:45","modified_gmt":"2024-07-22T06:27:45","slug":"slovenya-isgalci-tarafa-uluslararasi-hukuka-uyma-cagrisinda-bulundu","status":"publish","type":"post","link":"https:\/\/archive.sana.sy\/tr\/?p=305305","title":{"rendered":"Slovenya \u0130\u015fgalci Varl\u0131\u011fa Uluslararas\u0131 Hukuka Uyma \u00c7a\u011fr\u0131s\u0131nda Bulundu"},"content":{"rendered":"<p style=\"text-align: justify;\"><strong>LJUBLJANA (SANA)<\/strong> &#8211;\u00a0 Slovenya, \u0130srail&#8217;in Filistin topraklar\u0131n\u0131 i\u015fgalinin hukuki sonu\u00e7lar\u0131na ili\u015fkin Uluslararas\u0131 Adalet Divan\u0131&#8217;n\u0131n tavsiye niteli\u011findeki g\u00f6r\u00fc\u015f\u00fcn\u00fc memnuniyetle kar\u015f\u0131lad\u0131 ve i\u015fgalci varl\u0131\u011fa uluslararas\u0131 hukuka uyma \u00e7a\u011fr\u0131s\u0131nda bulundu.<\/p>\n<p style=\"text-align: justify;\">WAFA taraf\u0131ndan yap\u0131lan bir a\u00e7\u0131klamada, &#8221;Slovenya D\u0131\u015fi\u015fleri Bakanl\u0131\u011f\u0131, Birle\u015fmi\u015f Milletlere ve \u00fcye devletlere, Mahkeme taraf\u0131ndan belirlenen uluslararas\u0131 hukukun yorumunun tam olarak uygulanmas\u0131 i\u00e7in etkili ad\u0131mlar atmas\u0131 \u00e7a\u011fr\u0131s\u0131nda bulunarak, \u0130sti\u015fari g\u00f6r\u00fc\u015f\u00fcn Birle\u015fmi\u015f Milletler&#8217;in ana yarg\u0131 organ\u0131 taraf\u0131ndan verildi\u011fini, hukuki a\u011f\u0131rl\u0131\u011f\u0131 ve ahlaki yetkisi b\u00fcy\u00fck olan resmi bir yarg\u0131 karar\u0131 oldu\u011funa dikkat \u00e7ekti&#8221; dedi.<\/p>\n<p style=\"text-align: justify;\">D\u00fcn Uluslararas\u0131 Adalet Divan\u0131, isti\u015fari g\u00f6r\u00fc\u015f\u00fcnde, \u0130srail i\u015fgalinin Filistin topraklar\u0131ndaki varl\u0131\u011f\u0131n\u0131n yasa d\u0131\u015f\u0131 oldu\u011funu ve &#8220;\u0130srail&#8221;in i\u015fgali durdurmas\u0131 ve i\u015fgal alt\u0131ndaki Filistin topraklar\u0131ndaki yasa d\u0131\u015f\u0131 varl\u0131\u011f\u0131na bir an \u00f6nce son vermesi gerekti\u011fini do\u011frulam\u0131\u015ft\u0131.<\/p>\n<p style=\"text-align: center;\"><strong><a href=\"https:\/\/t.me\/SuriyeArapHaberAjansI\">Telegram Kanal\u0131m\u0131z\u00a0<\/a>||<a href=\"https:\/\/twitter.com\/arap_ajans\">X Platformumuz\u00a0<\/a>||<a href=\"https:\/\/www.facebook.com\/SANAHaberAjansi\/\">Facebook Sayfam\u0131z<\/a><\/strong><\/p>\n","protected":false},"excerpt":{"rendered":"<p>LJUBLJANA (SANA) &#8211;\u00a0 Slovenya, \u0130srail&#8217;in Filistin topraklar\u0131n\u0131 i\u015fgalinin hukuki sonu\u00e7lar\u0131na ili\u015fkin Uluslararas\u0131 Adalet Divan\u0131&#8217;n\u0131n tavsiye niteli\u011findeki g\u00f6r\u00fc\u015f\u00fcn\u00fc memnuniyetle kar\u015f\u0131lad\u0131 ve i\u015fgalci varl\u0131\u011fa uluslararas\u0131 hukuka uyma \u00e7a\u011fr\u0131s\u0131nda bulundu. WAFA taraf\u0131ndan yap\u0131lan bir a\u00e7\u0131klamada, &#8221;Slovenya D\u0131\u015fi\u015fleri Bakanl\u0131\u011f\u0131, Birle\u015fmi\u015f Milletlere ve \u00fcye devletlere, Mahkeme taraf\u0131ndan belirlenen uluslararas\u0131 hukukun yorumunun tam olarak uygulanmas\u0131 i\u00e7in etkili ad\u0131mlar atmas\u0131 \u00e7a\u011fr\u0131s\u0131nda bulunarak, &hellip;<\/p>\n","protected":false},"author":41,"featured_media":305307,"comment_status":"closed","ping_status":"closed","sticky":false,"template":"","format":"standard","meta":{"footnotes":""},"categories":[458,459,17988],"tags":[],"class_list":["post-305305","post","type-post","status-publish","format-standard","has-post-thumbnail","","category-dunya1","category-haberler-arap-uluslararasi-politika","category-son-haberler"],"_links":{"self":[{"href":"https:\/\/archive.sana.sy\/tr\/index.php?rest_route=\/wp\/v2\/posts\/305305","targetHints":{"allow":["GET"]}}],"collection":[{"href":"https:\/\/archive.sana.sy\/tr\/index.php?rest_route=\/wp\/v2\/posts"}],"about":[{"href":"https:\/\/archive.sana.sy\/tr\/index.php?rest_route=\/wp\/v2\/types\/post"}],"author":[{"embeddable":true,"href":"https:\/\/archive.sana.sy\/tr\/index.php?rest_route=\/wp\/v2\/users\/41"}],"replies":[{"embeddable":true,"href":"https:\/\/archive.sana.sy\/tr\/index.php?rest_route=%2Fwp%2Fv2%2Fcomments&post=305305"}],"version-history":[{"count":3,"href":"https:\/\/archive.sana.sy\/tr\/index.php?rest_route=\/wp\/v2\/posts\/305305\/revisions"}],"predecessor-version":[{"id":305311,"href":"https:\/\/archive.sana.sy\/tr\/index.php?rest_route=\/wp\/v2\/posts\/305305\/revisions\/305311"}],"wp:featuredmedia":[{"embeddable":true,"href":"https:\/\/archive.sana.sy\/tr\/index.php?rest_route=\/wp\/v2\/media\/305307"}],"wp:attachment":[{"href":"https:\/\/archive.sana.sy\/tr\/index.php?rest_route=%2Fwp%2Fv2%2Fmedia&parent=305305"}],"wp:term":[{"taxonomy":"category","embeddable":true,"href":"https:\/\/archive.sana.sy\/tr\/index.php?rest_route=%2Fwp%2Fv2%2Fcategories&post=305305"},{"taxonomy":"post_tag","embeddable":true,"href":"https:\/\/archive.sana.sy\/tr\/index.php?rest_route=%2Fwp%2Fv2%2Ftags&post=305305"}],"curies":[{"name":"wp","href":"https:\/\/api.w.org\/{rel}","templated":true}]}}