{"id":305320,"date":"2024-07-20T09:02:42","date_gmt":"2024-07-20T06:02:42","guid":{"rendered":"https:\/\/sana.sy\/tr\/?p=305320"},"modified":"2024-07-22T09:28:40","modified_gmt":"2024-07-22T06:28:40","slug":"zakharova-kuzey-norvecin-askerilestirilmesi-bolgenin-guvenligini-artirmayacaktir","status":"publish","type":"post","link":"https:\/\/archive.sana.sy\/tr\/?p=305320","title":{"rendered":"Zakharova: Kuzey Norve\u00e7&#8217;in Askerile\u015ftirilmesi B\u00f6lgenin G\u00fcvenli\u011fini Art\u0131rmayacakt\u0131r"},"content":{"rendered":"<p style=\"text-align: justify;\"><strong>MOSKOVA (SANA)<\/strong> &#8211;\u00a0 Rusya D\u0131\u015fi\u015fleri Bakanl\u0131\u011f\u0131 s\u00f6zc\u00fcs\u00fc Maria Zakharova, kuzey Norve\u00e7 b\u00f6lgesinin militarizasyonunun b\u00f6lgenin g\u00fcvenli\u011fini art\u0131rmayaca\u011f\u0131n\u0131, ancak gerginli\u011fin daha da artmas\u0131na yol a\u00e7aca\u011f\u0131n\u0131 do\u011frulad\u0131.<\/p>\n<p style=\"text-align: justify;\">Zakharova bug\u00fcn yapt\u0131\u011f\u0131 a\u00e7\u0131klamada \u015funlar\u0131 s\u00f6yledi: &#8220;Norve\u00e7&#8217;in, NATO&#8217;nun Arktik b\u00f6lgesindeki varl\u0131\u011f\u0131n\u0131 g\u00fc\u00e7lendirme \u00e7abalar\u0131n\u0131n bir par\u00e7as\u0131 olarak askeri yeteneklerini art\u0131rmas\u0131 ve kuvvetlerinin e\u011fitim ve askeri faaliyetlerini yo\u011funla\u015ft\u0131rmas\u0131 konusunda defalarca yorum yapt\u0131k.&#8221;<\/p>\n<p style=\"text-align: justify;\">Zaharova ayr\u0131ca, \u201cNATO, Norve\u00e7&#8217;in Rusya s\u0131n\u0131r\u0131na biti\u015fik kuzey b\u00f6lgelerinin ittifak \u00e7er\u00e7evesinde g\u00fc\u00e7lendirilip iyi silahland\u0131r\u0131ld\u0131\u011f\u0131n\u0131 duyururken, Oslo da b\u00f6lgesel istikrara olan ilgisini teyit ediyor\u201d \u00a0Kuzey Norve\u00e7&#8217;in militarizasyonunun g\u00fcvenli\u011fin artmas\u0131na yol a\u00e7mayaca\u011f\u0131na, tam tersi etki yarataca\u011f\u0131na ve gerilimin t\u0131rmanmas\u0131na yol a\u00e7aca\u011f\u0131na dikkat \u00e7ekti.<\/p>\n<p style=\"text-align: justify;\">Norve\u00e7 Savunma Bakan\u0131 Erik Kristoffersen ge\u00e7ti\u011fimiz g\u00fcnlerde NATO&#8217;nun Rusya ile olas\u0131 bir \u00e7at\u0131\u015fmaya kar\u015f\u0131 haz\u0131rl\u0131klar\u0131 h\u0131zland\u0131rmas\u0131 gerekti\u011fini s\u00f6ylemiti.<\/p>\n<p style=\"text-align: center;\"><strong><a href=\"https:\/\/t.me\/SuriyeArapHaberAjansI\">Telegram Kanal\u0131m\u0131z\u00a0<\/a>||<a href=\"https:\/\/twitter.com\/arap_ajans\">X Platformumuz\u00a0<\/a>||<a href=\"https:\/\/www.facebook.com\/SANAHaberAjansi\/\">Facebook Sayfam\u0131z<\/a><\/strong><\/p>\n","protected":false},"excerpt":{"rendered":"<p>MOSKOVA (SANA) &#8211;\u00a0 Rusya D\u0131\u015fi\u015fleri Bakanl\u0131\u011f\u0131 s\u00f6zc\u00fcs\u00fc Maria Zakharova, kuzey Norve\u00e7 b\u00f6lgesinin militarizasyonunun b\u00f6lgenin g\u00fcvenli\u011fini art\u0131rmayaca\u011f\u0131n\u0131, ancak gerginli\u011fin daha da artmas\u0131na yol a\u00e7aca\u011f\u0131n\u0131 do\u011frulad\u0131. Zakharova bug\u00fcn yapt\u0131\u011f\u0131 a\u00e7\u0131klamada \u015funlar\u0131 s\u00f6yledi: &#8220;Norve\u00e7&#8217;in, NATO&#8217;nun Arktik b\u00f6lgesindeki varl\u0131\u011f\u0131n\u0131 g\u00fc\u00e7lendirme \u00e7abalar\u0131n\u0131n bir par\u00e7as\u0131 olarak askeri yeteneklerini art\u0131rmas\u0131 ve kuvvetlerinin e\u011fitim ve askeri faaliyetlerini yo\u011funla\u015ft\u0131rmas\u0131 konusunda defalarca yorum yapt\u0131k.&#8221; Zaharova &hellip;<\/p>\n","protected":false},"author":41,"featured_media":305321,"comment_status":"closed","ping_status":"closed","sticky":false,"template":"","format":"standard","meta":{"footnotes":""},"categories":[458,459,17988],"tags":[41983],"class_list":["post-305320","post","type-post","status-publish","format-standard","has-post-thumbnail","","category-dunya1","category-haberler-arap-uluslararasi-politika","category-son-haberler","tag-zakharova-kuzey-norvecin-askerilestirilmesi-bolgenin-guvenligini-artirmayacaktir"],"_links":{"self":[{"href":"https:\/\/archive.sana.sy\/tr\/index.php?rest_route=\/wp\/v2\/posts\/305320","targetHints":{"allow":["GET"]}}],"collection":[{"href":"https:\/\/archive.sana.sy\/tr\/index.php?rest_route=\/wp\/v2\/posts"}],"about":[{"href":"https:\/\/archive.sana.sy\/tr\/index.php?rest_route=\/wp\/v2\/types\/post"}],"author":[{"embeddable":true,"href":"https:\/\/archive.sana.sy\/tr\/index.php?rest_route=\/wp\/v2\/users\/41"}],"replies":[{"embeddable":true,"href":"https:\/\/archive.sana.sy\/tr\/index.php?rest_route=%2Fwp%2Fv2%2Fcomments&post=305320"}],"version-history":[{"count":1,"href":"https:\/\/archive.sana.sy\/tr\/index.php?rest_route=\/wp\/v2\/posts\/305320\/revisions"}],"predecessor-version":[{"id":305322,"href":"https:\/\/archive.sana.sy\/tr\/index.php?rest_route=\/wp\/v2\/posts\/305320\/revisions\/305322"}],"wp:featuredmedia":[{"embeddable":true,"href":"https:\/\/archive.sana.sy\/tr\/index.php?rest_route=\/wp\/v2\/media\/305321"}],"wp:attachment":[{"href":"https:\/\/archive.sana.sy\/tr\/index.php?rest_route=%2Fwp%2Fv2%2Fmedia&parent=305320"}],"wp:term":[{"taxonomy":"category","embeddable":true,"href":"https:\/\/archive.sana.sy\/tr\/index.php?rest_route=%2Fwp%2Fv2%2Fcategories&post=305320"},{"taxonomy":"post_tag","embeddable":true,"href":"https:\/\/archive.sana.sy\/tr\/index.php?rest_route=%2Fwp%2Fv2%2Ftags&post=305320"}],"curies":[{"name":"wp","href":"https:\/\/api.w.org\/{rel}","templated":true}]}}