{"id":305326,"date":"2024-07-20T18:02:05","date_gmt":"2024-07-20T15:02:05","guid":{"rendered":"https:\/\/sana.sy\/tr\/?p=305326"},"modified":"2024-07-21T11:10:21","modified_gmt":"2024-07-21T08:10:21","slug":"suriye-israil-knessetinin-filistin-devletinin-kurulmasini-reddetme-kararini-kinadi","status":"publish","type":"post","link":"https:\/\/archive.sana.sy\/tr\/?p=305326","title":{"rendered":"Suriye, \u0130srail Knesset&#8217;inin Filistin Devletinin Kurulmas\u0131n\u0131 Reddetme Karar\u0131n\u0131 K\u0131nad\u0131"},"content":{"rendered":"<p style=\"text-align: justify;\"><strong>\u015eAM (SANA)<\/strong> &#8211; Suriye, \u0130srail Knesset&#8217;inin Filistin devletinin kurulmas\u0131n\u0131 reddetme karar\u0131n\u0131 k\u0131nayarak, bunun Siyonistlerin ger\u00e7ek niyetlerini temsil etti\u011fini ve Filistin halk\u0131n\u0131n haklar\u0131n\u0131n bariz bir ihlali oldu\u011funu ve Birle\u015fmi\u015f Milletler kararlar\u0131n\u0131 ve b\u00f6lgedeki g\u00fcvenlik ve istikrar\u0131 ciddi \u015fekilde baltalad\u0131\u011f\u0131n\u0131 vurgulad\u0131.<\/p>\n<p style=\"text-align: justify;\">Bug\u00fcn bir kopyas\u0131 SANA&#8217;ya ula\u015fan D\u0131\u015fi\u015fleri ve Gurbet\u00e7iler Bakanl\u0131\u011f\u0131&#8217;ndan yap\u0131lan a\u00e7\u0131klamada \u015fu ifadelere yer verildi:\u2019\u2019 Suriye Arap Cumhuriyeti, \u0130srail taraf\u0131nda Knesset&#8217;in Filistin devletinin kurulmas\u0131na kar\u015f\u0131 ald\u0131\u011f\u0131 karar\u0131 k\u0131n\u0131yor. Bu karar, Siyonistlerin ve h\u00fck\u00fcmetlerinin \u201cB\u00fcy\u00fck \u0130srail\u201di kurma y\u00f6n\u00fcndeki ger\u00e7ek niyetlerini somutla\u015ft\u0131r\u0131yor. Bu ayn\u0131 zamanda Filistin halk\u0131n\u0131n tarihi haklar\u0131n\u0131n yeni ve bariz bir ihlalidir ve ilgili t\u00fcm Birle\u015fmi\u015f Milletler kararlar\u0131n\u0131n ciddi \u015fekilde baltalanmas\u0131d\u0131r.\u2019\u2019<\/p>\n<p style=\"text-align: justify;\">Bakanl\u0131k a\u00e7\u0131klamas\u0131nda ayr\u0131ca, \u2018\u2019 Bu karar, Siyonist varl\u0131\u011f\u0131n Filistinlileri kendi topraklar\u0131nda ba\u015fkenti Kud\u00fcs olan ba\u011f\u0131ms\u0131z bir devlet kurma olana\u011f\u0131ndan mahrum b\u0131rakma politikas\u0131 ba\u011flam\u0131nda geliyor. B\u00f6lgede adil ve kapsaml\u0131 bar\u0131\u015f\u0131n sa\u011flanmas\u0131 ilkesine ayk\u0131r\u0131l\u0131k te\u015fkil eden bu durum, b\u00f6lgenin g\u00fcvenli\u011fi ve istikrar\u0131 a\u00e7\u0131s\u0131ndan da ciddi bir tehdit olu\u015fturmaktad\u0131r\u2019\u2019 ifadelerini kulland\u0131.<\/p>\n<p style=\"text-align: justify;\">\u2018\u2019 Suriye Arap Cumhuriyeti, Siyonist varl\u0131\u011f\u0131n Gazze&#8217;de ve Filistin topraklar\u0131n\u0131n geri kalan\u0131nda i\u015fledi\u011fi vah\u015fi su\u00e7lar\u0131n ve soyk\u0131r\u0131m niteli\u011findeki sava\u015f\u0131n, Siyonist yay\u0131lmac\u0131 projenin ger\u00e7ekle\u015ftirilmesinin bir ba\u015flang\u0131c\u0131 oldu\u011funu teyit ediyor\u2019\u2019 a\u00e7\u0131klamas\u0131nda diyen Bakanl\u0131k, \u2018\u2019 Suriye Arap Cumhuriyeti, bu utan\u00e7 verici kararlar\u0131 ve Amerika Birle\u015fik Devletleri ile baz\u0131 Bat\u0131l\u0131 \u00fclkelerin Siyonist olu\u015fuma verdi\u011fi deste\u011fi reddetti\u011fini vurguluyor\u2019\u2019 diye devam etti.<\/p>\n<p style=\"text-align: justify;\">Bakanl\u0131k a\u00e7\u0131klamas\u0131n\u0131 \u015f\u00f6yle tamamlad\u0131: \u2018\u2019 Filistin halk\u0131n\u0131n kendi ulusal topraklar\u0131nda ba\u011f\u0131ms\u0131z devlet kurma hakk\u0131n\u0131 teyit ediyor ve t\u00fcm d\u00fcnya \u00fclkelerine ve Birle\u015fmi\u015f Milletler&#8217;e \u0130srail&#8217;in yay\u0131lma, yerle\u015fim, y\u0131k\u0131m ve soyk\u0131r\u0131m politikalar\u0131na kar\u015f\u0131 kararl\u0131 bir duru\u015f sergileme \u00e7a\u011fr\u0131s\u0131nda bulunuyor. Ayn\u0131 zamanda Filistin halk\u0131n\u0131n kahramanca m\u00fccadelesine sars\u0131lmaz deste\u011fini teyit ediyor ve onlar\u0131n b\u00fcy\u00fck fedakarl\u0131klar\u0131n\u0131 takdir ediyor.\u2019\u2019<\/p>\n<p style=\"text-align: center;\"><strong><a href=\"https:\/\/t.me\/SuriyeArapHaberAjansI\">Telegram Kanal\u0131m\u0131z\u00a0<\/a>||<a href=\"https:\/\/twitter.com\/arap_ajans\">X Platformumuz\u00a0<\/a>||<a href=\"https:\/\/www.facebook.com\/SANAHaberAjansi\/\">Facebook Sayfam\u0131z<\/a><\/strong><\/p>\n","protected":false},"excerpt":{"rendered":"<p>\u015eAM (SANA) &#8211; Suriye, \u0130srail Knesset&#8217;inin Filistin devletinin kurulmas\u0131n\u0131 reddetme karar\u0131n\u0131 k\u0131nayarak, bunun Siyonistlerin ger\u00e7ek niyetlerini temsil etti\u011fini ve Filistin halk\u0131n\u0131n haklar\u0131n\u0131n bariz bir ihlali oldu\u011funu ve Birle\u015fmi\u015f Milletler kararlar\u0131n\u0131 ve b\u00f6lgedeki g\u00fcvenlik ve istikrar\u0131 ciddi \u015fekilde baltalad\u0131\u011f\u0131n\u0131 vurgulad\u0131. Bug\u00fcn bir kopyas\u0131 SANA&#8217;ya ula\u015fan D\u0131\u015fi\u015fleri ve Gurbet\u00e7iler Bakanl\u0131\u011f\u0131&#8217;ndan yap\u0131lan a\u00e7\u0131klamada \u015fu ifadelere yer verildi:\u2019\u2019 Suriye &hellip;<\/p>\n","protected":false},"author":41,"featured_media":305327,"comment_status":"closed","ping_status":"closed","sticky":false,"template":"","format":"standard","meta":{"footnotes":""},"categories":[479,17988,478],"tags":[41985,16591],"class_list":["post-305326","post","type-post","status-publish","format-standard","has-post-thumbnail","","category-haberler-yerel","category-son-haberler","category-yerel","tag-israil-knessetinin-filistin-devletinin-kurulmasini-reddetme-kararini-kinadi","tag-suriye"],"_links":{"self":[{"href":"https:\/\/archive.sana.sy\/tr\/index.php?rest_route=\/wp\/v2\/posts\/305326","targetHints":{"allow":["GET"]}}],"collection":[{"href":"https:\/\/archive.sana.sy\/tr\/index.php?rest_route=\/wp\/v2\/posts"}],"about":[{"href":"https:\/\/archive.sana.sy\/tr\/index.php?rest_route=\/wp\/v2\/types\/post"}],"author":[{"embeddable":true,"href":"https:\/\/archive.sana.sy\/tr\/index.php?rest_route=\/wp\/v2\/users\/41"}],"replies":[{"embeddable":true,"href":"https:\/\/archive.sana.sy\/tr\/index.php?rest_route=%2Fwp%2Fv2%2Fcomments&post=305326"}],"version-history":[{"count":1,"href":"https:\/\/archive.sana.sy\/tr\/index.php?rest_route=\/wp\/v2\/posts\/305326\/revisions"}],"predecessor-version":[{"id":305328,"href":"https:\/\/archive.sana.sy\/tr\/index.php?rest_route=\/wp\/v2\/posts\/305326\/revisions\/305328"}],"wp:featuredmedia":[{"embeddable":true,"href":"https:\/\/archive.sana.sy\/tr\/index.php?rest_route=\/wp\/v2\/media\/305327"}],"wp:attachment":[{"href":"https:\/\/archive.sana.sy\/tr\/index.php?rest_route=%2Fwp%2Fv2%2Fmedia&parent=305326"}],"wp:term":[{"taxonomy":"category","embeddable":true,"href":"https:\/\/archive.sana.sy\/tr\/index.php?rest_route=%2Fwp%2Fv2%2Fcategories&post=305326"},{"taxonomy":"post_tag","embeddable":true,"href":"https:\/\/archive.sana.sy\/tr\/index.php?rest_route=%2Fwp%2Fv2%2Ftags&post=305326"}],"curies":[{"name":"wp","href":"https:\/\/api.w.org\/{rel}","templated":true}]}}