{"id":305339,"date":"2024-07-21T11:56:22","date_gmt":"2024-07-21T08:56:22","guid":{"rendered":"https:\/\/sana.sy\/tr\/?p=305339"},"modified":"2024-07-22T16:51:50","modified_gmt":"2024-07-22T13:51:50","slug":"disisleri-ve-gurbetciler-bakanligi-dun-israil-isgal-varligi-kardes-yemene-yonelik-saldirganliklar-da-dahil-olmak-uzere-bolgedeki-bariz-saldirilarini-artirti-birkac-sivil-tesisi-hedef-alarak-bu-d","status":"publish","type":"post","link":"https:\/\/archive.sana.sy\/tr\/?p=305339","title":{"rendered":"Suriye, \u0130srail&#8217;in Yemen&#8217;e Y\u00f6nelik Sald\u0131rganl\u0131\u011f\u0131n\u0131 K\u0131nayarak, \u0130srail Sald\u0131rganl\u0131klar\u0131n\u0131n B\u00f6lgeye Y\u00f6nelik Tehlikeli Yans\u0131malar\u0131 Konusunda Uyard\u0131"},"content":{"rendered":"<p style=\"text-align: justify;\">\u015eAM (SANA) \u2013 Suriye, \u0130srail\u2019in Yemen\u2019e y\u00f6nelik g\u00fcnahkar sald\u0131rganl\u0131\u011f\u0131n\u0131 g\u00fc\u00e7l\u00fc bir \u015fekilde k\u0131nayarak, b\u00f6lgeyi, korkun\u00e7 sonu\u00e7lar do\u011furacak kapsaml\u0131 bir \u00e7at\u0131\u015fmaya s\u00fcr\u00fcklemeyi ama\u00e7layan \u0130srail sald\u0131r\u0131lar\u0131n\u0131n tehlikeli yans\u0131malar\u0131 konusunda uyard\u0131.<\/p>\n<p style=\"text-align: justify;\">D\u0131\u015fi\u015fleri ve Gurbet\u00e7iler Bakanl\u0131\u011f\u0131\u2019ndan yap\u0131lan a\u00e7\u0131klamada \u015fu ifadelere yer verildi: \u201c\u0130srail i\u015fgal varl\u0131\u011f\u0131 d\u00fcn b\u00f6lgedeki bariz sald\u0131rganl\u0131klar\u0131n\u0131 art\u0131rd\u0131. Bu sald\u0131rganl\u0131klar aras\u0131nda karde\u015f Yemen\u2019e y\u00f6nelik, \u00e7ok say\u0131da sivil tesisin hedef al\u0131nd\u0131\u011f\u0131, \u00e7ok say\u0131da \u015fehit ve onlarca yaralanmayla sonu\u00e7lanan sald\u0131rganl\u0131k da vard\u0131.\u201d<\/p>\n<p style=\"text-align: justify;\">Bakanl\u0131k, \u201dSuriye Arap Cumhuriyeti bu g\u00fcnahkar sald\u0131rganl\u0131\u011f\u0131 \u015fiddetle k\u0131narken, Yemen halk\u0131yla dayan\u0131\u015fmas\u0131n\u0131 ifade ediyor\u201d diyerek, \u201d\u0130srail\u2019in bu su\u00e7 eylemleri, Filistinlilere kar\u015f\u0131 dokuz ay s\u00fcren \u00f6ld\u00fcrme, y\u0131k\u0131m ve soyk\u0131r\u0131m sava\u015f\u0131n\u0131n ard\u0131ndan bu varl\u0131\u011f\u0131n ula\u015ft\u0131\u011f\u0131 iflas ve umutsuzluk durumunun kan\u0131t\u0131d\u0131r\u201d ifadelerini kulland\u0131.<\/p>\n<p style=\"text-align: justify;\">D\u0131\u015fi\u015fleri Bakanl\u0131\u011f\u0131 a\u00e7\u0131klamas\u0131nda ayr\u0131ca, &#8221;Suriye, Siyonist varl\u0131\u011f\u0131n, karde\u015f Yemen\u2019e y\u00f6nelik bu su\u00e7 uygulamalar\u0131n\u0131n, Filistin halk\u0131na yard\u0131m etmekten ve onlar\u0131n hakl\u0131 davas\u0131n\u0131 desteklemekten al\u0131koyaca\u011f\u0131na yan\u0131lt\u0131c\u0131 bir \u015fekilde inand\u0131\u011f\u0131n\u0131 vurguluyor&#8221; a\u00e7\u0131klamada bulunan bakanl\u0131k&#8221; dedi.<\/p>\n<p style=\"text-align: justify;\">&#8221;Suriye Arap Cumhuriyeti, \u201ct\u00fcm Orta Do\u011fu b\u00f6lgesini vahim sonu\u00e7lar do\u011furacak kapsaml\u0131 bir \u00e7at\u0131\u015fmaya s\u00fcr\u00fcklemeyi ama\u00e7layan t\u00fcm bu \u0130srail sald\u0131rganl\u0131klar\u0131n\u0131n tehlikeli yans\u0131malar\u0131na ili\u015fkin uyar\u0131s\u0131n\u0131 yineliyor\u201d a\u00e7\u0131klamada bulunan bakanl\u0131k, \u201d Bu gasp\u00e7\u0131 varl\u0131\u011f\u0131n liderlerinin ve onlar\u0131n destek\u00e7ilerinin pervas\u0131zl\u0131\u011f\u0131n\u0131 durdurmak i\u00e7in acil uluslararas\u0131 m\u00fcdahale \u00e7a\u011fr\u0131s\u0131nda bulunuyor\u201d ifadeleriyle a\u00e7\u0131klamas\u0131n\u0131 tamamlad\u0131.<\/p>\n<p style=\"text-align: center;\"><strong><a href=\"https:\/\/t.me\/SuriyeArapHaberAjansI\">Telegram Kanal\u0131m\u0131z\u00a0<\/a>||<a href=\"https:\/\/twitter.com\/arap_ajans\">X Platformumuz\u00a0<\/a>||<a href=\"https:\/\/www.facebook.com\/SANAHaberAjansi\/\">Facebook Sayfam\u0131z<\/a><\/strong><\/p>\n<p style=\"text-align: justify;\">\n","protected":false},"excerpt":{"rendered":"<p>\u015eAM (SANA) \u2013 Suriye, \u0130srail\u2019in Yemen\u2019e y\u00f6nelik g\u00fcnahkar sald\u0131rganl\u0131\u011f\u0131n\u0131 g\u00fc\u00e7l\u00fc bir \u015fekilde k\u0131nayarak, b\u00f6lgeyi, korkun\u00e7 sonu\u00e7lar do\u011furacak kapsaml\u0131 bir \u00e7at\u0131\u015fmaya s\u00fcr\u00fcklemeyi ama\u00e7layan \u0130srail sald\u0131r\u0131lar\u0131n\u0131n tehlikeli yans\u0131malar\u0131 konusunda uyard\u0131. D\u0131\u015fi\u015fleri ve Gurbet\u00e7iler Bakanl\u0131\u011f\u0131\u2019ndan yap\u0131lan a\u00e7\u0131klamada \u015fu ifadelere yer verildi: \u201c\u0130srail i\u015fgal varl\u0131\u011f\u0131 d\u00fcn b\u00f6lgedeki bariz sald\u0131rganl\u0131klar\u0131n\u0131 art\u0131rd\u0131. Bu sald\u0131rganl\u0131klar aras\u0131nda karde\u015f Yemen\u2019e y\u00f6nelik, \u00e7ok say\u0131da sivil &hellip;<\/p>\n","protected":false},"author":39,"featured_media":305344,"comment_status":"closed","ping_status":"closed","sticky":false,"template":"","format":"standard","meta":{"footnotes":""},"categories":[479,17988,478],"tags":[],"class_list":["post-305339","post","type-post","status-publish","format-standard","has-post-thumbnail","","category-haberler-yerel","category-son-haberler","category-yerel"],"_links":{"self":[{"href":"https:\/\/archive.sana.sy\/tr\/index.php?rest_route=\/wp\/v2\/posts\/305339","targetHints":{"allow":["GET"]}}],"collection":[{"href":"https:\/\/archive.sana.sy\/tr\/index.php?rest_route=\/wp\/v2\/posts"}],"about":[{"href":"https:\/\/archive.sana.sy\/tr\/index.php?rest_route=\/wp\/v2\/types\/post"}],"author":[{"embeddable":true,"href":"https:\/\/archive.sana.sy\/tr\/index.php?rest_route=\/wp\/v2\/users\/39"}],"replies":[{"embeddable":true,"href":"https:\/\/archive.sana.sy\/tr\/index.php?rest_route=%2Fwp%2Fv2%2Fcomments&post=305339"}],"version-history":[{"count":7,"href":"https:\/\/archive.sana.sy\/tr\/index.php?rest_route=\/wp\/v2\/posts\/305339\/revisions"}],"predecessor-version":[{"id":305376,"href":"https:\/\/archive.sana.sy\/tr\/index.php?rest_route=\/wp\/v2\/posts\/305339\/revisions\/305376"}],"wp:featuredmedia":[{"embeddable":true,"href":"https:\/\/archive.sana.sy\/tr\/index.php?rest_route=\/wp\/v2\/media\/305344"}],"wp:attachment":[{"href":"https:\/\/archive.sana.sy\/tr\/index.php?rest_route=%2Fwp%2Fv2%2Fmedia&parent=305339"}],"wp:term":[{"taxonomy":"category","embeddable":true,"href":"https:\/\/archive.sana.sy\/tr\/index.php?rest_route=%2Fwp%2Fv2%2Fcategories&post=305339"},{"taxonomy":"post_tag","embeddable":true,"href":"https:\/\/archive.sana.sy\/tr\/index.php?rest_route=%2Fwp%2Fv2%2Ftags&post=305339"}],"curies":[{"name":"wp","href":"https:\/\/api.w.org\/{rel}","templated":true}]}}