{"id":305346,"date":"2024-07-21T11:00:26","date_gmt":"2024-07-21T08:00:26","guid":{"rendered":"https:\/\/sana.sy\/tr\/?p=305346"},"modified":"2024-07-21T11:07:10","modified_gmt":"2024-07-21T08:07:10","slug":"disisleri-ve-gocmenler-bakanligi-israil-isgal-varligi-dun-bolgedeki-bariz-saldirganliklarini-artirdi-bu-saldirganliklar-arasinda-kardes-yemene-yonelik-cok-sayida-sivil-tesisin-hedef-alindigi-co","status":"publish","type":"post","link":"https:\/\/archive.sana.sy\/tr\/?p=305346","title":{"rendered":"D\u0131\u015fi\u015fleri ve G\u00f6\u00e7menler Bakanl\u0131\u011f\u0131:  \u0130srail i\u015fgal varl\u0131\u011f\u0131 d\u00fcn b\u00f6lgedeki bariz sald\u0131rganl\u0131klar\u0131n\u0131 art\u0131rd\u0131. Bu sald\u0131rganl\u0131klar aras\u0131nda karde\u015f Yemen&#8217;e y\u00f6nelik, \u00e7ok say\u0131da sivil tesisin hedef al\u0131nd\u0131\u011f\u0131, \u00e7ok say\u0131da \u015fehit ve onlarca yaralanmayla sonu\u00e7lanan sald\u0131rganl\u0131k da vard\u0131."},"content":{"rendered":"","protected":false},"excerpt":{"rendered":"","protected":false},"author":39,"featured_media":0,"comment_status":"closed","ping_status":"closed","sticky":false,"template":"","format":"standard","meta":{"footnotes":""},"categories":[1],"tags":[],"class_list":["post-305346","post","type-post","status-publish","format-standard","","category-news-not-sorted"],"_links":{"self":[{"href":"https:\/\/archive.sana.sy\/tr\/index.php?rest_route=\/wp\/v2\/posts\/305346","targetHints":{"allow":["GET"]}}],"collection":[{"href":"https:\/\/archive.sana.sy\/tr\/index.php?rest_route=\/wp\/v2\/posts"}],"about":[{"href":"https:\/\/archive.sana.sy\/tr\/index.php?rest_route=\/wp\/v2\/types\/post"}],"author":[{"embeddable":true,"href":"https:\/\/archive.sana.sy\/tr\/index.php?rest_route=\/wp\/v2\/users\/39"}],"replies":[{"embeddable":true,"href":"https:\/\/archive.sana.sy\/tr\/index.php?rest_route=%2Fwp%2Fv2%2Fcomments&post=305346"}],"version-history":[{"count":1,"href":"https:\/\/archive.sana.sy\/tr\/index.php?rest_route=\/wp\/v2\/posts\/305346\/revisions"}],"predecessor-version":[{"id":305347,"href":"https:\/\/archive.sana.sy\/tr\/index.php?rest_route=\/wp\/v2\/posts\/305346\/revisions\/305347"}],"wp:attachment":[{"href":"https:\/\/archive.sana.sy\/tr\/index.php?rest_route=%2Fwp%2Fv2%2Fmedia&parent=305346"}],"wp:term":[{"taxonomy":"category","embeddable":true,"href":"https:\/\/archive.sana.sy\/tr\/index.php?rest_route=%2Fwp%2Fv2%2Fcategories&post=305346"},{"taxonomy":"post_tag","embeddable":true,"href":"https:\/\/archive.sana.sy\/tr\/index.php?rest_route=%2Fwp%2Fv2%2Ftags&post=305346"}],"curies":[{"name":"wp","href":"https:\/\/api.w.org\/{rel}","templated":true}]}}