{"id":305348,"date":"2024-07-21T11:05:46","date_gmt":"2024-07-21T08:05:46","guid":{"rendered":"https:\/\/sana.sy\/tr\/?p=305348"},"modified":"2024-07-21T11:05:46","modified_gmt":"2024-07-21T08:05:46","slug":"bakanlik-suriye-arap-cumhuriyeti-bu-gunahkar-saldirganligi-siddetle-kinarken-yemen-halkiyla-dayanismasini-ifade-ediyor-diyerek-israilin-bu-suc-eylemleri-filistinlilere-karsi-dokuz-ay","status":"publish","type":"post","link":"https:\/\/archive.sana.sy\/tr\/?p=305348","title":{"rendered":"Bakanl\u0131k, &#8221;Suriye Arap Cumhuriyeti bu g\u00fcnahkar sald\u0131rganl\u0131\u011f\u0131 \u015fiddetle k\u0131narken, Yemen halk\u0131yla dayan\u0131\u015fmas\u0131n\u0131 ifade ediyor&#8221; diyerek, &#8221;\u0130srail&#8217;in bu su\u00e7 eylemleri, Filistinlilere kar\u015f\u0131 dokuz ay s\u00fcren \u00f6ld\u00fcrme, y\u0131k\u0131m ve soyk\u0131r\u0131m sava\u015f\u0131n\u0131n ard\u0131ndan bu varl\u0131\u011f\u0131n ula\u015ft\u0131\u011f\u0131 iflas ve umutsuzluk durumunun kan\u0131t\u0131d\u0131r&#8221; ifadelerini kulland\u0131."},"content":{"rendered":"","protected":false},"excerpt":{"rendered":"","protected":false},"author":39,"featured_media":0,"comment_status":"closed","ping_status":"closed","sticky":false,"template":"","format":"standard","meta":{"footnotes":""},"categories":[1],"tags":[],"class_list":["post-305348","post","type-post","status-publish","format-standard","","category-news-not-sorted"],"_links":{"self":[{"href":"https:\/\/archive.sana.sy\/tr\/index.php?rest_route=\/wp\/v2\/posts\/305348","targetHints":{"allow":["GET"]}}],"collection":[{"href":"https:\/\/archive.sana.sy\/tr\/index.php?rest_route=\/wp\/v2\/posts"}],"about":[{"href":"https:\/\/archive.sana.sy\/tr\/index.php?rest_route=\/wp\/v2\/types\/post"}],"author":[{"embeddable":true,"href":"https:\/\/archive.sana.sy\/tr\/index.php?rest_route=\/wp\/v2\/users\/39"}],"replies":[{"embeddable":true,"href":"https:\/\/archive.sana.sy\/tr\/index.php?rest_route=%2Fwp%2Fv2%2Fcomments&post=305348"}],"version-history":[{"count":1,"href":"https:\/\/archive.sana.sy\/tr\/index.php?rest_route=\/wp\/v2\/posts\/305348\/revisions"}],"predecessor-version":[{"id":305349,"href":"https:\/\/archive.sana.sy\/tr\/index.php?rest_route=\/wp\/v2\/posts\/305348\/revisions\/305349"}],"wp:attachment":[{"href":"https:\/\/archive.sana.sy\/tr\/index.php?rest_route=%2Fwp%2Fv2%2Fmedia&parent=305348"}],"wp:term":[{"taxonomy":"category","embeddable":true,"href":"https:\/\/archive.sana.sy\/tr\/index.php?rest_route=%2Fwp%2Fv2%2Fcategories&post=305348"},{"taxonomy":"post_tag","embeddable":true,"href":"https:\/\/archive.sana.sy\/tr\/index.php?rest_route=%2Fwp%2Fv2%2Ftags&post=305348"}],"curies":[{"name":"wp","href":"https:\/\/api.w.org\/{rel}","templated":true}]}}