{"id":305350,"date":"2024-07-21T11:10:09","date_gmt":"2024-07-21T08:10:09","guid":{"rendered":"https:\/\/sana.sy\/tr\/?p=305350"},"modified":"2024-07-21T11:32:18","modified_gmt":"2024-07-21T08:32:18","slug":"disisleri-ve-gurbeciler-bakanligi-suriye-siyonist-varligin-kardes-yemene-yonelik-bu-suc-uygulamalarinin-filistin-halkina-yardim-etmekten-ve-onlarin-hakli-davasini-desteklemekten-alikoyacagi","status":"publish","type":"post","link":"https:\/\/archive.sana.sy\/tr\/?p=305350","title":{"rendered":"D\u0131\u015fi\u015fleri ve Gurbe\u00e7iler Bakanl\u0131\u011f\u0131, &#8221;Suriye, Siyonist varl\u0131\u011f\u0131n, karde\u015f Yemen&#8217;e y\u00f6nelik bu su\u00e7 uygulamalar\u0131n\u0131n, Filistin halk\u0131na yard\u0131m etmekten  ve onlar\u0131n hakl\u0131 davas\u0131n\u0131 desteklemekten al\u0131koyaca\u011f\u0131na yan\u0131lt\u0131c\u0131 bir \u015fekilde inand\u0131\u011f\u0131n\u0131 do\u011fruluyor ve  t\u00fcm Orta Do\u011fu b\u00f6lgesini vahim sonu\u00e7lar do\u011furacak kapsaml\u0131 bir \u00e7at\u0131\u015fmaya s\u00fcr\u00fcklemeyi ama\u00e7layan t\u00fcm bu \u0130srail sald\u0131rganl\u0131klar\u0131n\u0131n tehlikeli yans\u0131malar\u0131na ili\u015fkin uyar\u0131s\u0131n\u0131 yineliyor&#8221; a\u00e7\u0131klamas\u0131nda bulunurken, &#8221; Bu gasp\u00e7\u0131 varl\u0131\u011f\u0131n liderlerinin ve onlar\u0131n destek\u00e7ilerinin pervas\u0131zl\u0131\u011f\u0131n\u0131 durdurmak i\u00e7in acil uluslararas\u0131 m\u00fcdahale \u00e7a\u011fr\u0131s\u0131nda bulunuyor&#8221; diye devam etti."},"content":{"rendered":"","protected":false},"excerpt":{"rendered":"","protected":false},"author":39,"featured_media":0,"comment_status":"closed","ping_status":"closed","sticky":false,"template":"","format":"standard","meta":{"footnotes":""},"categories":[1],"tags":[],"class_list":["post-305350","post","type-post","status-publish","format-standard","","category-news-not-sorted"],"_links":{"self":[{"href":"https:\/\/archive.sana.sy\/tr\/index.php?rest_route=\/wp\/v2\/posts\/305350","targetHints":{"allow":["GET"]}}],"collection":[{"href":"https:\/\/archive.sana.sy\/tr\/index.php?rest_route=\/wp\/v2\/posts"}],"about":[{"href":"https:\/\/archive.sana.sy\/tr\/index.php?rest_route=\/wp\/v2\/types\/post"}],"author":[{"embeddable":true,"href":"https:\/\/archive.sana.sy\/tr\/index.php?rest_route=\/wp\/v2\/users\/39"}],"replies":[{"embeddable":true,"href":"https:\/\/archive.sana.sy\/tr\/index.php?rest_route=%2Fwp%2Fv2%2Fcomments&post=305350"}],"version-history":[{"count":1,"href":"https:\/\/archive.sana.sy\/tr\/index.php?rest_route=\/wp\/v2\/posts\/305350\/revisions"}],"predecessor-version":[{"id":305351,"href":"https:\/\/archive.sana.sy\/tr\/index.php?rest_route=\/wp\/v2\/posts\/305350\/revisions\/305351"}],"wp:attachment":[{"href":"https:\/\/archive.sana.sy\/tr\/index.php?rest_route=%2Fwp%2Fv2%2Fmedia&parent=305350"}],"wp:term":[{"taxonomy":"category","embeddable":true,"href":"https:\/\/archive.sana.sy\/tr\/index.php?rest_route=%2Fwp%2Fv2%2Fcategories&post=305350"},{"taxonomy":"post_tag","embeddable":true,"href":"https:\/\/archive.sana.sy\/tr\/index.php?rest_route=%2Fwp%2Fv2%2Ftags&post=305350"}],"curies":[{"name":"wp","href":"https:\/\/api.w.org\/{rel}","templated":true}]}}