{"id":305354,"date":"2024-07-21T11:28:15","date_gmt":"2024-07-21T08:28:15","guid":{"rendered":"https:\/\/sana.sy\/tr\/?p=305354"},"modified":"2024-07-22T16:52:44","modified_gmt":"2024-07-22T13:52:44","slug":"baskanlar-esad-ve-putin-suriye-ile-rusya-federasyonu-arasinda-diplomatik-iliskilerin-kurulmasinin-80-yildonumu-munasebetiyle-tebriklerini-paylasti","status":"publish","type":"post","link":"https:\/\/archive.sana.sy\/tr\/?p=305354","title":{"rendered":"Ba\u015fkanlar Esad Ve Putin, Suriye \u0130le Rusya Federasyonu Aras\u0131nda Diplomatik \u0130li\u015fkilerin Kurulmas\u0131n\u0131n 80. Y\u0131ld\u00f6n\u00fcm\u00fc M\u00fcnasebetiyle Tebriklerini Payla\u015ft\u0131"},"content":{"rendered":"<p style=\"text-align: justify;\"><strong>\u015eAM (SANA)<\/strong> &#8211; Cumhurba\u015fkan\u0131 Be\u015f\u015far Esad ve Rusya Devlet Ba\u015fkan\u0131 Vladimir Putin, Suriye ile Rusya Federasyonu aras\u0131nda diplomatik ili\u015fkilerin kurulmas\u0131n\u0131n sekseninci y\u0131ld\u00f6n\u00fcm\u00fc m\u00fcnasebetiyle kar\u015f\u0131l\u0131kl\u0131 tebrik telgraflar\u0131 payla\u015ft\u0131.<\/p>\n<p style=\"text-align: justify;\">Cumhurba\u015fkan\u0131 Esad, iki \u00fclkenin seksen y\u0131ld\u0131r kar\u015f\u0131l\u0131kl\u0131 destek verdiklerini, her t\u00fcrl\u00fc bask\u0131ya ve iradelerini boyunduruk alt\u0131na alma ve k\u0131rma giri\u015fimlerine ra\u011fmen ilkelere ve onurlara ba\u011fl\u0131 kald\u0131klar\u0131n\u0131, Rusya&#8217;n\u0131n bu kararl\u0131l\u0131\u011f\u0131n\u0131n art\u0131k \u00e7ok kutuplu bir d\u00fcnya kurdu\u011funu vurgulayarak, kar\u015f\u0131la\u015ft\u0131\u011f\u0131m\u0131z hegemonyan\u0131n ve ya\u015fad\u0131\u011f\u0131m\u0131z sava\u015f\u0131n tavizler i\u00e7in yer olmad\u0131\u011f\u0131n\u0131 ve son kelimenin inziva ve yenilgiye sahip de\u011fil, kararl\u0131l\u0131k oldu\u011funun alt\u0131n\u0131 \u00e7izdi.<\/p>\n<p style=\"text-align: justify;\">Cumhurba\u015fkan\u0131 ayr\u0131ca, kendisi ve Suriye halk\u0131 ad\u0131na, onlarca y\u0131ld\u0131r Suriye halk\u0131yla g\u00fc\u00e7l\u00fc ba\u011flar in\u015fa eden, kar\u015f\u0131l\u0131kl\u0131 g\u00fcven ve anlay\u0131\u015f kuran, iki toplum aras\u0131nda kayna\u015fmay\u0131 sa\u011flayan dost Rusya halk\u0131n\u0131 en i\u00e7ten tebriklerini dile getirdi.<\/p>\n<p style=\"text-align: justify;\">&#8221;Rusya&#8217;n\u0131n politikalar\u0131 ve pozisyonlar\u0131, onun iyilik ve bar\u0131\u015f\u0131 arayan, ilkelere, de\u011ferlere ve devletlerin egemenli\u011fine sayg\u0131ya dayanan bir g\u00fc\u00e7 olarak konumunu teyit etmi\u015ftir&#8221; diyen Say\u0131n Cumhurba\u015fkan\u0131 Esad, Rusya Federasyonu ve dost halk\u0131na daha da y\u00fckselmesini, ilerlemesini ve zaferler kazanmas\u0131n\u0131, tarihi Suriye-Rusya ili\u015fkilerinin b\u00fcy\u00fcmesini ve kal\u0131c\u0131 refah\u0131n\u0131 s\u00fcrd\u00fcrmesini diledi.<\/p>\n<p style=\"text-align: justify;\">Ba\u015fkan Putin ise Rusya&#8217;n\u0131n Suriye&#8217;nin egemenli\u011fini, birli\u011fini ve toprak b\u00fct\u00fcnl\u00fc\u011f\u00fcn\u00fc savunma ve ulusal g\u00fcvenlik ve istikrar\u0131n\u0131 sa\u011flama aray\u0131\u015f\u0131nda ona kararl\u0131 deste\u011fini s\u00fcrd\u00fcrmeye kararl\u0131 oldu\u011funu vurgularken, Rusya-Suriye ili\u015fkilerinin tamam\u0131n\u0131n s\u00fcrekli geli\u015fiminin iki \u00fclke halklar\u0131n\u0131n \u00e7\u0131karlar\u0131yla tamamen tutarl\u0131 oldu\u011funu ve b\u00f6lgesel ve uluslararas\u0131 d\u00fczeyde bar\u0131\u015f ve istikrar\u0131n desteklenmesi yakla\u015f\u0131m\u0131yla uyumlu oldu\u011funu kaydetti.<\/p>\n<p style=\"text-align: justify;\">Ba\u015fkan Putin telegraf\u0131nda da, bu vesileyle Suriye liderli\u011fini ve halk\u0131n\u0131 tebrik ederek, Suriye halk\u0131na refah ve esenlik dileyerek, &#8221;Ge\u00e7ti\u011fimiz on y\u0131llar boyunca Moskova ve \u015eam, bir\u00e7ok farkl\u0131 alanda ikili i\u015fbirli\u011fi konusunda zengin deneyim kazand\u0131. Ortak \u00e7abalar sayesinde, Suriye topraklar\u0131ndaki uluslararas\u0131 ter\u00f6r g\u00fc\u00e7leriyle m\u00fccadelede dikkate de\u011fer ba\u015far\u0131lar elde edildi&#8221; ifadelerini s\u00f6zlerine ekledi.<\/p>\n<p style=\"text-align: center;\"><strong><a href=\"https:\/\/t.me\/SuriyeArapHaberAjansI\">Telegram Kanal\u0131m\u0131z\u00a0<\/a><span style=\"color: #ff0000;\">||<\/span><a href=\"https:\/\/twitter.com\/arap_ajans\">X Platformumuz\u00a0<\/a><span style=\"color: #ff0000;\">||<\/span><a href=\"https:\/\/www.facebook.com\/SANAHaberAjansi\/\">Facebook Sayfam\u0131z<\/a><\/strong><\/p>\n","protected":false},"excerpt":{"rendered":"<p>\u015eAM (SANA) &#8211; Cumhurba\u015fkan\u0131 Be\u015f\u015far Esad ve Rusya Devlet Ba\u015fkan\u0131 Vladimir Putin, Suriye ile Rusya Federasyonu aras\u0131nda diplomatik ili\u015fkilerin kurulmas\u0131n\u0131n sekseninci y\u0131ld\u00f6n\u00fcm\u00fc m\u00fcnasebetiyle kar\u015f\u0131l\u0131kl\u0131 tebrik telgraflar\u0131 payla\u015ft\u0131. Cumhurba\u015fkan\u0131 Esad, iki \u00fclkenin seksen y\u0131ld\u0131r kar\u015f\u0131l\u0131kl\u0131 destek verdiklerini, her t\u00fcrl\u00fc bask\u0131ya ve iradelerini boyunduruk alt\u0131na alma ve k\u0131rma giri\u015fimlerine ra\u011fmen ilkelere ve onurlara ba\u011fl\u0131 kald\u0131klar\u0131n\u0131, Rusya&#8217;n\u0131n bu &hellip;<\/p>\n","protected":false},"author":41,"featured_media":305355,"comment_status":"closed","ping_status":"closed","sticky":false,"template":"","format":"standard","meta":{"footnotes":""},"categories":[606,605,17988],"tags":[],"class_list":["post-305354","post","type-post","status-publish","format-standard","has-post-thumbnail","","category-cumhurbaskani","category-sayin-cumhurbaskani","category-son-haberler"],"_links":{"self":[{"href":"https:\/\/archive.sana.sy\/tr\/index.php?rest_route=\/wp\/v2\/posts\/305354","targetHints":{"allow":["GET"]}}],"collection":[{"href":"https:\/\/archive.sana.sy\/tr\/index.php?rest_route=\/wp\/v2\/posts"}],"about":[{"href":"https:\/\/archive.sana.sy\/tr\/index.php?rest_route=\/wp\/v2\/types\/post"}],"author":[{"embeddable":true,"href":"https:\/\/archive.sana.sy\/tr\/index.php?rest_route=\/wp\/v2\/users\/41"}],"replies":[{"embeddable":true,"href":"https:\/\/archive.sana.sy\/tr\/index.php?rest_route=%2Fwp%2Fv2%2Fcomments&post=305354"}],"version-history":[{"count":2,"href":"https:\/\/archive.sana.sy\/tr\/index.php?rest_route=\/wp\/v2\/posts\/305354\/revisions"}],"predecessor-version":[{"id":305374,"href":"https:\/\/archive.sana.sy\/tr\/index.php?rest_route=\/wp\/v2\/posts\/305354\/revisions\/305374"}],"wp:featuredmedia":[{"embeddable":true,"href":"https:\/\/archive.sana.sy\/tr\/index.php?rest_route=\/wp\/v2\/media\/305355"}],"wp:attachment":[{"href":"https:\/\/archive.sana.sy\/tr\/index.php?rest_route=%2Fwp%2Fv2%2Fmedia&parent=305354"}],"wp:term":[{"taxonomy":"category","embeddable":true,"href":"https:\/\/archive.sana.sy\/tr\/index.php?rest_route=%2Fwp%2Fv2%2Fcategories&post=305354"},{"taxonomy":"post_tag","embeddable":true,"href":"https:\/\/archive.sana.sy\/tr\/index.php?rest_route=%2Fwp%2Fv2%2Ftags&post=305354"}],"curies":[{"name":"wp","href":"https:\/\/api.w.org\/{rel}","templated":true}]}}