{"id":305358,"date":"2024-07-21T12:24:46","date_gmt":"2024-07-21T09:24:46","guid":{"rendered":"https:\/\/sana.sy\/tr\/?p=305358"},"modified":"2024-07-22T16:52:15","modified_gmt":"2024-07-22T13:52:15","slug":"cumhurbaskani-esad-engelli-kisilerin-haklarini-ve-onlara-karsi-yukumluluklerini-guvence-altina-alan-bir-kararname-yayinladi","status":"publish","type":"post","link":"https:\/\/archive.sana.sy\/tr\/?p=305358","title":{"rendered":"Cumhurba\u015fkan\u0131 Esad, Engelli Ki\u015filerin Haklar\u0131n\u0131 Ve Onlara Kar\u015f\u0131 Y\u00fck\u00fcml\u00fcl\u00fcklerini G\u00fcvence Alt\u0131na Alan Bir Kararname Yay\u0131nlad\u0131"},"content":{"rendered":"<p style=\"text-align: justify;\"><strong>\u015eAM (SANA)<\/strong> &#8211; Cumhurba\u015fkan\u0131 Be\u015f\u015far Esad, engelli ki\u015filerin haklar\u0131na ve kamu ve \u00f6zel kurulu\u015flar\u0131n onlara kar\u015f\u0131 y\u00fck\u00fcml\u00fcl\u00fcklerine ili\u015fkin 2024 tarih ve (19) say\u0131l\u0131 Kanun H\u00fckm\u00fcnde Kararname&#8217;yi yay\u0131nlad\u0131.<\/p>\n<p style=\"text-align: justify;\">Kararname, engelli ki\u015fileri korumay\u0131, topluma kapsaml\u0131 entegrasyonlar\u0131n\u0131 sa\u011flamay\u0131 ama\u00e7lamakta ve \u00e7e\u015fitli kurumlar\u0131n bu ki\u015filerin e\u011fitim ve sa\u011fl\u0131k ihtiya\u00e7lar\u0131n\u0131n kar\u015f\u0131lanmas\u0131, mesleki rehabilitasyon, i\u015f olanaklar\u0131 ve sosyal korumadaki rol\u00fcn\u00fc tan\u0131mlamaktad\u0131r.<\/p>\n<p style=\"text-align: justify;\">Kararnamede ayr\u0131ca bu ki\u015filerin uygun altyap\u0131n\u0131n sa\u011flanmas\u0131, t\u00fcm elektronik hizmetlere, spor, k\u00fclt\u00fcr ve e\u011flence faaliyetlerine eri\u015fimlerinin sa\u011flanmas\u0131, siyasi ve kamusal hayata kat\u0131lmalar\u0131, bir tak\u0131m muafiyet, har\u00e7 ve vergilerden yararlanmalar\u0131 da ama\u00e7lanmaktad\u0131r<\/p>\n<p style=\"text-align: justify;\">Yay\u0131nlanan Kararname, medyan\u0131n engellilik kavram\u0131yla ilgili toplum bilincini yaymadaki rol\u00fcn\u00fc a\u00e7\u0131kl\u0131\u011fa kavu\u015fturmakta ve engelli bir ki\u015finin stat\u00fcs\u00fcn\u00fc ve yeteneklerini azaltan bir eylemde bulunan herkes i\u00e7in yasal cezalar\u0131 da \u00a0belirlemektedir.<\/p>\n<p style=\"text-align: center;\"><strong><a href=\"https:\/\/t.me\/SuriyeArapHaberAjansI\">Telegram Kanal\u0131m\u0131z\u00a0<\/a><span style=\"color: #ff0000;\">||<\/span><a href=\"https:\/\/twitter.com\/arap_ajans\">X Platformumuz\u00a0<\/a><span style=\"color: #ff0000;\">||<\/span><a href=\"https:\/\/www.facebook.com\/SANAHaberAjansi\/\">Facebook Sayfam\u0131z<\/a><\/strong><\/p>\n","protected":false},"excerpt":{"rendered":"<p>\u015eAM (SANA) &#8211; Cumhurba\u015fkan\u0131 Be\u015f\u015far Esad, engelli ki\u015filerin haklar\u0131na ve kamu ve \u00f6zel kurulu\u015flar\u0131n onlara kar\u015f\u0131 y\u00fck\u00fcml\u00fcl\u00fcklerine ili\u015fkin 2024 tarih ve (19) say\u0131l\u0131 Kanun H\u00fckm\u00fcnde Kararname&#8217;yi yay\u0131nlad\u0131. Kararname, engelli ki\u015fileri korumay\u0131, topluma kapsaml\u0131 entegrasyonlar\u0131n\u0131 sa\u011flamay\u0131 ama\u00e7lamakta ve \u00e7e\u015fitli kurumlar\u0131n bu ki\u015filerin e\u011fitim ve sa\u011fl\u0131k ihtiya\u00e7lar\u0131n\u0131n kar\u015f\u0131lanmas\u0131, mesleki rehabilitasyon, i\u015f olanaklar\u0131 ve sosyal korumadaki rol\u00fcn\u00fc tan\u0131mlamaktad\u0131r. &hellip;<\/p>\n","protected":false},"author":39,"featured_media":305359,"comment_status":"closed","ping_status":"closed","sticky":false,"template":"","format":"standard","meta":{"footnotes":""},"categories":[479,605,17988,612,478],"tags":[],"class_list":["post-305358","post","type-post","status-publish","format-standard","has-post-thumbnail","","category-haberler-yerel","category-sayin-cumhurbaskani","category-son-haberler","category-yasama-kararnameler","category-yerel"],"_links":{"self":[{"href":"https:\/\/archive.sana.sy\/tr\/index.php?rest_route=\/wp\/v2\/posts\/305358","targetHints":{"allow":["GET"]}}],"collection":[{"href":"https:\/\/archive.sana.sy\/tr\/index.php?rest_route=\/wp\/v2\/posts"}],"about":[{"href":"https:\/\/archive.sana.sy\/tr\/index.php?rest_route=\/wp\/v2\/types\/post"}],"author":[{"embeddable":true,"href":"https:\/\/archive.sana.sy\/tr\/index.php?rest_route=\/wp\/v2\/users\/39"}],"replies":[{"embeddable":true,"href":"https:\/\/archive.sana.sy\/tr\/index.php?rest_route=%2Fwp%2Fv2%2Fcomments&post=305358"}],"version-history":[{"count":2,"href":"https:\/\/archive.sana.sy\/tr\/index.php?rest_route=\/wp\/v2\/posts\/305358\/revisions"}],"predecessor-version":[{"id":305373,"href":"https:\/\/archive.sana.sy\/tr\/index.php?rest_route=\/wp\/v2\/posts\/305358\/revisions\/305373"}],"wp:featuredmedia":[{"embeddable":true,"href":"https:\/\/archive.sana.sy\/tr\/index.php?rest_route=\/wp\/v2\/media\/305359"}],"wp:attachment":[{"href":"https:\/\/archive.sana.sy\/tr\/index.php?rest_route=%2Fwp%2Fv2%2Fmedia&parent=305358"}],"wp:term":[{"taxonomy":"category","embeddable":true,"href":"https:\/\/archive.sana.sy\/tr\/index.php?rest_route=%2Fwp%2Fv2%2Fcategories&post=305358"},{"taxonomy":"post_tag","embeddable":true,"href":"https:\/\/archive.sana.sy\/tr\/index.php?rest_route=%2Fwp%2Fv2%2Ftags&post=305358"}],"curies":[{"name":"wp","href":"https:\/\/api.w.org\/{rel}","templated":true}]}}